{"id":9376,"date":"2023-12-02T00:12:47","date_gmt":"2023-12-02T03:12:47","guid":{"rendered":"https:\/\/noticiasribeiraopreto.com.br\/index.php\/2023\/12\/02\/o-que-e-direito-de-preferencia-de-compra-de-imovel\/"},"modified":"2023-12-02T00:12:47","modified_gmt":"2023-12-02T03:12:47","slug":"o-que-e-direito-de-preferencia-de-compra-de-imovel","status":"publish","type":"post","link":"https:\/\/noticiasribeiraopreto.com.br\/index.php\/2023\/12\/02\/o-que-e-direito-de-preferencia-de-compra-de-imovel\/","title":{"rendered":"O que \u00e9 direito de prefer\u00eancia de compra de im\u00f3vel?"},"content":{"rendered":"<div class='code-block code-block-1' style='margin: 8px 0 8px auto; text-align: right; display: block; clear: both;'>\n<p><a href=\"https:\/\/wa.link\/vpicfd\"><img data-recalc-dims=\"1\" class=\"wp-image-4922\" style=\"aspect-ratio: 2.0253164556962027; width: 561px; height: auto;\" src=\"https:\/\/i0.wp.com\/ismaelcolosi.com.br\/wp-content\/uploads\/2023\/11\/grupo-de-empregos-whatsapp-e-facebook-ismael-colosi-vagas.jpg?ssl=1\" alt=\"\" \/><\/a><\/p>\n<!-- \/wp:image -->\n<\/div>\n<p> <br \/>\n<\/p>\n<div>\n<p>O direito de prefer\u00eancia de compra \u00e9 um termo jur\u00eddico relacionado a compra e venda de im\u00f3veis alugados. Nesses casos, por lei, o dono do im\u00f3vel deve oferecer esse bem primeiramente ao inquilino, para depois oferecer a terceiros.<\/p>\n<p>Entender como funciona o direito de prefer\u00eancia \u00e9 importante para locador e locat\u00e1rio que possuem direitos e deveres que devem ser cumpridos para n\u00e3o gerar multas e processos judiciais. Se deseja saber mais sobre o assunto, continue a leitura abaixo.<\/p>\n<h2 class=\"wp-block-heading\"><span id=\"O_que_e_o_direito_de_preferencia_de_compra\">O que \u00e9 o direito de prefer\u00eancia de compra?<\/span><\/h2>\n<p>Se voc\u00ea aluga uma casa ou apartamento e deseja adquiri-lo, o direito de prefer\u00eancia de compra garante a prioridade caso a propriedade seja colocada \u00e0 venda.<\/p>\n<p>Por lei, o dono do im\u00f3vel deve notificar o locat\u00e1rio sobre a venda, e o inquilino tem at\u00e9 30 dias, ap\u00f3s receber a notifica\u00e7\u00e3o, para informar a inten\u00e7\u00e3o de compra desse bem, assim como levantar os documentos necess\u00e1rios.<\/p>\n<p>Expirado esse prazo, o dono do im\u00f3vel pode oferecer a propriedade para terceiros. Al\u00e9m disso, se o inquilino aceitar a proposta de compra e desistir posteriormente da aquisi\u00e7\u00e3o, ele pode ser penalizado a pagar poss\u00edveis preju\u00edzos e lucros cessantes.<\/p>\n<h2 class=\"wp-block-heading\"><span id=\"Como_funciona\">Como funciona?<\/span><\/h2>\n<p>O direito de compra \u00e9 regulado pela <a href=\"https:\/\/www.planalto.gov.br\/ccivil_03\/leis\/l8245.htm\" target=\"_blank\" rel=\"noreferrer noopener\">Lei do Inquilinato, n.\u00ba 8.245\/1991,<\/a> que estipula as rela\u00e7\u00f5es de loca\u00e7\u00f5es de im\u00f3veis urbanos. Esta lei estabelece que em caso de venda do im\u00f3vel, o locat\u00e1rio tem a prefer\u00eancia de adquiri-lo em igualdade de condi\u00e7\u00f5es com terceiros.<\/p>\n<p>Ou seja, o dono do im\u00f3vel n\u00e3o pode oferecer um valor maior ao locat\u00e1rio para que este desista da compra, assim como n\u00e3o precisa oferecer um valor menor.<\/p>\n<p>Al\u00e9m disso, o dono do im\u00f3vel deve, obrigatoriamente, informar a venda do im\u00f3vel ao locat\u00e1rio. Podendo ser por meio de notifica\u00e7\u00e3o judicial ou extrajudicial, de modo que n\u00e3o fique d\u00favida quanto a opera\u00e7\u00e3o. Neste documento <strong>deve constar o valor do im\u00f3vel, formas de pagamento, local e hor\u00e1rio para an\u00e1lise de documentos para a compra.<\/strong><\/p>\n<p>\u00c9 importante saber que existem alguns casos em que o direito de prefer\u00eancia n\u00e3o tem valia, ou seja, se voc\u00ea alugou um im\u00f3vel, em situa\u00e7\u00f5es espec\u00edficas voc\u00ea ter\u00e1 que sair do im\u00f3vel. Isso pode acontecer por conta da perda da propriedade, incorpora\u00e7\u00e3o, venda por decis\u00e3o judicial, leil\u00e3o judicial, garantias como <a href=\"https:\/\/www.cashme.com.br\/blog\/alienacao-fiduciaria-e-home-equity-como-funciona\/\" target=\"_blank\" rel=\"noreferrer noopener\">aliena\u00e7\u00e3o fiduci\u00e1ria<\/a> e mais.<\/p>\n<div class=\"img has-hover x md-x lg-x y md-y lg-y\" id=\"image_1036112881\">\n\t\t<a class=\"\" href=\"https:\/\/www.cashme.com.br\/emprestimo-com-garantia-de-imovel\/\" target=\"_blank\" rel=\"noopener noreferrer\">\t\t\t\t\t\t<\/p>\n<div class=\"img-inner dark\">\n\t\t\t<img data-recalc-dims=\"1\" loading=\"lazy\" decoding=\"async\" width=\"830\" height=\"145\" class=\"attachment-original size-original\" alt=\"Banner Central Emprestimo com Garantia de imovel - Ago 2022\" srcset=\"https:\/\/www.cashme.com.br\/blog\/wp-content\/uploads\/2022\/08\/Banner-central-emprestimo-com-garantia-de-imovel-ago22.png 830w, https:\/\/www.cashme.com.br\/blog\/wp-content\/uploads\/2022\/08\/Banner-central-emprestimo-com-garantia-de-imovel-ago22-300x52.png 300w, https:\/\/www.cashme.com.br\/blog\/wp-content\/uploads\/2022\/08\/Banner-central-emprestimo-com-garantia-de-imovel-ago22-768x134.png 768w\" data-lazy-sizes=\"(max-width: 830px) 100vw, 830px\" src=\"https:\/\/i0.wp.com\/www.cashme.com.br\/blog\/wp-content\/uploads\/2022\/08\/Banner-central-emprestimo-com-garantia-de-imovel-ago22.png?resize=830%2C145&#038;ssl=1\"\/><noscript><img data-recalc-dims=\"1\" loading=\"lazy\" decoding=\"async\" width=\"830\" height=\"145\" src=\"https:\/\/i0.wp.com\/www.cashme.com.br\/blog\/wp-content\/uploads\/2022\/08\/Banner-central-emprestimo-com-garantia-de-imovel-ago22.png?resize=830%2C145&#038;ssl=1\" class=\"attachment-original size-original\" alt=\"Banner Central Emprestimo com Garantia de imovel - Ago 2022\" srcset=\"https:\/\/www.cashme.com.br\/blog\/wp-content\/uploads\/2022\/08\/Banner-central-emprestimo-com-garantia-de-imovel-ago22.png 830w, https:\/\/www.cashme.com.br\/blog\/wp-content\/uploads\/2022\/08\/Banner-central-emprestimo-com-garantia-de-imovel-ago22-300x52.png 300w, https:\/\/www.cashme.com.br\/blog\/wp-content\/uploads\/2022\/08\/Banner-central-emprestimo-com-garantia-de-imovel-ago22-768x134.png 768w\" sizes=\"auto, (max-width: 830px) 100vw, 830px\"\/><\/noscript>\n\t\t\t\t\t<\/div>\n<p>\t\t\t\t\t\t<\/a>\t\t<\/p><\/div>\n<h2 class=\"wp-block-heading\"><span id=\"Existe_o_direito_de_vigencia_de_locacao\">Existe o direito de vig\u00eancia de loca\u00e7\u00e3o?<\/span><\/h2>\n<p>Se o im\u00f3vel for vendido a um terceiro, por lei, o inquilino pode permanecer no im\u00f3vel at\u00e9 o fim do prazo estipulado no contrato de loca\u00e7\u00e3o. As datas devem constar no contrato de aluguel<strong> e estarem devidamente registradas na matr\u00edcula do im\u00f3vel<\/strong>. Dessa forma, o inquilino n\u00e3o pode ser expulso do im\u00f3vel antes do dia programado.<\/p>\n<h3 class=\"wp-block-heading\">Qual o prazo para desocupar o im\u00f3vel?<\/h3>\n<p>Se o prazo estiver estipulado no contrato e <a href=\"https:\/\/www.cashme.com.br\/blog\/averbacao-de-imovel-2\/\" target=\"_blank\" rel=\"noreferrer noopener\">averbado na matr\u00edcula<\/a> do im\u00f3vel, o inquilino vai desocupar o im\u00f3vel assim que for finalizado o contrato. Caso a data n\u00e3o esteja determinada, o morador tem 90 dias para desocup\u00e1-lo, mas o novo propriet\u00e1rio deve enviar uma notifica\u00e7\u00e3o antes para inform\u00e1-lo.<\/p>\n<p>O novo dono tem o prazo de enviar essa notifica\u00e7\u00e3o nos primeiros 90 dias, caso ele n\u00e3o envie o documento nesse per\u00edodo, entende-se que o contrato de loca\u00e7\u00e3o continua e o inquilino pode residir normalmente. Nesse caso, n\u00e3o \u00e9 necess\u00e1rio fazer outro contrato, basta alterar o nome do antigo locador e mais algumas informa\u00e7\u00f5es.<\/p>\n<h2 class=\"wp-block-heading\"><span id=\"O_que_acontece_quando_o_direito_de_compra_nao_e_respeitado\">O que acontece quando o direito de compra n\u00e3o \u00e9 respeitado?<\/span><\/h2>\n<p>Se o im\u00f3vel foi vendido a um terceiro antes de priorizar o locat\u00e1rio, este pode entrar com medidas judiciais para anular o contrato de compra e venda. Assim, <strong>a opera\u00e7\u00e3o ser\u00e1 cancelada e o inquilino pode comprar o im\u00f3vel <\/strong>nas mesmas condi\u00e7\u00f5es de valores e formas de pagamento.<\/p>\n<p>Outra possibilidade para o morador \u00e9 entrar com uma a\u00e7\u00e3o judicial solicitando indeniza\u00e7\u00e3o por perdas e danos sofridos pelo direito n\u00e3o respeitado. Por isso, manter a boa comunica\u00e7\u00e3o entre locador e locat\u00e1rio \u00e9 importante.<\/p>\n<blockquote class=\"wp-block-quote\">\n<p>Voc\u00ea tamb\u00e9m pode se interessar: <a href=\"https:\/\/www.cashme.com.br\/blog\/o-que-verificar-antes-de-comprar-um-imovel-usado-7-dicas\/\" target=\"_blank\" rel=\"noreferrer noopener\">O que verificar antes de comprar um im\u00f3vel usado: 7 dicas valiosas<\/a><\/p>\n<\/blockquote>\n<h2 class=\"wp-block-heading\"><span id=\"O_inquilino_deve_receber_visitas\">O inquilino deve receber visitas?<\/span><\/h2>\n<p>A resposta \u00e9 sim! O locat\u00e1rio \u00e9 obrigado, por lei, a receber visitas de pessoas interessadas na compra do im\u00f3vel. Para isso, \u00e9 preciso agendar dia e hor\u00e1rio para a visita\u00e7\u00e3o. <strong>Caso o inquilino atrapalhe intencionalmente esse processo, ele pode ser multado e despejado do im\u00f3vel.<\/strong><\/p>\n<h2 class=\"wp-block-heading\"><span id=\"Boas_praticas_para_vender_um_imovel_que_esta_alugado\">Boas pr\u00e1ticas para vender um im\u00f3vel que est\u00e1 alugado<\/span><\/h2>\n<p>A boa comunica\u00e7\u00e3o entre locador e locat\u00e1rio \u00e9 essencial para n\u00e3o haver problemas futuros. \u00c9 importante informar de forma clara todos os passos do processo, agendar as visitas, analisar os documentos e como o im\u00f3vel ser\u00e1 desocupado caso seja vendido para terceiros.<\/p>\n<p>Estar atento \u00e0s cl\u00e1usulas do contrato tamb\u00e9m vai auxiliar nesses tr\u00e2mites para n\u00e3o gerar multas e dores de cabe\u00e7a.<\/p>\n<p>Gostou do conte\u00fado? Continue navegando no nosso blog e confira tamb\u00e9m: <a href=\"https:\/\/www.cashme.com.br\/blog\/investir-em-imoveis\/\" target=\"_blank\" rel=\"noreferrer noopener\">Saiba como investir em im\u00f3veis: vantagens, mercado imobili\u00e1rio e mais.<\/a> At\u00e9 a pr\u00f3xima!<\/p>\n<\/p><\/div>\n<p><br \/>\n<br \/><a href=\"https:\/\/www.cashme.com.br\/blog\/o-que-e-direito-de-preferencia-de-compra-de-imovel\/\">Source link <\/a><\/p>\n<!-- CONTENT END 1 -->\n","protected":false},"excerpt":{"rendered":"<p>O direito de prefer\u00eancia de compra \u00e9 um termo jur\u00eddico relacionado a compra e venda de im\u00f3veis alugados. Nesses casos, por lei, o dono do&#8230;<\/p>\n","protected":false},"author":1,"featured_media":9377,"comment_status":"open","ping_status":"open","sticky":false,"template":"","format":"standard","meta":{"advanced_seo_description":"","jetpack_seo_html_title":"","jetpack_seo_noindex":false,"jetpack_post_was_ever_published":false,"_jetpack_newsletter_access":"","_jetpack_dont_email_post_to_subs":false,"_jetpack_newsletter_tier_id":0,"_jetpack_memberships_contains_paywalled_content":false,"_jetpack_memberships_contains_paid_content":false,"footnotes":"","jetpack_publicize_message":"","jetpack_publicize_feature_enabled":true,"jetpack_social_post_already_shared":true,"jetpack_social_options":{"image_generator_settings":{"template":"highway","default_image_id":0,"font":"","enabled":false},"version":2}},"categories":[1235],"tags":[],"class_list":["post-9376","post","type-post","status-publish","format-standard","has-post-thumbnail","hentry","category-dinheiro-e-investimento-como-fazer-como-ganhar"],"jetpack_publicize_connections":[],"jetpack_featured_media_url":"https:\/\/i0.wp.com\/noticiasribeiraopreto.com.br\/wp-content\/uploads\/2023\/12\/direita-de-preferencia-de-compra.jpg?fit=1200%2C600&ssl=1","jetpack-related-posts":[{"id":16321,"url":"https:\/\/noticiasribeiraopreto.com.br\/index.php\/2023\/12\/15\/o-que-impede-o-registro-de-um-imovel-veja-o-que-interfere\/","url_meta":{"origin":9376,"position":0},"title":"O que impede o registro de um im\u00f3vel? Veja o que interfere","author":"noticiasribeiraopreto.com.br","date":"15 de December de 2023","format":false,"excerpt":"Um dos tr\u00e2mites exigidos ao se comprar um im\u00f3vel \u00e9 registrar o contrato de compra e venda em cart\u00f3rio para informar quem \u00e9 o novo dono da propriedade. Entre tantos documentos, negocia\u00e7\u00f5es e at\u00e9 empr\u00e9stimos, o registro pode ser um documento esquecido, por\u00e9m \u00e9 importante faz\u00ea-lo o quanto antes. Afinal,\u2026","rel":"","context":"In &quot;Dinheiro e Investimento&quot;","block_context":{"text":"Dinheiro e Investimento","link":"https:\/\/noticiasribeiraopreto.com.br\/index.php\/category\/dinheiro-e-investimento-como-fazer-como-ganhar\/"},"img":{"alt_text":"","src":"https:\/\/i0.wp.com\/noticiasribeiraopreto.com.br\/wp-content\/uploads\/2023\/12\/o-que-impede-um-registro-de-imovel.jpg?fit=1200%2C600&ssl=1&resize=350%2C200","width":350,"height":200,"srcset":"https:\/\/i0.wp.com\/noticiasribeiraopreto.com.br\/wp-content\/uploads\/2023\/12\/o-que-impede-um-registro-de-imovel.jpg?fit=1200%2C600&ssl=1&resize=350%2C200 1x, https:\/\/i0.wp.com\/noticiasribeiraopreto.com.br\/wp-content\/uploads\/2023\/12\/o-que-impede-um-registro-de-imovel.jpg?fit=1200%2C600&ssl=1&resize=525%2C300 1.5x, https:\/\/i0.wp.com\/noticiasribeiraopreto.com.br\/wp-content\/uploads\/2023\/12\/o-que-impede-um-registro-de-imovel.jpg?fit=1200%2C600&ssl=1&resize=700%2C400 2x, https:\/\/i0.wp.com\/noticiasribeiraopreto.com.br\/wp-content\/uploads\/2023\/12\/o-que-impede-um-registro-de-imovel.jpg?fit=1200%2C600&ssl=1&resize=1050%2C600 3x"},"classes":[]},{"id":9411,"url":"https:\/\/noticiasribeiraopreto.com.br\/index.php\/2023\/12\/02\/o-que-e-e-como-funciona\/","url_meta":{"origin":9376,"position":1},"title":"o que \u00e9 e como funciona?","author":"noticiasribeiraopreto.com.br","date":"2 de December de 2023","format":false,"excerpt":"O processo de compra e venda de um im\u00f3vel possui muitas etapas e detalhes, tanto para quem est\u00e1 comprando quanto para quem est\u00e1 vendendo. Para garantir transpar\u00eancia \u00e0 negocia\u00e7\u00e3o, o compromisso de compra e venda busca assegurar que a transa\u00e7\u00e3o ocorra conforme foi acordada. Se voc\u00ea pretende vender ou comprar\u2026","rel":"","context":"In &quot;Dinheiro e Investimento&quot;","block_context":{"text":"Dinheiro e Investimento","link":"https:\/\/noticiasribeiraopreto.com.br\/index.php\/category\/dinheiro-e-investimento-como-fazer-como-ganhar\/"},"img":{"alt_text":"","src":"https:\/\/i0.wp.com\/noticiasribeiraopreto.com.br\/wp-content\/uploads\/2023\/12\/compromisso-de-compra-e-venda.jpg?fit=1200%2C600&ssl=1&resize=350%2C200","width":350,"height":200,"srcset":"https:\/\/i0.wp.com\/noticiasribeiraopreto.com.br\/wp-content\/uploads\/2023\/12\/compromisso-de-compra-e-venda.jpg?fit=1200%2C600&ssl=1&resize=350%2C200 1x, https:\/\/i0.wp.com\/noticiasribeiraopreto.com.br\/wp-content\/uploads\/2023\/12\/compromisso-de-compra-e-venda.jpg?fit=1200%2C600&ssl=1&resize=525%2C300 1.5x, https:\/\/i0.wp.com\/noticiasribeiraopreto.com.br\/wp-content\/uploads\/2023\/12\/compromisso-de-compra-e-venda.jpg?fit=1200%2C600&ssl=1&resize=700%2C400 2x, https:\/\/i0.wp.com\/noticiasribeiraopreto.com.br\/wp-content\/uploads\/2023\/12\/compromisso-de-compra-e-venda.jpg?fit=1200%2C600&ssl=1&resize=1050%2C600 3x"},"classes":[]},{"id":18212,"url":"https:\/\/noticiasribeiraopreto.com.br\/index.php\/2023\/12\/19\/iptu-2024-quem-paga-e-o-dono-do-imovel-ou-quem-alugou\/","url_meta":{"origin":9376,"position":2},"title":"IPTU 2024: quem paga \u00e9 o DONO do im\u00f3vel ou QUEM ALUGOU?","author":"noticiasribeiraopreto.com.br","date":"19 de December de 2023","format":false,"excerpt":"\u00c0 medida que nos aproximamos de 2024, surge uma incerteza no contexto dos alugu\u00e9is de im\u00f3veis: ser\u00e1 que o locat\u00e1rio pode ser incumbido da responsabilidade relacionada ao Imposto sobre a Propriedade Predial e Territorial Urbana, popularmente chamado de IPTU? Vamos esclarecer esse questionamento que atormenta diversas pessoas. Em termos gerais,\u2026","rel":"","context":"In &quot;Vagas de Emprego em Ribeir\u00e3o Preto-SP&quot;","block_context":{"text":"Vagas de Emprego em Ribeir\u00e3o Preto-SP","link":"https:\/\/noticiasribeiraopreto.com.br\/index.php\/category\/empregos-classificados-vagas-trabalho\/vagas-de-empregos-em-ribeirao-preto-regiao-brasil\/"},"img":{"alt_text":"","src":"https:\/\/i0.wp.com\/noticiasribeiraopreto.com.br\/wp-content\/uploads\/2023\/12\/noticiasconcursos.com_.br-sao-paulo-tera-iptu-progressivo-saiba-exatamente-o-que-e-e-a-regra-que-o-rege-iptuprogressivo.jpg?fit=1200%2C800&ssl=1&resize=350%2C200","width":350,"height":200,"srcset":"https:\/\/i0.wp.com\/noticiasribeiraopreto.com.br\/wp-content\/uploads\/2023\/12\/noticiasconcursos.com_.br-sao-paulo-tera-iptu-progressivo-saiba-exatamente-o-que-e-e-a-regra-que-o-rege-iptuprogressivo.jpg?fit=1200%2C800&ssl=1&resize=350%2C200 1x, https:\/\/i0.wp.com\/noticiasribeiraopreto.com.br\/wp-content\/uploads\/2023\/12\/noticiasconcursos.com_.br-sao-paulo-tera-iptu-progressivo-saiba-exatamente-o-que-e-e-a-regra-que-o-rege-iptuprogressivo.jpg?fit=1200%2C800&ssl=1&resize=525%2C300 1.5x, https:\/\/i0.wp.com\/noticiasribeiraopreto.com.br\/wp-content\/uploads\/2023\/12\/noticiasconcursos.com_.br-sao-paulo-tera-iptu-progressivo-saiba-exatamente-o-que-e-e-a-regra-que-o-rege-iptuprogressivo.jpg?fit=1200%2C800&ssl=1&resize=700%2C400 2x, https:\/\/i0.wp.com\/noticiasribeiraopreto.com.br\/wp-content\/uploads\/2023\/12\/noticiasconcursos.com_.br-sao-paulo-tera-iptu-progressivo-saiba-exatamente-o-que-e-e-a-regra-que-o-rege-iptuprogressivo.jpg?fit=1200%2C800&ssl=1&resize=1050%2C600 3x"},"classes":[]},{"id":9308,"url":"https:\/\/noticiasribeiraopreto.com.br\/index.php\/2023\/12\/01\/o-que-e-o-registro-geral-de-imovel\/","url_meta":{"origin":9376,"position":3},"title":"o que \u00e9 o Registro Geral de Im\u00f3vel?","author":"noticiasribeiraopreto.com.br","date":"1 de December de 2023","format":false,"excerpt":"Toda a burocracia que envolve a transa\u00e7\u00e3o de compra e venda de um im\u00f3vel nem sempre \u00e9 t\u00e3o simples quanto parece. Entre negociar com o vendedor ou imobili\u00e1ria, realizar os tr\u00e2mites para um poss\u00edvel financiamento e encontrar o im\u00f3vel correto, ainda h\u00e1 uma grande quantidade de papelada que voc\u00ea precisa\u2026","rel":"","context":"In &quot;Dinheiro e Investimento&quot;","block_context":{"text":"Dinheiro e Investimento","link":"https:\/\/noticiasribeiraopreto.com.br\/index.php\/category\/dinheiro-e-investimento-como-fazer-como-ganhar\/"},"img":{"alt_text":"","src":"https:\/\/i0.wp.com\/noticiasribeiraopreto.com.br\/wp-content\/uploads\/2023\/12\/registro-geral-do-imovel.jpg?fit=1200%2C600&ssl=1&resize=350%2C200","width":350,"height":200,"srcset":"https:\/\/i0.wp.com\/noticiasribeiraopreto.com.br\/wp-content\/uploads\/2023\/12\/registro-geral-do-imovel.jpg?fit=1200%2C600&ssl=1&resize=350%2C200 1x, https:\/\/i0.wp.com\/noticiasribeiraopreto.com.br\/wp-content\/uploads\/2023\/12\/registro-geral-do-imovel.jpg?fit=1200%2C600&ssl=1&resize=525%2C300 1.5x, https:\/\/i0.wp.com\/noticiasribeiraopreto.com.br\/wp-content\/uploads\/2023\/12\/registro-geral-do-imovel.jpg?fit=1200%2C600&ssl=1&resize=700%2C400 2x, https:\/\/i0.wp.com\/noticiasribeiraopreto.com.br\/wp-content\/uploads\/2023\/12\/registro-geral-do-imovel.jpg?fit=1200%2C600&ssl=1&resize=1050%2C600 3x"},"classes":[]},{"id":59451,"url":"https:\/\/noticiasribeiraopreto.com.br\/index.php\/2024\/10\/24\/nova-lei-garante-50-de-desconto-nas-taxas-de-cartorio-para-compra-do-primeiro-imovel\/","url_meta":{"origin":9376,"position":4},"title":"Nova Lei Garante 50% de Desconto nas Taxas de Cart\u00f3rio para Compra do Primeiro Im\u00f3vel","author":"noticiasribeiraopreto.com.br","date":"24 de October de 2024","format":false,"excerpt":"A nova lei sancionada no Brasil traz uma boa not\u00edcia para quem est\u00e1 em busca da casa pr\u00f3pria. O benef\u00edcio de 50% de desconto nas taxas de cart\u00f3rio para a compra do primeiro im\u00f3vel \u00e9 uma medida que busca reduzir os custos de aquisi\u00e7\u00e3o, aliviando o bolso dos compradores que\u2026","rel":"","context":"In &quot;Not\u00edcias de Ribeir\u00e3o Preto-SP e Regi\u00e3o&quot;","block_context":{"text":"Not\u00edcias de Ribeir\u00e3o Preto-SP e Regi\u00e3o","link":"https:\/\/noticiasribeiraopreto.com.br\/index.php\/category\/noticias-de-ribeirao-preto-sp-e-regiao-ismael-colosi\/"},"img":{"alt_text":"","src":"https:\/\/i0.wp.com\/noticiasribeiraopreto.com.br\/wp-content\/uploads\/2024\/10\/cidade_satelite_aguas_claras_fpzzb_abr_1608221584_0.webp.webp?fit=1170%2C700&ssl=1&resize=350%2C200","width":350,"height":200,"srcset":"https:\/\/i0.wp.com\/noticiasribeiraopreto.com.br\/wp-content\/uploads\/2024\/10\/cidade_satelite_aguas_claras_fpzzb_abr_1608221584_0.webp.webp?fit=1170%2C700&ssl=1&resize=350%2C200 1x, https:\/\/i0.wp.com\/noticiasribeiraopreto.com.br\/wp-content\/uploads\/2024\/10\/cidade_satelite_aguas_claras_fpzzb_abr_1608221584_0.webp.webp?fit=1170%2C700&ssl=1&resize=525%2C300 1.5x, https:\/\/i0.wp.com\/noticiasribeiraopreto.com.br\/wp-content\/uploads\/2024\/10\/cidade_satelite_aguas_claras_fpzzb_abr_1608221584_0.webp.webp?fit=1170%2C700&ssl=1&resize=700%2C400 2x, https:\/\/i0.wp.com\/noticiasribeiraopreto.com.br\/wp-content\/uploads\/2024\/10\/cidade_satelite_aguas_claras_fpzzb_abr_1608221584_0.webp.webp?fit=1170%2C700&ssl=1&resize=1050%2C600 3x"},"classes":[]},{"id":16276,"url":"https:\/\/noticiasribeiraopreto.com.br\/index.php\/2023\/12\/15\/o-que-e-um-loft-vantagens-desvantagens-de-se-morar-em-um\/","url_meta":{"origin":9376,"position":5},"title":"O que \u00e9 um loft? Vantagens, desvantagens de se morar em um","author":"noticiasribeiraopreto.com.br","date":"15 de December de 2023","format":false,"excerpt":"O loft \u00e9 um tipo de im\u00f3vel residencial com caracter\u00edsticas pr\u00f3prias e especiais, como p\u00e9-direito alto, janelas grandes, sem divis\u00f3rias fixas entre os c\u00f4modos, ideal para estilo de vida minimalista. Geralmente, esses im\u00f3veis s\u00e3o localizados em regi\u00f5es centrais, o que facilita a locomo\u00e7\u00e3o e o acesso a diversos servi\u00e7os. Se\u2026","rel":"","context":"In &quot;Dinheiro e Investimento&quot;","block_context":{"text":"Dinheiro e Investimento","link":"https:\/\/noticiasribeiraopreto.com.br\/index.php\/category\/dinheiro-e-investimento-como-fazer-como-ganhar\/"},"img":{"alt_text":"","src":"https:\/\/i0.wp.com\/noticiasribeiraopreto.com.br\/wp-content\/uploads\/2023\/12\/o-que-e-um-loft.jpg?fit=1200%2C600&ssl=1&resize=350%2C200","width":350,"height":200,"srcset":"https:\/\/i0.wp.com\/noticiasribeiraopreto.com.br\/wp-content\/uploads\/2023\/12\/o-que-e-um-loft.jpg?fit=1200%2C600&ssl=1&resize=350%2C200 1x, https:\/\/i0.wp.com\/noticiasribeiraopreto.com.br\/wp-content\/uploads\/2023\/12\/o-que-e-um-loft.jpg?fit=1200%2C600&ssl=1&resize=525%2C300 1.5x, https:\/\/i0.wp.com\/noticiasribeiraopreto.com.br\/wp-content\/uploads\/2023\/12\/o-que-e-um-loft.jpg?fit=1200%2C600&ssl=1&resize=700%2C400 2x, https:\/\/i0.wp.com\/noticiasribeiraopreto.com.br\/wp-content\/uploads\/2023\/12\/o-que-e-um-loft.jpg?fit=1200%2C600&ssl=1&resize=1050%2C600 3x"},"classes":[]}],"jetpack_sharing_enabled":true,"jetpack_shortlink":"https:\/\/wp.me\/peQAOb-2re","_links":{"self":[{"href":"https:\/\/noticiasribeiraopreto.com.br\/index.php\/wp-json\/wp\/v2\/posts\/9376","targetHints":{"allow":["GET"]}}],"collection":[{"href":"https:\/\/noticiasribeiraopreto.com.br\/index.php\/wp-json\/wp\/v2\/posts"}],"about":[{"href":"https:\/\/noticiasribeiraopreto.com.br\/index.php\/wp-json\/wp\/v2\/types\/post"}],"author":[{"embeddable":true,"href":"https:\/\/noticiasribeiraopreto.com.br\/index.php\/wp-json\/wp\/v2\/users\/1"}],"replies":[{"embeddable":true,"href":"https:\/\/noticiasribeiraopreto.com.br\/index.php\/wp-json\/wp\/v2\/comments?post=9376"}],"version-history":[{"count":0,"href":"https:\/\/noticiasribeiraopreto.com.br\/index.php\/wp-json\/wp\/v2\/posts\/9376\/revisions"}],"wp:featuredmedia":[{"embeddable":true,"href":"https:\/\/noticiasribeiraopreto.com.br\/index.php\/wp-json\/wp\/v2\/media\/9377"}],"wp:attachment":[{"href":"https:\/\/noticiasribeiraopreto.com.br\/index.php\/wp-json\/wp\/v2\/media?parent=9376"}],"wp:term":[{"taxonomy":"category","embeddable":true,"href":"https:\/\/noticiasribeiraopreto.com.br\/index.php\/wp-json\/wp\/v2\/categories?post=9376"},{"taxonomy":"post_tag","embeddable":true,"href":"https:\/\/noticiasribeiraopreto.com.br\/index.php\/wp-json\/wp\/v2\/tags?post=9376"}],"curies":[{"name":"wp","href":"https:\/\/api.w.org\/{rel}","templated":true}]}}