{"id":9380,"date":"2023-12-01T12:49:21","date_gmt":"2023-12-01T15:49:21","guid":{"rendered":"https:\/\/noticiasribeiraopreto.com.br\/index.php\/2023\/12\/01\/rio-de-esgoto-incomoda-no-jardim-palmares\/"},"modified":"2023-12-01T12:49:21","modified_gmt":"2023-12-01T15:49:21","slug":"rio-de-esgoto-incomoda-no-jardim-palmares","status":"publish","type":"post","link":"https:\/\/noticiasribeiraopreto.com.br\/index.php\/2023\/12\/01\/rio-de-esgoto-incomoda-no-jardim-palmares\/","title":{"rendered":"V\u00cdDEOS &#8211; Rio de esgoto incomoda no Jardim Palmares"},"content":{"rendered":"<div class='code-block code-block-1' style='margin: 8px 0 8px auto; text-align: right; display: block; clear: both;'>\n<p><a href=\"https:\/\/wa.link\/vpicfd\"><img data-recalc-dims=\"1\" class=\"wp-image-4922\" style=\"aspect-ratio: 2.0253164556962027; width: 561px; height: auto;\" src=\"https:\/\/i0.wp.com\/ismaelcolosi.com.br\/wp-content\/uploads\/2023\/11\/grupo-de-empregos-whatsapp-e-facebook-ismael-colosi-vagas.jpg?ssl=1\" alt=\"\" \/><\/a><\/p>\n<!-- \/wp:image -->\n<\/div>\n<p> <br \/>\n<\/p>\n<div id=\"\">\n<h2 class=\"penci-post-subtitle\">Esgoto vazando a c\u00e9u aberto causa transtornos para moradores do bairro e pode causar danos ambientais em \u00e1rea onde h\u00e1 v\u00e1rias nascentes<\/h2>\n<p> <span class=\"entry-meta-item penci-posted-on\"><i class=\"fa fa-clock-o\"\/><time class=\"entry-date published\" datetime=\"2023-12-01T12:49:21-03:00\">1 de dezembro de 2023 | 12:49<\/time><time class=\"updated\" datetime=\"2023-12-01T17:31:46-03:00\">1 de dezembro de 2023 | 17:31<\/time><\/span><\/p>\n<p> <span class=\"penci-social-buttons penci-social-share-footer\"><a href=\"#\" class=\"penci-post-like penci_post-meta_item  single-like-button penci-social-item like\" data-post_id=\"365930\" title=\"Like\" data-like=\"Like\" data-unlike=\"Unlike\"><i class=\"fa fa-thumbs-o-up\"\/><span class=\"penci-share-number\">2<\/span><\/a><i class=\"fa fa-facebook\"\/><a class=\"penci-social-item twitter\" target=\"_blank\" rel=\"noopener\" title=\"\" href=\"https:\/\/twitter.com\/intent\/tweet?text=V\u00cdDEOS%20-%20Rio%20de%20esgoto%20incomoda%20no%20Jardim%20Palmares%20-%20https:\/\/www.tribunaribeirao.com.br\/site\/rio-de-esgoto-incomoda-no-jardim-palmares\/\"><i class=\"fa fa-twitter\"\/><\/a><i class=\"fa fa-whatsapp\"\/><\/span><\/div>\n<div>\n<p>Por: Adalberto Luque<\/p>\n<p>Moradores do Jardim Palmares, zona Leste de Ribeir\u00e3o Preto, est\u00e3o reclamando do vazamento de esgoto que ocorre com frequ\u00eancia naquele bairro. O problema maior \u00e9 na Rua Armando Sicci, a \u00faltima do bairro, que faz divisa com uma \u00e1rea onde existem algumas nascentes e \u00e9 considerado ponto de recarga do Aqu\u00edfero Guarani, respons\u00e1vel pela \u00e1gua pot\u00e1vel que abastece Ribeir\u00e3o Preto.<\/p>\n<p>Um morador gravou um v\u00eddeo mostrando o rio de esgoto que corre pelas ruas do bairro. Em sua den\u00fancia, ele informa que a situa\u00e7\u00e3o \u00e9 frequente.<\/p>\n<p><iframe loading=\"lazy\" title=\"Esgoto Palmares 02\" width=\"500\" height=\"281\" src=\"https:\/\/www.youtube.com\/embed\/ph6VpzUQCaE?feature=oembed\" frameborder=\"0\" allow=\"accelerometer; autoplay; clipboard-write; encrypted-media; gyroscope; picture-in-picture; web-share\" referrerpolicy=\"strict-origin-when-cross-origin\" allowfullscreen><\/iframe><\/p>\n<p>Ele tamb\u00e9m denuncia que v\u00e1rias reclama\u00e7\u00f5es foram feitas junto \u00e0 Secretaria de \u00c1gua e Esgoto de Ribeir\u00e3o Preto (SAERP), mas at\u00e9 agora o problema n\u00e3o foi resolvido. Al\u00e9m do mau cheiro, os moradores convivem com aumento de baratas e outros insetos atra\u00eddos pelas condi\u00e7\u00f5es prec\u00e1rias com o rio de esgotos correndo a c\u00e9u aberto.<\/p>\n<p>Por v\u00e1rios metros \u00e9 poss\u00edvel notar que o rio passa por v\u00e1rias caixas de coleta e conten\u00e7\u00e3o, que estavam transbordando. Durante o dia, com o sol forte, o problema do cheiro se agrava ainda mais.<\/p>\n<figure id=\"attachment_365932\" aria-describedby=\"caption-attachment-365932\" style=\"width: 967px\" class=\"wp-caption alignnone\"><noscript><img data-recalc-dims=\"1\" loading=\"lazy\" decoding=\"async\" class=\"size-full wp-image-365932\" src=\"https:\/\/i0.wp.com\/www.tribunaribeirao.com.br\/site\/wp-content\/uploads\/2023\/12\/00-01-dez-2023-esgoto-palmares-02-foto-max-gallao-mesquita-scaled.jpg?resize=967%2C645&#038;ssl=1\" alt=\"\" width=\"967\" height=\"645\" srcset=\"https:\/\/www.tribunaribeirao.com.br\/site\/wp-content\/uploads\/2023\/12\/00-01-dez-2023-esgoto-palmares-02-foto-max-gallao-mesquita-scaled.jpg 967w, https:\/\/www.tribunaribeirao.com.br\/site\/wp-content\/uploads\/2023\/12\/00-01-dez-2023-esgoto-palmares-02-foto-max-gallao-mesquita-300x200.jpg 300w, https:\/\/www.tribunaribeirao.com.br\/site\/wp-content\/uploads\/2023\/12\/00-01-dez-2023-esgoto-palmares-02-foto-max-gallao-mesquita-1024x683.jpg 1024w, https:\/\/www.tribunaribeirao.com.br\/site\/wp-content\/uploads\/2023\/12\/00-01-dez-2023-esgoto-palmares-02-foto-max-gallao-mesquita-768x512.jpg 768w, https:\/\/www.tribunaribeirao.com.br\/site\/wp-content\/uploads\/2023\/12\/00-01-dez-2023-esgoto-palmares-02-foto-max-gallao-mesquita-1536x1024.jpg 1536w, https:\/\/www.tribunaribeirao.com.br\/site\/wp-content\/uploads\/2023\/12\/00-01-dez-2023-esgoto-palmares-02-foto-max-gallao-mesquita-480x320.jpg 480w, https:\/\/www.tribunaribeirao.com.br\/site\/wp-content\/uploads\/2023\/12\/00-01-dez-2023-esgoto-palmares-02-foto-max-gallao-mesquita-280x186.jpg 280w, https:\/\/www.tribunaribeirao.com.br\/site\/wp-content\/uploads\/2023\/12\/00-01-dez-2023-esgoto-palmares-02-foto-max-gallao-mesquita-960x640.jpg 960w, https:\/\/www.tribunaribeirao.com.br\/site\/wp-content\/uploads\/2023\/12\/00-01-dez-2023-esgoto-palmares-02-foto-max-gallao-mesquita-600x400.jpg 600w, https:\/\/www.tribunaribeirao.com.br\/site\/wp-content\/uploads\/2023\/12\/00-01-dez-2023-esgoto-palmares-02-foto-max-gallao-mesquita-585x390.jpg 585w\" sizes=\"auto, (max-width: 967px) 100vw, 967px\"\/><\/noscript><figcaption id=\"caption-attachment-365932\" class=\"wp-caption-text\">Esgoto segue empo\u00e7ado por v\u00e1rios pontos da rua (Foto: Max Gall\u00e3o Mesquita \u2013 V\u00eddeos: redes sociais)<\/figcaption><\/figure>\n<p>Segundo Jo\u00e3o Germano Marioti, o problema \u00e9 antigo. \u201cO local \u00e9 uma \u00e1rea de preserva\u00e7\u00e3o permanente. Tem v\u00e1rias nascentes, inclusive numa \u00e1rea atr\u00e1s tem um brejo, alagado. Desde que o bairro foi implantado, apresenta problemas na estrutura de esgoto e de galerias pluviais. Antes de ser SAERP, o DAERP fez uma obra ali e eliminou uma esta\u00e7\u00e3o de tratamento de bombeamento de esgoto, que tinha na Rua Armando Sicci e fez uma tubula\u00e7\u00e3o para jogar na esta\u00e7\u00e3o elevat\u00f3ria que vai para o Cai\u00e7ara, perto da entrada do C\u00e2ndido Portinari. Por\u00e9m a obra piorou. Foi mal elaborada, d\u00e1 pra ver que foi mal feita. N\u00e3o pode chover um pouquinho que o vazamento \u00e9 grande\u201d, explica Marioti.<\/p>\n<p>A SAERP foi procurada e se manifestou atrav\u00e9s de nota. \u201cA Saerp informa que j\u00e1 foi realizada manuten\u00e7\u00e3o no sistema de esgotamento sanit\u00e1rio do Jardim Palmares, normalizando a situa\u00e7\u00e3o.\u201d A reportagem do Tribuna esteve no local na manh\u00e3 desta sexta-feira (1) e, apesar de n\u00e3o haver esgoto correndo, ainda h\u00e1 muito mau cheiro e po\u00e7as de \u00e1gua suja paradas por v\u00e1rios pontos da Rua Armando Sicci.<\/p>\n<\/div>\n<p><script async src=\"\/\/platform.twitter.com\/widgets.js\" charset=\"utf-8\"><\/script><br \/>\n<br \/><br \/>\n<br \/><a href=\"https:\/\/www.tribunaribeirao.com.br\/site\/rio-de-esgoto-incomoda-no-jardim-palmares\/\">Source link <\/a><\/p>\n<!-- CONTENT END 1 -->\n","protected":false},"excerpt":{"rendered":"<p>Esgoto vazando a c\u00e9u aberto causa transtornos para moradores do bairro e pode causar danos ambientais em \u00e1rea onde h\u00e1 v\u00e1rias nascentes 1 de dezembro&#8230;<\/p>\n","protected":false},"author":1,"featured_media":9381,"comment_status":"open","ping_status":"open","sticky":false,"template":"","format":"standard","meta":{"advanced_seo_description":"","jetpack_seo_html_title":"","jetpack_seo_noindex":false,"jetpack_post_was_ever_published":false,"_jetpack_newsletter_access":"","_jetpack_dont_email_post_to_subs":false,"_jetpack_newsletter_tier_id":0,"_jetpack_memberships_contains_paywalled_content":false,"_jetpack_memberships_contains_paid_content":false,"footnotes":"","jetpack_publicize_message":"","jetpack_publicize_feature_enabled":true,"jetpack_social_post_already_shared":true,"jetpack_social_options":{"image_generator_settings":{"template":"highway","default_image_id":0,"font":"","enabled":false},"version":2}},"categories":[11],"tags":[1222,1223,971,1284,1181,1283],"class_list":["post-9380","post","type-post","status-publish","format-standard","has-post-thumbnail","hentry","category-noticias-de-ribeirao-preto-sp-e-regiao-ismael-colosi","tag-esgoto","tag-incomoda","tag-jardim","tag-palmares","tag-rio","tag-videos"],"jetpack_publicize_connections":[],"jetpack_featured_media_url":"https:\/\/i0.wp.com\/noticiasribeiraopreto.com.br\/wp-content\/uploads\/2023\/12\/00-01-dez-2023-esgoto-palmares-03-foto-max-gallao-mesquita-scaled.jpg?fit=967%2C645&ssl=1","jetpack-related-posts":[{"id":9046,"url":"https:\/\/noticiasribeiraopreto.com.br\/index.php\/2023\/12\/01\/cheiro-de-esgoto-incomoda-quem-passa-proximo-ao-retiro-saudoso\/","url_meta":{"origin":9380,"position":0},"title":"Cheiro de esgoto incomoda quem passa pr\u00f3ximo ao Retiro Saudoso","author":"noticiasribeiraopreto.com.br","date":"1 de December de 2023","format":false,"excerpt":"C\u00f3rrego que atravessa a cidade da zona Sul \u00e0 zona Norte tem exalado forte cheiro h\u00e1 v\u00e1rios dias 1 de dezembro de 2023 | 12:261 de dezembro de 2023 | 12:27 0Por: Adalberto LuqueMuitos motoristas e pedestres que passam pela Avenida Francisco Junqueira t\u00eam se queixado do forte cheiro de\u2026","rel":"","context":"In &quot;Not\u00edcias de Ribeir\u00e3o Preto-SP e Regi\u00e3o&quot;","block_context":{"text":"Not\u00edcias de Ribeir\u00e3o Preto-SP e Regi\u00e3o","link":"https:\/\/noticiasribeiraopreto.com.br\/index.php\/category\/noticias-de-ribeirao-preto-sp-e-regiao-ismael-colosi\/"},"img":{"alt_text":"","src":"https:\/\/i0.wp.com\/noticiasribeiraopreto.com.br\/wp-content\/uploads\/2023\/12\/00-01-dez-2023-cheiro-ruim-retiro-saudoso-00-foto-alfredo-risk-scaled.jpg?fit=967%2C645&ssl=1&resize=350%2C200","width":350,"height":200,"srcset":"https:\/\/i0.wp.com\/noticiasribeiraopreto.com.br\/wp-content\/uploads\/2023\/12\/00-01-dez-2023-cheiro-ruim-retiro-saudoso-00-foto-alfredo-risk-scaled.jpg?fit=967%2C645&ssl=1&resize=350%2C200 1x, https:\/\/i0.wp.com\/noticiasribeiraopreto.com.br\/wp-content\/uploads\/2023\/12\/00-01-dez-2023-cheiro-ruim-retiro-saudoso-00-foto-alfredo-risk-scaled.jpg?fit=967%2C645&ssl=1&resize=525%2C300 1.5x, https:\/\/i0.wp.com\/noticiasribeiraopreto.com.br\/wp-content\/uploads\/2023\/12\/00-01-dez-2023-cheiro-ruim-retiro-saudoso-00-foto-alfredo-risk-scaled.jpg?fit=967%2C645&ssl=1&resize=700%2C400 2x"},"classes":[]},{"id":60768,"url":"https:\/\/noticiasribeiraopreto.com.br\/index.php\/2024\/11\/25\/nove-bairros-tem-alerta-para-falta-dagua-na-zona-leste-de-ribeirao-veja-quais\/","url_meta":{"origin":9380,"position":1},"title":"Nove bairros t\u00eam alerta para falta d\u2019\u00e1gua na zona Leste de Ribeir\u00e3o; Veja quais","author":"noticiasribeiraopreto.com.br","date":"25 de November de 2024","format":false,"excerpt":"A Saerp (Secretaria de \u00c1gua e Esgoto de Ribeir\u00e3o Preto) emitiu, nesta segunda-feira (25), alerta para o risco de falta d\u2019\u00e1gua em nove bairros da zona Leste da cidade. Veja os bairros: 1 \u2013 Interliga\u00e7\u00e3o de rede de abastecimento no Reservat\u00f3rio Palmares Jardim Palmares Jardim Zara Jardim Novo Mundo Jardim\u2026","rel":"","context":"In &quot;Not\u00edcias de Ribeir\u00e3o Preto-SP e Regi\u00e3o&quot;","block_context":{"text":"Not\u00edcias de Ribeir\u00e3o Preto-SP e Regi\u00e3o","link":"https:\/\/noticiasribeiraopreto.com.br\/index.php\/category\/noticias-de-ribeirao-preto-sp-e-regiao-ismael-colosi\/"},"img":{"alt_text":"","src":"https:\/\/i0.wp.com\/noticiasribeiraopreto.com.br\/wp-content\/uploads\/2024\/11\/capa_manutencao_matadouro1_2024-05-08_20-04-56_jpeg_2024-05-08_20-04-57.webp.webp?fit=1200%2C1033&ssl=1&resize=350%2C200","width":350,"height":200,"srcset":"https:\/\/i0.wp.com\/noticiasribeiraopreto.com.br\/wp-content\/uploads\/2024\/11\/capa_manutencao_matadouro1_2024-05-08_20-04-56_jpeg_2024-05-08_20-04-57.webp.webp?fit=1200%2C1033&ssl=1&resize=350%2C200 1x, https:\/\/i0.wp.com\/noticiasribeiraopreto.com.br\/wp-content\/uploads\/2024\/11\/capa_manutencao_matadouro1_2024-05-08_20-04-56_jpeg_2024-05-08_20-04-57.webp.webp?fit=1200%2C1033&ssl=1&resize=525%2C300 1.5x, https:\/\/i0.wp.com\/noticiasribeiraopreto.com.br\/wp-content\/uploads\/2024\/11\/capa_manutencao_matadouro1_2024-05-08_20-04-56_jpeg_2024-05-08_20-04-57.webp.webp?fit=1200%2C1033&ssl=1&resize=700%2C400 2x, https:\/\/i0.wp.com\/noticiasribeiraopreto.com.br\/wp-content\/uploads\/2024\/11\/capa_manutencao_matadouro1_2024-05-08_20-04-56_jpeg_2024-05-08_20-04-57.webp.webp?fit=1200%2C1033&ssl=1&resize=1050%2C600 3x"},"classes":[]},{"id":58848,"url":"https:\/\/noticiasribeiraopreto.com.br\/index.php\/2024\/10\/07\/bairros-da-zona-leste-de-ribeirao-podem-ficar-sem-agua-ate-a-noite\/","url_meta":{"origin":9380,"position":2},"title":"Bairros da zona Leste de Ribeir\u00e3o podem ficar sem \u00e1gua at\u00e9 \u00e0 noite","author":"noticiasribeiraopreto.com.br","date":"7 de October de 2024","format":false,"excerpt":"Um comunicado feito pela Secretaria de \u00c1gua e Esgoto de Ribeir\u00e3o Preto (Saerp), nesta segunda-feira (7), informa que o sistema de abastecimento Palmares est\u00e1 em manuten\u00e7\u00e3o para a interliga\u00e7\u00e3o de uma nova adutora. Por conta dessa manuten\u00e7\u00e3o, pode faltar \u00e1gua nos bairros Jardim Palmares, Jardim Zara, Jardim Novo Mundo, Jardim\u2026","rel":"","context":"In &quot;Not\u00edcias de Ribeir\u00e3o Preto-SP e Regi\u00e3o&quot;","block_context":{"text":"Not\u00edcias de Ribeir\u00e3o Preto-SP e Regi\u00e3o","link":"https:\/\/noticiasribeiraopreto.com.br\/index.php\/category\/noticias-de-ribeirao-preto-sp-e-regiao-ismael-colosi\/"},"img":{"alt_text":"","src":"https:\/\/i0.wp.com\/noticiasribeiraopreto.com.br\/wp-content\/uploads\/2024\/08\/Copia-de-Copia-de-Copia-de-TAMANHO-EXATO-PARA-FOTOS-NO-SISTEMA-NOVO-10_2024-08-19_12-12-48_jpg_2024-08-19_12-12-48.webp.webp?fit=1200%2C675&ssl=1&resize=350%2C200","width":350,"height":200,"srcset":"https:\/\/i0.wp.com\/noticiasribeiraopreto.com.br\/wp-content\/uploads\/2024\/08\/Copia-de-Copia-de-Copia-de-TAMANHO-EXATO-PARA-FOTOS-NO-SISTEMA-NOVO-10_2024-08-19_12-12-48_jpg_2024-08-19_12-12-48.webp.webp?fit=1200%2C675&ssl=1&resize=350%2C200 1x, https:\/\/i0.wp.com\/noticiasribeiraopreto.com.br\/wp-content\/uploads\/2024\/08\/Copia-de-Copia-de-Copia-de-TAMANHO-EXATO-PARA-FOTOS-NO-SISTEMA-NOVO-10_2024-08-19_12-12-48_jpg_2024-08-19_12-12-48.webp.webp?fit=1200%2C675&ssl=1&resize=525%2C300 1.5x, https:\/\/i0.wp.com\/noticiasribeiraopreto.com.br\/wp-content\/uploads\/2024\/08\/Copia-de-Copia-de-Copia-de-TAMANHO-EXATO-PARA-FOTOS-NO-SISTEMA-NOVO-10_2024-08-19_12-12-48_jpg_2024-08-19_12-12-48.webp.webp?fit=1200%2C675&ssl=1&resize=700%2C400 2x, https:\/\/i0.wp.com\/noticiasribeiraopreto.com.br\/wp-content\/uploads\/2024\/08\/Copia-de-Copia-de-Copia-de-TAMANHO-EXATO-PARA-FOTOS-NO-SISTEMA-NOVO-10_2024-08-19_12-12-48_jpg_2024-08-19_12-12-48.webp.webp?fit=1200%2C675&ssl=1&resize=1050%2C600 3x"},"classes":[]},{"id":58851,"url":"https:\/\/noticiasribeiraopreto.com.br\/index.php\/2024\/10\/07\/bairros-da-zona-leste-de-ribeirao-podem-ficar-sem-agua-ate-a-noite-2\/","url_meta":{"origin":9380,"position":3},"title":"Bairros da zona Leste de Ribeir\u00e3o podem ficar sem \u00e1gua at\u00e9 \u00e0 noite","author":"noticiasribeiraopreto.com.br","date":"7 de October de 2024","format":false,"excerpt":"Um comunicado feito pela Secretaria de \u00c1gua e Esgoto de Ribeir\u00e3o Preto (Saerp), nesta segunda-feira (7), informa que o sistema de abastecimento Palmares est\u00e1 em manuten\u00e7\u00e3o para a interliga\u00e7\u00e3o de uma nova adutora. Por conta dessa manuten\u00e7\u00e3o, pode faltar \u00e1gua nos bairros Jardim Palmares, Jardim Zara, Jardim Novo Mundo, Jardim\u2026","rel":"","context":"In &quot;Not\u00edcias de Ribeir\u00e3o Preto-SP e Regi\u00e3o&quot;","block_context":{"text":"Not\u00edcias de Ribeir\u00e3o Preto-SP e Regi\u00e3o","link":"https:\/\/noticiasribeiraopreto.com.br\/index.php\/category\/noticias-de-ribeirao-preto-sp-e-regiao-ismael-colosi\/"},"img":{"alt_text":"","src":"https:\/\/i0.wp.com\/noticiasribeiraopreto.com.br\/wp-content\/uploads\/2024\/10\/Vejaosbairrosquepodemterfaltadguapor3diasnazonaLestedeRibeiroPreto_Tamanho_2_image-1-1.png?fit=1200%2C900&ssl=1&resize=350%2C200","width":350,"height":200,"srcset":"https:\/\/i0.wp.com\/noticiasribeiraopreto.com.br\/wp-content\/uploads\/2024\/10\/Vejaosbairrosquepodemterfaltadguapor3diasnazonaLestedeRibeiroPreto_Tamanho_2_image-1-1.png?fit=1200%2C900&ssl=1&resize=350%2C200 1x, https:\/\/i0.wp.com\/noticiasribeiraopreto.com.br\/wp-content\/uploads\/2024\/10\/Vejaosbairrosquepodemterfaltadguapor3diasnazonaLestedeRibeiroPreto_Tamanho_2_image-1-1.png?fit=1200%2C900&ssl=1&resize=525%2C300 1.5x, https:\/\/i0.wp.com\/noticiasribeiraopreto.com.br\/wp-content\/uploads\/2024\/10\/Vejaosbairrosquepodemterfaltadguapor3diasnazonaLestedeRibeiroPreto_Tamanho_2_image-1-1.png?fit=1200%2C900&ssl=1&resize=700%2C400 2x, https:\/\/i0.wp.com\/noticiasribeiraopreto.com.br\/wp-content\/uploads\/2024\/10\/Vejaosbairrosquepodemterfaltadguapor3diasnazonaLestedeRibeiroPreto_Tamanho_2_image-1-1.png?fit=1200%2C900&ssl=1&resize=1050%2C600 3x"},"classes":[]},{"id":57980,"url":"https:\/\/noticiasribeiraopreto.com.br\/index.php\/2024\/09\/16\/bairros-de-ribeirao-preto-podem-ficar-sem-agua-veja-locais-afetados\/","url_meta":{"origin":9380,"position":4},"title":"Bairros de Ribeir\u00e3o Preto podem ficar sem \u00e1gua; Veja locais afetados","author":"noticiasribeiraopreto.com.br","date":"16 de September de 2024","format":false,"excerpt":"A Saerp (Secretaria de \u00c1gua e Esgoto de Ribeir\u00e3o Preto) informou nesta segunda-feira (16), que bairros da zona Leste de Ribeir\u00e3o Preto est\u00e3o em alerta para falta d\u2019\u00e1gua. Segundo a secretaria, est\u00e1 sendo realizada uma troca emergencial de bomba no Po\u00e7o Palmares, deixando os seguintes bairros em alerta para falta\u2026","rel":"","context":"In &quot;Not\u00edcias de Ribeir\u00e3o Preto-SP e Regi\u00e3o&quot;","block_context":{"text":"Not\u00edcias de Ribeir\u00e3o Preto-SP e Regi\u00e3o","link":"https:\/\/noticiasribeiraopreto.com.br\/index.php\/category\/noticias-de-ribeirao-preto-sp-e-regiao-ismael-colosi\/"},"img":{"alt_text":"","src":"https:\/\/i0.wp.com\/noticiasribeiraopreto.com.br\/wp-content\/uploads\/2024\/07\/torneira-agua_2024-07-22_12-45-42_jpg_2024-07-22_12-45-42.webp.webp?fit=1170%2C700&ssl=1&resize=350%2C200","width":350,"height":200,"srcset":"https:\/\/i0.wp.com\/noticiasribeiraopreto.com.br\/wp-content\/uploads\/2024\/07\/torneira-agua_2024-07-22_12-45-42_jpg_2024-07-22_12-45-42.webp.webp?fit=1170%2C700&ssl=1&resize=350%2C200 1x, https:\/\/i0.wp.com\/noticiasribeiraopreto.com.br\/wp-content\/uploads\/2024\/07\/torneira-agua_2024-07-22_12-45-42_jpg_2024-07-22_12-45-42.webp.webp?fit=1170%2C700&ssl=1&resize=525%2C300 1.5x, https:\/\/i0.wp.com\/noticiasribeiraopreto.com.br\/wp-content\/uploads\/2024\/07\/torneira-agua_2024-07-22_12-45-42_jpg_2024-07-22_12-45-42.webp.webp?fit=1170%2C700&ssl=1&resize=700%2C400 2x, https:\/\/i0.wp.com\/noticiasribeiraopreto.com.br\/wp-content\/uploads\/2024\/07\/torneira-agua_2024-07-22_12-45-42_jpg_2024-07-22_12-45-42.webp.webp?fit=1170%2C700&ssl=1&resize=1050%2C600 3x"},"classes":[]},{"id":80178,"url":"https:\/\/noticiasribeiraopreto.com.br\/index.php\/2025\/11\/17\/cinco-bairros-estao-em-alerta-para-falta-dagua-ate-meia-noite-em-ribeirao-preto-veja-lista\/","url_meta":{"origin":9380,"position":5},"title":"Cinco bairros est\u00e3o em alerta para falta d&#8217;\u00e1gua at\u00e9 meia-noite em Ribeir\u00e3o Preto; Veja lista","author":"noticiasribeiraopreto.com.br","date":"17 de November de 2025","format":false,"excerpt":"A\u00a0Saerp (Secretaria de \u00c1gua e Esgoto de Ribeir\u00e3o Preto)\u00a0emitiu um alerta nesta segunda-feira (17) para o risco de falta d\u2019\u00e1gua em cinco bairros da zona Leste da cidade. Veja os bairros: Jardim Palmares Jardim Zara Jardim Novo Mundo Jardim Anhanguera Jardim Paulistano (parte) A Saerp infomou que realiza a troca\u2026","rel":"","context":"In &quot;Not\u00edcias de Ribeir\u00e3o Preto-SP e Regi\u00e3o&quot;","block_context":{"text":"Not\u00edcias de Ribeir\u00e3o Preto-SP e Regi\u00e3o","link":"https:\/\/noticiasribeiraopreto.com.br\/index.php\/category\/noticias-de-ribeirao-preto-sp-e-regiao-ismael-colosi\/"},"img":{"alt_text":"","src":"https:\/\/i0.wp.com\/noticiasribeiraopreto.com.br\/wp-content\/uploads\/2025\/07\/falta-de-agua-1_2024-12-03_12-50-33.webp.webp?fit=1024%2C585&ssl=1&resize=350%2C200","width":350,"height":200,"srcset":"https:\/\/i0.wp.com\/noticiasribeiraopreto.com.br\/wp-content\/uploads\/2025\/07\/falta-de-agua-1_2024-12-03_12-50-33.webp.webp?fit=1024%2C585&ssl=1&resize=350%2C200 1x, https:\/\/i0.wp.com\/noticiasribeiraopreto.com.br\/wp-content\/uploads\/2025\/07\/falta-de-agua-1_2024-12-03_12-50-33.webp.webp?fit=1024%2C585&ssl=1&resize=525%2C300 1.5x, https:\/\/i0.wp.com\/noticiasribeiraopreto.com.br\/wp-content\/uploads\/2025\/07\/falta-de-agua-1_2024-12-03_12-50-33.webp.webp?fit=1024%2C585&ssl=1&resize=700%2C400 2x"},"classes":[]}],"jetpack_sharing_enabled":true,"jetpack_shortlink":"https:\/\/wp.me\/peQAOb-2ri","_links":{"self":[{"href":"https:\/\/noticiasribeiraopreto.com.br\/index.php\/wp-json\/wp\/v2\/posts\/9380","targetHints":{"allow":["GET"]}}],"collection":[{"href":"https:\/\/noticiasribeiraopreto.com.br\/index.php\/wp-json\/wp\/v2\/posts"}],"about":[{"href":"https:\/\/noticiasribeiraopreto.com.br\/index.php\/wp-json\/wp\/v2\/types\/post"}],"author":[{"embeddable":true,"href":"https:\/\/noticiasribeiraopreto.com.br\/index.php\/wp-json\/wp\/v2\/users\/1"}],"replies":[{"embeddable":true,"href":"https:\/\/noticiasribeiraopreto.com.br\/index.php\/wp-json\/wp\/v2\/comments?post=9380"}],"version-history":[{"count":0,"href":"https:\/\/noticiasribeiraopreto.com.br\/index.php\/wp-json\/wp\/v2\/posts\/9380\/revisions"}],"wp:featuredmedia":[{"embeddable":true,"href":"https:\/\/noticiasribeiraopreto.com.br\/index.php\/wp-json\/wp\/v2\/media\/9381"}],"wp:attachment":[{"href":"https:\/\/noticiasribeiraopreto.com.br\/index.php\/wp-json\/wp\/v2\/media?parent=9380"}],"wp:term":[{"taxonomy":"category","embeddable":true,"href":"https:\/\/noticiasribeiraopreto.com.br\/index.php\/wp-json\/wp\/v2\/categories?post=9380"},{"taxonomy":"post_tag","embeddable":true,"href":"https:\/\/noticiasribeiraopreto.com.br\/index.php\/wp-json\/wp\/v2\/tags?post=9380"}],"curies":[{"name":"wp","href":"https:\/\/api.w.org\/{rel}","templated":true}]}}