{"id":9382,"date":"2023-12-02T00:31:38","date_gmt":"2023-12-02T03:31:38","guid":{"rendered":"https:\/\/noticiasribeiraopreto.com.br\/index.php\/2023\/12\/02\/totvs-tots3-adquire-plataforma-de-rh-por-r-380-milhoes-e-mercado-aprova\/"},"modified":"2023-12-02T00:31:38","modified_gmt":"2023-12-02T03:31:38","slug":"totvs-tots3-adquire-plataforma-de-rh-por-r-380-milhoes-e-mercado-aprova","status":"publish","type":"post","link":"https:\/\/noticiasribeiraopreto.com.br\/index.php\/2023\/12\/02\/totvs-tots3-adquire-plataforma-de-rh-por-r-380-milhoes-e-mercado-aprova\/","title":{"rendered":"Totvs (TOTS3) adquire plataforma de RH por R$ 380 milh\u00f5es e mercado aprova"},"content":{"rendered":"<div class='code-block code-block-1' style='margin: 8px 0 8px auto; text-align: right; display: block; clear: both;'>\n<p><a href=\"https:\/\/wa.link\/vpicfd\"><img data-recalc-dims=\"1\" class=\"wp-image-4922\" style=\"aspect-ratio: 2.0253164556962027; width: 561px; height: auto;\" src=\"https:\/\/i0.wp.com\/ismaelcolosi.com.br\/wp-content\/uploads\/2023\/11\/grupo-de-empregos-whatsapp-e-facebook-ismael-colosi-vagas.jpg?ssl=1\" alt=\"\" \/><\/a><\/p>\n<!-- \/wp:image -->\n<\/div>\n<p> <br \/>\n<\/p>\n<div id=\"js-first-letter\">\n<p>A <strong>Totvs (TOTS3)<\/strong> anunciou, na noite de ontem (30) que seu Conselho de Administra\u00e7\u00e3o aprovou a compra da empresa de software-as-a-service (SaaS) Ahgora HCM por R$ 380 milh\u00f5es.<\/p>\n<p>Baseada em Florian\u00f3polis (SC), a Ahgora \u00e9 especializada em solu\u00e7\u00f5es para Recursos Humanos (RH), como rel\u00f3gios de ponto por reconhecimento facial, gest\u00e3o de escalas e f\u00e9rias, al\u00e9m de treinamento e desenvolvimento. Tem 280 colaboradores e mais de 18 mil clientes.<\/p>\n<p>O contrato de compra e venda estabelece que a Totvs dever\u00e1 pagar aos vendedores, na data de fechamento da transa\u00e7\u00e3o, a quantia de R$ 341.550.693,37, devendo reter R$ 8 milh\u00f5es para fins de ajuste de pre\u00e7o e R$ 10 milh\u00f5es para fins de garantia.<\/p>\n<p>O fechamento da aquisi\u00e7\u00e3o depende da consuma\u00e7\u00e3o de condi\u00e7\u00f5es precedentes previstas no contrato de compra e venda e de aprova\u00e7\u00f5es regulat\u00f3rias.<\/p>\n<p>Na bolsa brasileira, os investidores reagem bem \u00e0 not\u00edcia. \u00c0s 12h40, as a\u00e7\u00f5es TOTS3 subiam 0,54%, a R$ 33,49, enquanto o Ibovespa operava perto da estabilidade. <a href=\"https:\/\/www.seudinheiro.com\/2023\/bolsa-dolar\/bolsas-hoje-dolar-ibovespa-011223-lvit-lils-ccgg-rsgp-rens\/\" target=\"_blank\" rel=\"noreferrer noopener\">Acompanhe nossa cobertura completa de mercados<\/a>.<\/p>\n<div class=\"banner banner-inArticle banner-inArticle--mobile\">\n<div>\n<p>Publicidade<\/p>\n<div class=\"banner-side\">\n<p class=\"borderAD\" style=\"display: none;\">CONTINUA DEPOIS DA PUBLICIDADE<\/p>\n<\/div>\n<\/div>\n<\/div>\n<div class=\"banner banner-inArticle banner-inArticle--desktop\">\n<div>\n<div class=\"banner-side\">\n<p class=\"borderAD\" style=\"display: none;\">CONTINUA DEPOIS DA PUBLICIDADE<\/p>\n<\/div>\n<\/div>\n<\/div>\n<h2 class=\"wp-block-heading\" id=\"h-quem-e-a-ahgora-empresa-adquirida-pela-totvs-tots3\">Quem \u00e9 a Ahgora, empresa adquirida pela Totvs (TOTS3)<\/h2>\n<p>Em relat\u00f3rio, o BTG destaca que os produtos da Ahgora s\u00e3o 100% baseados na nuvem e que 95% das suas receitas s\u00e3o recorrentes.<\/p>\n<p>Sua receita anual recorrente (ARR) \u00e9 de R$ 84 milh\u00f5es, e sua receita l\u00edquida cresceu a uma taxa de crescimento anual composta (CAGR) de 45% de 2019 a 2022. A receita m\u00e9dia por usu\u00e1rio (ARPU) \u00e9 de cerca de R$ 390 milh\u00f5es.<\/p>\n<p>Assim, o pagamento de R$ 380 milh\u00f5es feito pela Totvs avalia a empresa em 4,5 vezes a rela\u00e7\u00e3o do seu valor de firma (EV) e sua receita anual recorrente (ARR), nas contas do BTG.<\/p>\n<p>Na vis\u00e3o do banco, a Totvs est\u00e1 pagando um pr\u00eamio pela empresa, mas ele \u201cse justifica, devido ao crescimento mais r\u00e1pido da Ahgora e as oportunidades de vendas cruzadas [<em>cross-sell<\/em>]\u201d, avaliam os analistas.<\/p>\n<p>J\u00e1 nas contas do Ita\u00fa BBA, a compra avaliou a Ahgora em 11,5 vezes o valor da firma sobre Ebitda (lucro antes de juros, impostos, deprecia\u00e7\u00e3o e amortiza\u00e7\u00e3o) projetado para 2023, contra 14,5 vezes da Totvs; e 3,5 vezes o valor da firma sobre vendas, contra 3,9 vezes da Totvs. Para o banco, a avalia\u00e7\u00e3o est\u00e1 em um patamar \u201cde justo a levemente atrativo\u201d.<\/p>\n<div class=\"banner banner-inArticle banner-inArticle--mobile\">\n<div>\n<p>Publicidade<\/p>\n<div class=\"banner-side\">\n<p class=\"borderAD\" style=\"display: none;\">CONTINUA DEPOIS DA PUBLICIDADE<\/p>\n<\/div>\n<\/div>\n<\/div>\n<div class=\"banner banner-inArticle banner-inArticle--desktop\">\n<div>\n<div class=\"banner-side\">\n<p class=\"borderAD\" style=\"display: none;\">CONTINUA DEPOIS DA PUBLICIDADE<\/p>\n<\/div>\n<\/div>\n<\/div>\n<h3 class=\"wp-block-heading\" id=\"h-itau-bradesco-santander-e-banco-do-brasil-em-qual-bancao-brasileiro-investir-apos-o-3t23\">ITA\u00da, BRADESCO, SANTANDER E BANCO DO BRASIL: EM QUAL &#8216;BANC\u00c3O&#8217; BRASILEIRO INVESTIR AP\u00d3S O 3T23?<\/h3>\n<figure class=\"wp-block-embed is-type-video is-provider-youtube wp-block-embed-youtube wp-embed-aspect-16-9 wp-has-aspect-ratio\">\n<p>\n<iframe loading=\"lazy\" title=\"ITA\u00da, BRADESCO, SANTANDER E BANCO DO BRASIL: EM QUAL &#039;BANC\u00c3O&#039; BRASILEIRO INVESTIR AP\u00d3S O 3T23?\" width=\"500\" height=\"281\" src=\"https:\/\/www.youtube.com\/embed\/pWSYJq9-U38?feature=oembed\" frameborder=\"0\" allow=\"accelerometer; autoplay; clipboard-write; encrypted-media; gyroscope; picture-in-picture; web-share\" referrerpolicy=\"strict-origin-when-cross-origin\" allowfullscreen><\/iframe>\n<\/p>\n<\/figure>\n<h2 class=\"wp-block-heading\" id=\"h-oportunidade-de-vendas-cruzadas-cross-sell\">Oportunidade de vendas cruzadas (<em>cross-sell<\/em>)<\/h2>\n<p>O BTG lembra que a Totvs, como provedora l\u00edder de softwares de RH no Brasil, processa a folha de pagamento de 10 milh\u00f5es de vidas, enquanto os softwares da Ahgora processam as folhas de 1,8 milh\u00e3o de vidas, o que corresponde a 18% da base da Totvs.<\/p>\n<p>Assim, os analistas avaliam que as \u201coportunidades de cross-sell parecem consider\u00e1veis\u201d, tanto com a venda de solu\u00e7\u00f5es complementares da Ahgora dentro de uma mesma vertical na Totvs, como para outras verticais.<\/p>\n<p>O Ita\u00fa BBA tamb\u00e9m considerou a aquisi\u00e7\u00e3o da Totvs positiva, por se tratar de um neg\u00f3cio de alto crescimento.<\/p>\n<p>\u201cNa frente operacional, n\u00f3s recebemos bem o fortalecimento da posi\u00e7\u00e3o da Totvs num segmento-chave para seu principal neg\u00f3cio, com algumas novas solu\u00e7\u00f5es nativas na nuvem no seu portfolio\u201d, dizem os analistas em relat\u00f3rio.<\/p>\n<p>No entanto, lembram, a transa\u00e7\u00e3o n\u00e3o deve resultar numa grande expans\u00e3o do mercado total endere\u00e7\u00e1vel da companhia, uma vez que a Totvs j\u00e1 operava no segmento.<\/p>\n<div class=\"banner banner-inArticle banner-inArticle--mobile\">\n<div>\n<p>Publicidade<\/p>\n<div class=\"banner-side\">\n<p class=\"borderAD\" style=\"display: none;\">CONTINUA DEPOIS DA PUBLICIDADE<\/p>\n<\/div>\n<\/div>\n<\/div>\n<div class=\"banner banner-inArticle banner-inArticle--desktop\">\n<div>\n<div class=\"banner-side\">\n<p class=\"borderAD\" style=\"display: none;\">CONTINUA DEPOIS DA PUBLICIDADE<\/p>\n<\/div>\n<\/div>\n<\/div>\n<h2 class=\"wp-block-heading\" id=\"h-recomendacao-para-a-totvs-tots3-e-de-compra\">Recomenda\u00e7\u00e3o para a Totvs (TOTS3) \u00e9 de compra<\/h2>\n<p>Apesar da alta de quase 30% no acumulado do ano, as a\u00e7\u00f5es da Totvs continuam entre as queridinhas dos analistas.<\/p>\n<p>O BTG se mant\u00e9m otimista com os pap\u00e9is, pois considera que a empresa equilibra bem um lado mais defensivo e a capacidade de oferecer crescimento e navegar os mercados de alta.<\/p>\n<p>O Ita\u00fa BBA tamb\u00e9m gosta da a\u00e7\u00e3o e fiz esperar uma revis\u00e3o para cima das estimativas da companhia em breve.<\/p>\n<p>Ambas as casas refor\u00e7aram sua recomenda\u00e7\u00e3o de compra para TOTS3, com pre\u00e7o-alvo de R$ 38 para o BTG e R$ 36 para o Ita\u00fa BBA.<\/p>\n<\/div>\n<p><br \/>\n<br \/><a href=\"https:\/\/www.seudinheiro.com\/2023\/empresas\/totvs-tots3-adquire-empresa-de-software-de-rh-de-alto-crescimento-por-r-380-milhoes-e-o-mercado-gosta-julw\/\">Source link <\/a><\/p>\n<!-- CONTENT END 1 -->\n","protected":false},"excerpt":{"rendered":"<p>A Totvs (TOTS3) anunciou, na noite de ontem (30) que seu Conselho de Administra\u00e7\u00e3o aprovou a compra da empresa de software-as-a-service (SaaS) Ahgora HCM por&#8230;<\/p>\n","protected":false},"author":1,"featured_media":9383,"comment_status":"open","ping_status":"open","sticky":false,"template":"","format":"standard","meta":{"advanced_seo_description":"","jetpack_seo_html_title":"","jetpack_seo_noindex":false,"jetpack_post_was_ever_published":false,"_jetpack_newsletter_access":"","_jetpack_dont_email_post_to_subs":false,"_jetpack_newsletter_tier_id":0,"_jetpack_memberships_contains_paywalled_content":false,"_jetpack_memberships_contains_paid_content":false,"footnotes":"","jetpack_publicize_message":"","jetpack_publicize_feature_enabled":true,"jetpack_social_post_already_shared":true,"jetpack_social_options":{"image_generator_settings":{"template":"highway","default_image_id":0,"font":"","enabled":false},"version":2}},"categories":[1235],"tags":[],"class_list":["post-9382","post","type-post","status-publish","format-standard","has-post-thumbnail","hentry","category-dinheiro-e-investimento-como-fazer-como-ganhar"],"jetpack_publicize_connections":[],"jetpack_featured_media_url":"https:\/\/i0.wp.com\/noticiasribeiraopreto.com.br\/wp-content\/uploads\/2023\/12\/TOTVS_Fachada-36-628x353.jpg?fit=628%2C353&ssl=1","jetpack-related-posts":[{"id":19143,"url":"https:\/\/noticiasribeiraopreto.com.br\/index.php\/2023\/12\/21\/dois-bancoes-recomendam-uma-acao-que-ja-subiu-34-em-dois-meses-segue-barata-e-pode-subir-ainda-mais\/","url_meta":{"origin":9382,"position":0},"title":"Dois banc\u00f5es recomendam uma a\u00e7\u00e3o que j\u00e1 subiu 34% em dois meses, segue barata e pode subir ainda mais","author":"noticiasribeiraopreto.com.br","date":"21 de December de 2023","format":false,"excerpt":"Uma a\u00e7\u00e3o que subiu 34% nos \u00faltimos dois meses, est\u00e1 barata e tem potencial para subir ainda mais. Essa \u00e9 a previs\u00e3o de dois grandes bancos para a Totvs (TOTS3). Citi e Ita\u00fa BBA t\u00eam recomenda\u00e7\u00e3o de compra para as a\u00e7\u00f5es TOTS3, com pre\u00e7o-alvo de R$ 38 \u2014 o que\u2026","rel":"","context":"In &quot;Dinheiro e Investimento&quot;","block_context":{"text":"Dinheiro e Investimento","link":"https:\/\/noticiasribeiraopreto.com.br\/index.php\/category\/dinheiro-e-investimento-como-fazer-como-ganhar\/"},"img":{"alt_text":"","src":"https:\/\/i0.wp.com\/noticiasribeiraopreto.com.br\/wp-content\/uploads\/2023\/12\/shutterstock_1829325362-628x353.jpg?fit=628%2C353&ssl=1&resize=350%2C200","width":350,"height":200,"srcset":"https:\/\/i0.wp.com\/noticiasribeiraopreto.com.br\/wp-content\/uploads\/2023\/12\/shutterstock_1829325362-628x353.jpg?fit=628%2C353&ssl=1&resize=350%2C200 1x, https:\/\/i0.wp.com\/noticiasribeiraopreto.com.br\/wp-content\/uploads\/2023\/12\/shutterstock_1829325362-628x353.jpg?fit=628%2C353&ssl=1&resize=525%2C300 1.5x"},"classes":[]},{"id":29134,"url":"https:\/\/noticiasribeiraopreto.com.br\/index.php\/2024\/01\/17\/o-que-o-santander-sabe-sobre-essas-acoes\/","url_meta":{"origin":9382,"position":1},"title":"o que o Santander sabe sobre essas a\u00e7\u00f5es?","author":"noticiasribeiraopreto.com.br","date":"17 de January de 2024","format":false,"excerpt":"A Locaweb est\u00e1 nas nuvens. As a\u00e7\u00f5es LWSA3 chegaram a liderar o ponto mais alto do Ibovespa nesta quarta-feira (17) depois que o Santander melhorou a recomenda\u00e7\u00e3o para os pap\u00e9is da empresa.\u00a0 O banco passou a indica\u00e7\u00e3o da Locaweb de neutra para compra e aumentou o pre\u00e7o-alvo das a\u00e7\u00f5es de\u2026","rel":"","context":"In &quot;Dinheiro e Investimento&quot;","block_context":{"text":"Dinheiro e Investimento","link":"https:\/\/noticiasribeiraopreto.com.br\/index.php\/category\/dinheiro-e-investimento-como-fazer-como-ganhar\/"},"img":{"alt_text":"","src":"https:\/\/i0.wp.com\/noticiasribeiraopreto.com.br\/wp-content\/uploads\/2024\/01\/Locaweb-LWSA3-sede-628x353.jpg?fit=628%2C353&ssl=1&resize=350%2C200","width":350,"height":200,"srcset":"https:\/\/i0.wp.com\/noticiasribeiraopreto.com.br\/wp-content\/uploads\/2024\/01\/Locaweb-LWSA3-sede-628x353.jpg?fit=628%2C353&ssl=1&resize=350%2C200 1x, https:\/\/i0.wp.com\/noticiasribeiraopreto.com.br\/wp-content\/uploads\/2024\/01\/Locaweb-LWSA3-sede-628x353.jpg?fit=628%2C353&ssl=1&resize=525%2C300 1.5x"},"classes":[]},{"id":44606,"url":"https:\/\/noticiasribeiraopreto.com.br\/index.php\/2024\/03\/28\/comercio-espera-alta-de-ate-6-nas-vendas-na-pascoa\/","url_meta":{"origin":9382,"position":2},"title":"Com\u00e9rcio espera alta\u00a0de at\u00e9 6% nas vendas na P\u00e1scoa","author":"noticiasribeiraopreto.com.br","date":"28 de March de 2024","format":false,"excerpt":"28 de mar\u00e7o de 2024 | 18:0028 de mar\u00e7o de 2024 | 12:42 0 O com\u00e9rcio varejista de Ribeir\u00e3o Preto projeta crescimento m\u00e9dio de 4% a 6% nas vendas da P\u00e1scoa deste ano em rela\u00e7\u00e3o ao mesmo per\u00edodo de 2023. Com base em n\u00fameros da Confedera\u00e7\u00e3o Nacional de Dirigentes Lojistas\u2026","rel":"","context":"In &quot;Not\u00edcias de Ribeir\u00e3o Preto-SP e Regi\u00e3o&quot;","block_context":{"text":"Not\u00edcias de Ribeir\u00e3o Preto-SP e Regi\u00e3o","link":"https:\/\/noticiasribeiraopreto.com.br\/index.php\/category\/noticias-de-ribeirao-preto-sp-e-regiao-ismael-colosi\/"},"img":{"alt_text":"","src":"https:\/\/i0.wp.com\/noticiasribeiraopreto.com.br\/wp-content\/uploads\/2024\/03\/PascoaRP-Marcelo-Camargo-Ag.Br_.-01-scaled.jpg?fit=750%2C500&ssl=1&resize=350%2C200","width":350,"height":200,"srcset":"https:\/\/i0.wp.com\/noticiasribeiraopreto.com.br\/wp-content\/uploads\/2024\/03\/PascoaRP-Marcelo-Camargo-Ag.Br_.-01-scaled.jpg?fit=750%2C500&ssl=1&resize=350%2C200 1x, https:\/\/i0.wp.com\/noticiasribeiraopreto.com.br\/wp-content\/uploads\/2024\/03\/PascoaRP-Marcelo-Camargo-Ag.Br_.-01-scaled.jpg?fit=750%2C500&ssl=1&resize=525%2C300 1.5x, https:\/\/i0.wp.com\/noticiasribeiraopreto.com.br\/wp-content\/uploads\/2024\/03\/PascoaRP-Marcelo-Camargo-Ag.Br_.-01-scaled.jpg?fit=750%2C500&ssl=1&resize=700%2C400 2x"},"classes":[]},{"id":79893,"url":"https:\/\/noticiasribeiraopreto.com.br\/index.php\/2025\/11\/10\/raizen-anuncia-venda-de-usina-continental-por-r-750-milhoes\/","url_meta":{"origin":9382,"position":3},"title":"Ra\u00edzen anuncia venda de usina Continental por R$ 750 milh\u00f5es","author":"noticiasribeiraopreto.com.br","date":"10 de November de 2025","format":false,"excerpt":"A Ra\u00edzen anunciou a venda da usina Continental, localizada em Col\u00f4mbia, a 103 quil\u00f4metros de Ribeir\u00e3o Preto, para o Grupo Colorado. A unidade tem capacidade para moer cerca de dois milh\u00f5es de toneladas por safra. Conforme anuncio feito aos acionistas e ao mercado na manh\u00e3 desta segunda-feira (10), o valor\u2026","rel":"","context":"In &quot;Not\u00edcias de Ribeir\u00e3o Preto-SP e Regi\u00e3o&quot;","block_context":{"text":"Not\u00edcias de Ribeir\u00e3o Preto-SP e Regi\u00e3o","link":"https:\/\/noticiasribeiraopreto.com.br\/index.php\/category\/noticias-de-ribeirao-preto-sp-e-regiao-ismael-colosi\/"},"img":{"alt_text":"","src":"https:\/\/i0.wp.com\/noticiasribeiraopreto.com.br\/wp-content\/uploads\/2025\/07\/canavial_2025-07-15_14-42-17.webp.webp?fit=978%2C548&ssl=1&resize=350%2C200","width":350,"height":200,"srcset":"https:\/\/i0.wp.com\/noticiasribeiraopreto.com.br\/wp-content\/uploads\/2025\/07\/canavial_2025-07-15_14-42-17.webp.webp?fit=978%2C548&ssl=1&resize=350%2C200 1x, https:\/\/i0.wp.com\/noticiasribeiraopreto.com.br\/wp-content\/uploads\/2025\/07\/canavial_2025-07-15_14-42-17.webp.webp?fit=978%2C548&ssl=1&resize=525%2C300 1.5x, https:\/\/i0.wp.com\/noticiasribeiraopreto.com.br\/wp-content\/uploads\/2025\/07\/canavial_2025-07-15_14-42-17.webp.webp?fit=978%2C548&ssl=1&resize=700%2C400 2x"},"classes":[]},{"id":83375,"url":"https:\/\/noticiasribeiraopreto.com.br\/index.php\/2026\/03\/17\/grupo-3coracoes-compra-operacoes-da-dona-da-yoki-e-kitano-por-r-800-milhoes\/","url_meta":{"origin":9382,"position":4},"title":"Grupo 3cora\u00e7\u00f5es compra opera\u00e7\u00f5es da dona da Yoki e Kitano por R$ 800 milh\u00f5es","author":"noticiasribeiraopreto.com.br","date":"17 de March de 2026","format":false,"excerpt":"O Grupo 3cora\u00e7\u00f5es, l\u00edder no segmento de caf\u00e9s, comprou as opera\u00e7\u00f5es no Brasil do grupo norte-americano General Mills, incluindo as marcas Yoki e Kitano, por R$ 800 milh\u00f5es. A opera\u00e7\u00e3o no Brasil contribuiu com US$ 350 milh\u00f5es para as vendas l\u00edquidas da General Mills no ano fiscal de 2025. O\u2026","rel":"","context":"In &quot;Not\u00edcias de Ribeir\u00e3o Preto-SP e Regi\u00e3o&quot;","block_context":{"text":"Not\u00edcias de Ribeir\u00e3o Preto-SP e Regi\u00e3o","link":"https:\/\/noticiasribeiraopreto.com.br\/index.php\/category\/noticias-de-ribeirao-preto-sp-e-regiao-ismael-colosi\/"},"img":{"alt_text":"","src":"https:\/\/i0.wp.com\/noticiasribeiraopreto.com.br\/wp-content\/uploads\/2026\/03\/3-coracoes-yoki-kitano_2026-03-17_13-47-54.webp.webp?fit=1200%2C674&ssl=1&resize=350%2C200","width":350,"height":200,"srcset":"https:\/\/i0.wp.com\/noticiasribeiraopreto.com.br\/wp-content\/uploads\/2026\/03\/3-coracoes-yoki-kitano_2026-03-17_13-47-54.webp.webp?fit=1200%2C674&ssl=1&resize=350%2C200 1x, https:\/\/i0.wp.com\/noticiasribeiraopreto.com.br\/wp-content\/uploads\/2026\/03\/3-coracoes-yoki-kitano_2026-03-17_13-47-54.webp.webp?fit=1200%2C674&ssl=1&resize=525%2C300 1.5x, https:\/\/i0.wp.com\/noticiasribeiraopreto.com.br\/wp-content\/uploads\/2026\/03\/3-coracoes-yoki-kitano_2026-03-17_13-47-54.webp.webp?fit=1200%2C674&ssl=1&resize=700%2C400 2x, https:\/\/i0.wp.com\/noticiasribeiraopreto.com.br\/wp-content\/uploads\/2026\/03\/3-coracoes-yoki-kitano_2026-03-17_13-47-54.webp.webp?fit=1200%2C674&ssl=1&resize=1050%2C600 3x"},"classes":[]},{"id":40261,"url":"https:\/\/noticiasribeiraopreto.com.br\/index.php\/2024\/03\/01\/sorteio-de-r-67-milhoes-da-nota-fiscal-paulista-veja-como-consultar-os-bilhetes\/","url_meta":{"origin":9382,"position":5},"title":"Sorteio de R$ 6,7 milh\u00f5es da Nota Fiscal Paulista: veja como consultar os bilhetes","author":"noticiasribeiraopreto.com.br","date":"1 de March de 2024","format":false,"excerpt":"O programa Nota Fiscal Paulista vai pagar R$ 6,7 milh\u00f5es em pr\u00eamios neste m\u00eas, aos consumidores e institui\u00e7\u00f5es beneficentes que inclu\u00edram o CPF ou CNPJ nas notas fiscais durante as compras feitas no com\u00e9rcio paulista em novembro do ano passado. A consulta dos bilhetes eletr\u00f4nicos para o sorteio deste m\u00eas\u2026","rel":"","context":"In &quot;Not\u00edcias de Ribeir\u00e3o Preto-SP e Regi\u00e3o&quot;","block_context":{"text":"Not\u00edcias de Ribeir\u00e3o Preto-SP e Regi\u00e3o","link":"https:\/\/noticiasribeiraopreto.com.br\/index.php\/category\/noticias-de-ribeirao-preto-sp-e-regiao-ismael-colosi\/"},"img":{"alt_text":"","src":"https:\/\/i0.wp.com\/noticiasribeiraopreto.com.br\/wp-content\/uploads\/2024\/03\/WhatsApp-Image-2023-12-20-at-16.26.15.jpeg?fit=1200%2C707&ssl=1&resize=350%2C200","width":350,"height":200,"srcset":"https:\/\/i0.wp.com\/noticiasribeiraopreto.com.br\/wp-content\/uploads\/2024\/03\/WhatsApp-Image-2023-12-20-at-16.26.15.jpeg?fit=1200%2C707&ssl=1&resize=350%2C200 1x, https:\/\/i0.wp.com\/noticiasribeiraopreto.com.br\/wp-content\/uploads\/2024\/03\/WhatsApp-Image-2023-12-20-at-16.26.15.jpeg?fit=1200%2C707&ssl=1&resize=525%2C300 1.5x, https:\/\/i0.wp.com\/noticiasribeiraopreto.com.br\/wp-content\/uploads\/2024\/03\/WhatsApp-Image-2023-12-20-at-16.26.15.jpeg?fit=1200%2C707&ssl=1&resize=700%2C400 2x, https:\/\/i0.wp.com\/noticiasribeiraopreto.com.br\/wp-content\/uploads\/2024\/03\/WhatsApp-Image-2023-12-20-at-16.26.15.jpeg?fit=1200%2C707&ssl=1&resize=1050%2C600 3x"},"classes":[]}],"jetpack_sharing_enabled":true,"jetpack_shortlink":"https:\/\/wp.me\/peQAOb-2rk","_links":{"self":[{"href":"https:\/\/noticiasribeiraopreto.com.br\/index.php\/wp-json\/wp\/v2\/posts\/9382","targetHints":{"allow":["GET"]}}],"collection":[{"href":"https:\/\/noticiasribeiraopreto.com.br\/index.php\/wp-json\/wp\/v2\/posts"}],"about":[{"href":"https:\/\/noticiasribeiraopreto.com.br\/index.php\/wp-json\/wp\/v2\/types\/post"}],"author":[{"embeddable":true,"href":"https:\/\/noticiasribeiraopreto.com.br\/index.php\/wp-json\/wp\/v2\/users\/1"}],"replies":[{"embeddable":true,"href":"https:\/\/noticiasribeiraopreto.com.br\/index.php\/wp-json\/wp\/v2\/comments?post=9382"}],"version-history":[{"count":0,"href":"https:\/\/noticiasribeiraopreto.com.br\/index.php\/wp-json\/wp\/v2\/posts\/9382\/revisions"}],"wp:featuredmedia":[{"embeddable":true,"href":"https:\/\/noticiasribeiraopreto.com.br\/index.php\/wp-json\/wp\/v2\/media\/9383"}],"wp:attachment":[{"href":"https:\/\/noticiasribeiraopreto.com.br\/index.php\/wp-json\/wp\/v2\/media?parent=9382"}],"wp:term":[{"taxonomy":"category","embeddable":true,"href":"https:\/\/noticiasribeiraopreto.com.br\/index.php\/wp-json\/wp\/v2\/categories?post=9382"},{"taxonomy":"post_tag","embeddable":true,"href":"https:\/\/noticiasribeiraopreto.com.br\/index.php\/wp-json\/wp\/v2\/tags?post=9382"}],"curies":[{"name":"wp","href":"https:\/\/api.w.org\/{rel}","templated":true}]}}