{"id":9401,"date":"2023-12-02T01:26:47","date_gmt":"2023-12-02T04:26:47","guid":{"rendered":"https:\/\/noticiasribeiraopreto.com.br\/index.php\/2023\/12\/02\/mei-celebram-novos-beneficios-do-inss-para-2024\/"},"modified":"2023-12-02T01:26:47","modified_gmt":"2023-12-02T04:26:47","slug":"mei-celebram-novos-beneficios-do-inss-para-2024","status":"publish","type":"post","link":"https:\/\/noticiasribeiraopreto.com.br\/index.php\/2023\/12\/02\/mei-celebram-novos-beneficios-do-inss-para-2024\/","title":{"rendered":"MEI celebram novos benef\u00edcios do INSS para 2024"},"content":{"rendered":"<div class='code-block code-block-1' style='margin: 8px 0 8px auto; text-align: right; display: block; clear: both;'>\n<p><a href=\"https:\/\/wa.link\/vpicfd\"><img data-recalc-dims=\"1\" class=\"wp-image-4922\" style=\"aspect-ratio: 2.0253164556962027; width: 561px; height: auto;\" src=\"https:\/\/i0.wp.com\/ismaelcolosi.com.br\/wp-content\/uploads\/2023\/11\/grupo-de-empregos-whatsapp-e-facebook-ismael-colosi-vagas.jpg?ssl=1\" alt=\"\" \/><\/a><\/p>\n<!-- \/wp:image -->\n<\/div>\n<p> <br \/>\n<\/p>\n<div>\n<div id=\"attachment_2315372\" class=\"wp-caption alignnone\">\n<div class=\"d-flex justify-content-center\" data-attachment-id=\"2315372\">\n<div class=\"position-relative d-inline-block\"><img data-recalc-dims=\"1\" data-portal-copyright=\"Istock\/FG Trade\" fetchpriority=\"high\" decoding=\"async\" class=\"size-full wp-image-2315372\" src=\"https:\/\/i0.wp.com\/catracalivre.com.br\/wp-content\/uploads\/2023\/11\/istock-1415833317.jpg?resize=1253%2C837&#038;ssl=1\" alt=\"MEI: Empreender est\u00e1 ainda mais simples com esta novidade!\" width=\"1253\" height=\"837\" srcset=\"https:\/\/catracalivre.com.br\/wp-content\/uploads\/2023\/11\/istock-1415833317.jpg 1253w, https:\/\/catracalivre.com.br\/wp-content\/uploads\/2023\/11\/istock-1415833317-450x301.jpg 450w, https:\/\/catracalivre.com.br\/wp-content\/uploads\/2023\/11\/istock-1415833317-768x513.jpg 768w\" sizes=\"(max-width: 1253px) 100vw, 1253px\"\/><\/p>\n<p>Cr\u00e9ditos: Istock\/FG Trade<\/p>\n<\/div>\n<\/div>\n<p><span class=\"post-imagem__legenda\">MEI: Empreender est\u00e1 ainda mais simples com esta novidade!<\/span><\/p>\n<\/div>\n<p>No universo do microempreendedorismo individual (MEI), uma parcela expressiva, composta por cerca de 16 milh\u00f5es de brasileiros, est\u00e1 prestes a usufruir de novos benef\u00edcios do INSS em 2024. Embora esse contingente represente uma for\u00e7a vital para o desenvolvimento econ\u00f4mico do pa\u00eds, muitos MEIs ainda desconhecem a extens\u00e3o dos benef\u00edcios previdenci\u00e1rios dispon\u00edveis para eles.<\/p>\n<p>O primeiro passo crucial para desfrutar dessas vantagens \u00e9 compreender que o acesso aos benef\u00edcios do INSS para o <a href=\"https:\/\/catracalivre.com.br\/cidadania\/receita-surpreende-e-simplifica-abertura-de-mei-a-partir-de-hoje\/\">MEI<\/a> est\u00e1 intrinsecamente ligado ao cumprimento das obriga\u00e7\u00f5es tribut\u00e1rias. A regulariza\u00e7\u00e3o das atividades se d\u00e1 por meio do pagamento mensal do Documento de Arrecada\u00e7\u00e3o Simplificado (DAS). Esse documento n\u00e3o apenas legaliza as atividades do microempreendedor, mas tamb\u00e9m assegura o status de segurado da Previd\u00eancia Social.<\/p>\n<p>Ao efetuar o pagamento mensal do DAS, o MEI se torna eleg\u00edvel para uma s\u00e9rie de benef\u00edcios previdenci\u00e1rios que podem ser cruciais ao longo de sua trajet\u00f3ria empreendedora. Vamos explorar alguns desses benef\u00edcios:<\/p>\n<p><strong>1. Aposentadoria por Idade:<\/strong> Um dos benef\u00edcios mais destacados \u00e9 a aposentadoria por idade. Contribuindo mensalmente, o MEI assegura o direito de se aposentar ao atingir a idade estipulada. Esse benef\u00edcio proporciona seguran\u00e7a financeira ao empreendedor que dedicou anos ao desenvolvimento de seu neg\u00f3cio.<\/p>\n<p><strong>2. Aposentadoria por Invalidez:<\/strong> Outro ponto importante \u00e9 a aposentadoria por invalidez. Em casos de incapacidade permanente para o trabalho, o <a href=\"https:\/\/catracalivre.com.br\/cidadania\/receita-surpreende-e-simplifica-abertura-de-mei-a-partir-de-hoje\/\">MEI<\/a> que contribui regularmente poder\u00e1 contar com esse benef\u00edcio como uma rede de seguran\u00e7a financeira.<\/p>\n<p><strong>3. Sal\u00e1rio Maternidade:<\/strong> Para as empreendedoras, o sal\u00e1rio maternidade \u00e9 um benef\u00edcio essencial. Ao contribuir mensalmente, as MEIs garantem o direito a um per\u00edodo remunerado durante a licen\u00e7a-maternidade, permitindo que possam se dedicar integralmente aos cuidados com o rec\u00e9m-nascido.<\/p>\n<p><strong>4. Aux\u00edlio-Doen\u00e7a:<\/strong> O aux\u00edlio-doen\u00e7a \u00e9 um suporte financeiro valioso em situa\u00e7\u00f5es de incapacidade tempor\u00e1ria devido a doen\u00e7as ou acidentes. A contribui\u00e7\u00e3o regular do MEI \u00e9 a chave para garantir esse benef\u00edcio em momentos de necessidade.<\/p>\n<p><strong>5. Aux\u00edlio Reclus\u00e3o:<\/strong> Em situa\u00e7\u00f5es de reclus\u00e3o, o MEI que contribui mensalmente tem direito ao aux\u00edlio reclus\u00e3o, proporcionando suporte financeiro aos seus dependentes durante esse per\u00edodo desafiador.<\/p>\n<p><strong>6. Pens\u00e3o por Morte<\/strong>: A pens\u00e3o por morte \u00e9 um benef\u00edcio importante para garantir a seguran\u00e7a financeira dos dependentes do MEI em caso de falecimento. A contribui\u00e7\u00e3o cont\u00ednua se traduz em prote\u00e7\u00e3o financeira para a fam\u00edlia.<\/p>\n<\/div>\n<p><script>\n\t\t! function(f, b, e, v, n, t, s) {\n\t\t\tif (f.fbq) return;\n\t\t\tn = f.fbq = function() {\n\t\t\t\tn.callMethod ?\n\t\t\t\t\tn.callMethod.apply(n, arguments) : n.queue.push(arguments)\n\t\t\t};\n\t\t\tif (!f._fbq) f._fbq = n;\n\t\t\tn.push = n;\n\t\t\tn.loaded = !0;\n\t\t\tn.version = '2.0';\n\t\t\tn.queue = [];\n\t\t\tt = b.createElement(e);\n\t\t\tt.async = !0;\n\t\t\tt.src = v;\n\t\t\ts = b.getElementsByTagName(e)[0];\n\t\t\ts.parentNode.insertBefore(t, s)\n\t\t}(window, document, 'script',\n\t\t\t'https:\/\/connect.facebook.net\/en_US\/fbevents.js');\n\t\tfbq('init', '338315473262380');\n\t\tfbq('track', 'PageView');\n\t<\/script><br \/>\n<br \/><br \/>\n<br \/><a href=\"https:\/\/catracalivre.com.br\/cidadania\/mei-celebram-novos-beneficios-do-inss-para-2024\/\">Source link <\/a><\/p>\n<!-- CONTENT END 1 -->\n","protected":false},"excerpt":{"rendered":"<p>Cr\u00e9ditos: Istock\/FG Trade MEI: Empreender est\u00e1 ainda mais simples com esta novidade! No universo do microempreendedorismo individual (MEI), uma parcela expressiva, composta por cerca de&#8230;<\/p>\n","protected":false},"author":1,"featured_media":9402,"comment_status":"open","ping_status":"open","sticky":false,"template":"","format":"standard","meta":{"advanced_seo_description":"","jetpack_seo_html_title":"","jetpack_seo_noindex":false,"jetpack_post_was_ever_published":false,"_jetpack_newsletter_access":"","_jetpack_dont_email_post_to_subs":false,"_jetpack_newsletter_tier_id":0,"_jetpack_memberships_contains_paywalled_content":false,"_jetpack_memberships_contains_paid_content":false,"footnotes":"","jetpack_publicize_message":"","jetpack_publicize_feature_enabled":true,"jetpack_social_post_already_shared":true,"jetpack_social_options":{"image_generator_settings":{"template":"highway","default_image_id":0,"font":"","enabled":false},"version":2}},"categories":[19],"tags":[],"class_list":["post-9401","post","type-post","status-publish","format-standard","has-post-thumbnail","hentry","category-variedades"],"jetpack_publicize_connections":[],"jetpack_featured_media_url":"https:\/\/i0.wp.com\/noticiasribeiraopreto.com.br\/wp-content\/uploads\/2023\/12\/1701491208_istock-1482168655.jpg?fit=1200%2C638&ssl=1","jetpack-related-posts":[{"id":15008,"url":"https:\/\/noticiasribeiraopreto.com.br\/index.php\/2023\/12\/12\/governo-promete-facilitar-a-vida-do-mei-com-estas-medidas\/","url_meta":{"origin":9401,"position":0},"title":"Governo promete facilitar a vida do MEI com estas medidas","author":"noticiasribeiraopreto.com.br","date":"12 de December de 2023","format":false,"excerpt":"O Ministro do Empreendedorismo, M\u00e1rcio Fran\u00e7a (PSB), revelou planos para reformular as regras de faturamento do Microempreendedor Individual (MEI). Segundo Fran\u00e7a, a proposta visa incentivar os empreendedores a contribuir mais para a Previd\u00eancia, o que resultaria em benef\u00edcios de aposentadoria mais substanciais. Cr\u00e9ditos: Istock\/JLco - Julia AmaralGoverno promete facilitar a\u2026","rel":"","context":"In &quot;Variedades&quot;","block_context":{"text":"Variedades","link":"https:\/\/noticiasribeiraopreto.com.br\/index.php\/category\/variedades\/"},"img":{"alt_text":"","src":"https:\/\/i0.wp.com\/noticiasribeiraopreto.com.br\/wp-content\/uploads\/2023\/12\/1702429545_istock-1415189284.jpg?fit=1200%2C638&ssl=1&resize=350%2C200","width":350,"height":200,"srcset":"https:\/\/i0.wp.com\/noticiasribeiraopreto.com.br\/wp-content\/uploads\/2023\/12\/1702429545_istock-1415189284.jpg?fit=1200%2C638&ssl=1&resize=350%2C200 1x, https:\/\/i0.wp.com\/noticiasribeiraopreto.com.br\/wp-content\/uploads\/2023\/12\/1702429545_istock-1415189284.jpg?fit=1200%2C638&ssl=1&resize=525%2C300 1.5x, https:\/\/i0.wp.com\/noticiasribeiraopreto.com.br\/wp-content\/uploads\/2023\/12\/1702429545_istock-1415189284.jpg?fit=1200%2C638&ssl=1&resize=700%2C400 2x, https:\/\/i0.wp.com\/noticiasribeiraopreto.com.br\/wp-content\/uploads\/2023\/12\/1702429545_istock-1415189284.jpg?fit=1200%2C638&ssl=1&resize=1050%2C600 3x"},"classes":[]},{"id":13442,"url":"https:\/\/noticiasribeiraopreto.com.br\/index.php\/2023\/12\/10\/se-voce-e-mei-e-pensa-em-se-aposentar-leia-este-post\/","url_meta":{"origin":9401,"position":1},"title":"Se voc\u00ea \u00e9 MEI e pensa em se aposentar, leia este post","author":"noticiasribeiraopreto.com.br","date":"10 de December de 2023","format":false,"excerpt":"Cr\u00e9ditos: Istock\/FG TradeMEI: Empreender est\u00e1 ainda mais simples com esta novidade!7 Os Microempreendedores Individuais (MEIs) do Brasil receberam uma not\u00edcia animadora que promete transformar a perspectiva de suas aposentadorias. O cerne da mudan\u00e7a reside na possibilidade de os MEIs contribu\u00edrem com valores superiores, o que resultar\u00e1 em aposentadorias mais robustas\u2026","rel":"","context":"In &quot;Variedades&quot;","block_context":{"text":"Variedades","link":"https:\/\/noticiasribeiraopreto.com.br\/index.php\/category\/variedades\/"},"img":{"alt_text":"","src":"https:\/\/i0.wp.com\/noticiasribeiraopreto.com.br\/wp-content\/uploads\/2023\/12\/1702211502_istock-1482168655.jpg?fit=1200%2C638&ssl=1&resize=350%2C200","width":350,"height":200,"srcset":"https:\/\/i0.wp.com\/noticiasribeiraopreto.com.br\/wp-content\/uploads\/2023\/12\/1702211502_istock-1482168655.jpg?fit=1200%2C638&ssl=1&resize=350%2C200 1x, https:\/\/i0.wp.com\/noticiasribeiraopreto.com.br\/wp-content\/uploads\/2023\/12\/1702211502_istock-1482168655.jpg?fit=1200%2C638&ssl=1&resize=525%2C300 1.5x, https:\/\/i0.wp.com\/noticiasribeiraopreto.com.br\/wp-content\/uploads\/2023\/12\/1702211502_istock-1482168655.jpg?fit=1200%2C638&ssl=1&resize=700%2C400 2x, https:\/\/i0.wp.com\/noticiasribeiraopreto.com.br\/wp-content\/uploads\/2023\/12\/1702211502_istock-1482168655.jpg?fit=1200%2C638&ssl=1&resize=1050%2C600 3x"},"classes":[]},{"id":7386,"url":"https:\/\/noticiasribeiraopreto.com.br\/index.php\/2023\/11\/28\/se-tornar-mei-esta-ainda-mais-facil-apos-esta-mega-novidade\/","url_meta":{"origin":9401,"position":2},"title":"Se tornar MEI est\u00e1 ainda mais f\u00e1cil ap\u00f3s esta MEGA novidade","author":"noticiasribeiraopreto.com.br","date":"28 de November de 2023","format":false,"excerpt":"Receita Federal implantou a partir desta quarta, 15, mais uma a\u00e7\u00e3o de simplifica\u00e7\u00e3o no Formul\u00e1rio do Microempreendedor Individual (MEI) no Portal do Empreendedor. Cr\u00e9ditos: Istock\/JLco - Julia AmaralReceita SURPREENDE e simplifica abertura de MEI Confira o que vai mudar: O usu\u00e1rio n\u00e3o ter\u00e1 que preencher mais o campo denominado Nome\u2026","rel":"","context":"In &quot;Variedades&quot;","block_context":{"text":"Variedades","link":"https:\/\/noticiasribeiraopreto.com.br\/index.php\/category\/variedades\/"},"img":{"alt_text":"","src":"https:\/\/i0.wp.com\/noticiasribeiraopreto.com.br\/wp-content\/uploads\/2023\/11\/istock-1415189284.jpg?fit=1200%2C638&ssl=1&resize=350%2C200","width":350,"height":200,"srcset":"https:\/\/i0.wp.com\/noticiasribeiraopreto.com.br\/wp-content\/uploads\/2023\/11\/istock-1415189284.jpg?fit=1200%2C638&ssl=1&resize=350%2C200 1x, https:\/\/i0.wp.com\/noticiasribeiraopreto.com.br\/wp-content\/uploads\/2023\/11\/istock-1415189284.jpg?fit=1200%2C638&ssl=1&resize=525%2C300 1.5x, https:\/\/i0.wp.com\/noticiasribeiraopreto.com.br\/wp-content\/uploads\/2023\/11\/istock-1415189284.jpg?fit=1200%2C638&ssl=1&resize=700%2C400 2x, https:\/\/i0.wp.com\/noticiasribeiraopreto.com.br\/wp-content\/uploads\/2023\/11\/istock-1415189284.jpg?fit=1200%2C638&ssl=1&resize=1050%2C600 3x"},"classes":[]},{"id":8928,"url":"https:\/\/noticiasribeiraopreto.com.br\/index.php\/2023\/12\/01\/abrir-mei-fica-ainda-mais-simples-apos-esta-decisao-do-governo-confira\/","url_meta":{"origin":9401,"position":3},"title":"Abrir MEI fica ainda mais simples ap\u00f3s esta decis\u00e3o do governo; confira","author":"noticiasribeiraopreto.com.br","date":"1 de December de 2023","format":false,"excerpt":"Receita Federal implantou mais uma a\u00e7\u00e3o de simplifica\u00e7\u00e3o no Formul\u00e1rio do Microempreendedor Individual (MEI) no Portal do Empreendedor. Cr\u00e9ditos: Istock\/Vergani_FotografiaAbrir MEI fica ainda mais simples ap\u00f3s esta decis\u00e3o do governo; confira Confira o que vai mudar: O usu\u00e1rio n\u00e3o ter\u00e1 que preencher mais o campo denominado Nome Fantasia; O processo\u2026","rel":"","context":"In &quot;Variedades&quot;","block_context":{"text":"Variedades","link":"https:\/\/noticiasribeiraopreto.com.br\/index.php\/category\/variedades\/"},"img":{"alt_text":"","src":"https:\/\/i0.wp.com\/noticiasribeiraopreto.com.br\/wp-content\/uploads\/2023\/12\/istock-1482168655.jpg?fit=1200%2C638&ssl=1&resize=350%2C200","width":350,"height":200,"srcset":"https:\/\/i0.wp.com\/noticiasribeiraopreto.com.br\/wp-content\/uploads\/2023\/12\/istock-1482168655.jpg?fit=1200%2C638&ssl=1&resize=350%2C200 1x, https:\/\/i0.wp.com\/noticiasribeiraopreto.com.br\/wp-content\/uploads\/2023\/12\/istock-1482168655.jpg?fit=1200%2C638&ssl=1&resize=525%2C300 1.5x, https:\/\/i0.wp.com\/noticiasribeiraopreto.com.br\/wp-content\/uploads\/2023\/12\/istock-1482168655.jpg?fit=1200%2C638&ssl=1&resize=700%2C400 2x, https:\/\/i0.wp.com\/noticiasribeiraopreto.com.br\/wp-content\/uploads\/2023\/12\/istock-1482168655.jpg?fit=1200%2C638&ssl=1&resize=1050%2C600 3x"},"classes":[]},{"id":21802,"url":"https:\/\/noticiasribeiraopreto.com.br\/index.php\/2023\/12\/28\/mei-que-nao-se-regularizar-esta-semana-sera-excluido-do-simples-nacional\/","url_meta":{"origin":9401,"position":4},"title":"MEI que n\u00e3o se regularizar esta semana ser\u00e1 exclu\u00eddo do Simples Nacional","author":"noticiasribeiraopreto.com.br","date":"28 de December de 2023","format":false,"excerpt":"Microempreendedores Individuais (MEI) t\u00eam uma oportunidade crucial de evitar a exclus\u00e3o do Simples Nacional devido a d\u00edvidas e pend\u00eancias com a Receita Federal. Cr\u00e9ditos: Jay Yuno\/istockMEI que n\u00e3o se regularizar esta semana ser\u00e1 exclu\u00eddo do Simples Nacional O \u00f3rg\u00e3o alerta que, em todo o pa\u00eds, um total de 393.678 MEIs\u2026","rel":"","context":"In &quot;Variedades&quot;","block_context":{"text":"Variedades","link":"https:\/\/noticiasribeiraopreto.com.br\/index.php\/category\/variedades\/"},"img":{"alt_text":"","src":"https:\/\/i0.wp.com\/noticiasribeiraopreto.com.br\/wp-content\/uploads\/2023\/12\/istock-1352426516.jpg?fit=1200%2C638&ssl=1&resize=350%2C200","width":350,"height":200,"srcset":"https:\/\/i0.wp.com\/noticiasribeiraopreto.com.br\/wp-content\/uploads\/2023\/12\/istock-1352426516.jpg?fit=1200%2C638&ssl=1&resize=350%2C200 1x, https:\/\/i0.wp.com\/noticiasribeiraopreto.com.br\/wp-content\/uploads\/2023\/12\/istock-1352426516.jpg?fit=1200%2C638&ssl=1&resize=525%2C300 1.5x, https:\/\/i0.wp.com\/noticiasribeiraopreto.com.br\/wp-content\/uploads\/2023\/12\/istock-1352426516.jpg?fit=1200%2C638&ssl=1&resize=700%2C400 2x, https:\/\/i0.wp.com\/noticiasribeiraopreto.com.br\/wp-content\/uploads\/2023\/12\/istock-1352426516.jpg?fit=1200%2C638&ssl=1&resize=1050%2C600 3x"},"classes":[]},{"id":12509,"url":"https:\/\/noticiasribeiraopreto.com.br\/index.php\/2023\/12\/08\/prazo-final-para-mei-continuar-no-simples-nacional-esta-proximo\/","url_meta":{"origin":9401,"position":5},"title":"Prazo final para MEI continuar no Simples Nacional est\u00e1 pr\u00f3ximo","author":"noticiasribeiraopreto.com.br","date":"8 de December de 2023","format":false,"excerpt":"Microempreendedores Individuais (MEI) t\u00eam uma oportunidade crucial de evitar a exclus\u00e3o do Simples Nacional devido a d\u00edvidas e pend\u00eancias com a Receita Federal. Cr\u00e9ditos: Istock\/Brenda Rocha BlossomPrazo final para MEI continuar no Simples Nacional est\u00e1 pr\u00f3ximo O \u00f3rg\u00e3o alerta que, em todo o pa\u00eds, um total de 393.678 MEIs receberam\u2026","rel":"","context":"In &quot;Variedades&quot;","block_context":{"text":"Variedades","link":"https:\/\/noticiasribeiraopreto.com.br\/index.php\/category\/variedades\/"},"img":{"alt_text":"","src":"https:\/\/i0.wp.com\/noticiasribeiraopreto.com.br\/wp-content\/uploads\/2023\/12\/istock-1204411498.jpg?fit=1200%2C638&ssl=1&resize=350%2C200","width":350,"height":200,"srcset":"https:\/\/i0.wp.com\/noticiasribeiraopreto.com.br\/wp-content\/uploads\/2023\/12\/istock-1204411498.jpg?fit=1200%2C638&ssl=1&resize=350%2C200 1x, https:\/\/i0.wp.com\/noticiasribeiraopreto.com.br\/wp-content\/uploads\/2023\/12\/istock-1204411498.jpg?fit=1200%2C638&ssl=1&resize=525%2C300 1.5x, https:\/\/i0.wp.com\/noticiasribeiraopreto.com.br\/wp-content\/uploads\/2023\/12\/istock-1204411498.jpg?fit=1200%2C638&ssl=1&resize=700%2C400 2x, https:\/\/i0.wp.com\/noticiasribeiraopreto.com.br\/wp-content\/uploads\/2023\/12\/istock-1204411498.jpg?fit=1200%2C638&ssl=1&resize=1050%2C600 3x"},"classes":[]}],"jetpack_sharing_enabled":true,"jetpack_shortlink":"https:\/\/wp.me\/peQAOb-2rD","_links":{"self":[{"href":"https:\/\/noticiasribeiraopreto.com.br\/index.php\/wp-json\/wp\/v2\/posts\/9401","targetHints":{"allow":["GET"]}}],"collection":[{"href":"https:\/\/noticiasribeiraopreto.com.br\/index.php\/wp-json\/wp\/v2\/posts"}],"about":[{"href":"https:\/\/noticiasribeiraopreto.com.br\/index.php\/wp-json\/wp\/v2\/types\/post"}],"author":[{"embeddable":true,"href":"https:\/\/noticiasribeiraopreto.com.br\/index.php\/wp-json\/wp\/v2\/users\/1"}],"replies":[{"embeddable":true,"href":"https:\/\/noticiasribeiraopreto.com.br\/index.php\/wp-json\/wp\/v2\/comments?post=9401"}],"version-history":[{"count":0,"href":"https:\/\/noticiasribeiraopreto.com.br\/index.php\/wp-json\/wp\/v2\/posts\/9401\/revisions"}],"wp:featuredmedia":[{"embeddable":true,"href":"https:\/\/noticiasribeiraopreto.com.br\/index.php\/wp-json\/wp\/v2\/media\/9402"}],"wp:attachment":[{"href":"https:\/\/noticiasribeiraopreto.com.br\/index.php\/wp-json\/wp\/v2\/media?parent=9401"}],"wp:term":[{"taxonomy":"category","embeddable":true,"href":"https:\/\/noticiasribeiraopreto.com.br\/index.php\/wp-json\/wp\/v2\/categories?post=9401"},{"taxonomy":"post_tag","embeddable":true,"href":"https:\/\/noticiasribeiraopreto.com.br\/index.php\/wp-json\/wp\/v2\/tags?post=9401"}],"curies":[{"name":"wp","href":"https:\/\/api.w.org\/{rel}","templated":true}]}}