{"id":9405,"date":"2023-12-01T17:07:26","date_gmt":"2023-12-01T20:07:26","guid":{"rendered":"https:\/\/noticiasribeiraopreto.com.br\/index.php\/2023\/12\/01\/papai-noel-movel-estara-em-parque-de-ribeirao-preto-neste-final-de-semana\/"},"modified":"2023-12-01T17:07:26","modified_gmt":"2023-12-01T20:07:26","slug":"papai-noel-movel-estara-em-parque-de-ribeirao-preto-neste-final-de-semana","status":"publish","type":"post","link":"https:\/\/noticiasribeiraopreto.com.br\/index.php\/2023\/12\/01\/papai-noel-movel-estara-em-parque-de-ribeirao-preto-neste-final-de-semana\/","title":{"rendered":"Papai Noel M\u00f3vel estar\u00e1 em parque de Ribeir\u00e3o Preto\u00a0neste final de semana"},"content":{"rendered":"<div class='code-block code-block-1' style='margin: 8px 0 8px auto; text-align: right; display: block; clear: both;'>\n<p><a href=\"https:\/\/wa.link\/vpicfd\"><img data-recalc-dims=\"1\" class=\"wp-image-4922\" style=\"aspect-ratio: 2.0253164556962027; width: 561px; height: auto;\" src=\"https:\/\/i0.wp.com\/ismaelcolosi.com.br\/wp-content\/uploads\/2023\/11\/grupo-de-empregos-whatsapp-e-facebook-ismael-colosi-vagas.jpg?ssl=1\" alt=\"\" \/><\/a><\/p>\n<!-- \/wp:image -->\n<\/div>\n<p> <br \/>\n<\/p>\n<div data-td-block-uid=\"tdi_104\">\n<div class=\"tdb-block-inner td-fix-index\">\n<p>O <strong>Papai Noel <\/strong>come\u00e7a a visitar os bairros de <strong>Ribeir\u00e3o Preto<\/strong> neste final de semana. A a\u00e7\u00e3o faz parte do projeto \u2018<strong>Noel M\u00f3vel<\/strong>\u2019 da Associa\u00e7\u00e3o Comercial e Industrial (Acirp). \u00a0<\/p>\n<p><mark style=\"background-color:#fcb900\" class=\"has-inline-color\">Neste s\u00e1bado (2), o Bom Velhinho vai estar no <strong>Parque Dr. Luis Carlos Raya<\/strong>, zona Sul da cidade. <strong>O hor\u00e1rio de visita\u00e7\u00e3o \u00e9 \u00e0s 9h<\/strong><\/mark>.<\/p>\n<h4 class=\"wp-block-heading\"><strong>No Centro<\/strong>\u00a0<\/h4>\n<p>Quem passar pelo Centro de <strong>Ribeir\u00e3o Preto<\/strong> tamb\u00e9m pode visitar o Papai Noel no <strong>Centro Cultural Palace<\/strong>, na esquina das ruas Duque de Caxias e \u00c1lvares Cabral, <strong> das 10h \u00e0s 16h<\/strong>, de <strong>s\u00e1bado e domingo<\/strong>, e de<strong> segunda a sexta-feira, das 15h \u00e0s 21h<\/strong>.<\/p>\n<p>Al\u00e9m disse acontece a<strong> Parada de Natal<\/strong> no Cal\u00e7ad\u00e3o com banda musical, elfos e outros seres m\u00e1gicos, <strong>a partir das 10h<\/strong>. \u00a0<\/p>\n<p><strong>SERVI\u00c7O<\/strong>\u00a0<br \/><em>Noel M\u00f3vel\u00a0<br \/><\/em>Data: 2\/12 \u2013 s\u00e1bado\u00a0<br \/>Hor\u00e1rio: 9h\u00a0<br \/>Local: Parque Dr Luis Carlos Raya \u2013 \u00a0R. Severiano Amaro dos Santos, s\/n \u2013 Jardim Bot\u00e2nico<br \/><a href=\"https:\/\/acirp.com.br\/papai-noel-chega-ao-centro-de-ribeirao-preto-neste-sabado-02-12\/\" target=\"_blank\" rel=\"noreferrer noopener\">Clique aqui<\/a> e veja os hor\u00e1rios e dias de funcionamento \u00a0<\/p>\n<p>VEJA TAMB\u00c9M <\/p>\n<p>Thiaguinho, Carpinejar e Toninho Del\u00edcio: Op\u00e7\u00f5es para curtir o fim de semana em Ribeir\u00e3o\u00a0<\/p>\n<h4 class=\"wp-block-heading\"><strong><span style=\"background-color:#f7cc62\" class=\"td_text_highlight_marker\">FIQUE ON <\/span><\/strong><\/h4>\n<p>Fique ligado em tudo que acontece em Ribeir\u00e3o Preto e regi\u00e3o. Siga os perfis do\u00a0<strong>acidade on<\/strong>\u00a0no\u00a0<a href=\"https:\/\/www.instagram.com\/acidadeonribeirao\" target=\"_blank\" rel=\"noreferrer noopener\">Instagram\u00a0<\/a>e no<a href=\"https:\/\/www.facebook.com\/acidadeonribeirao\" target=\"_blank\" rel=\"noreferrer noopener\">\u00a0Facebook.<\/a><\/p>\n<p>Receba not\u00edcias do\u00a0<strong>acidade on\u00a0<\/strong>no WhatsApp.\u00a0<a href=\"https:\/\/chat.whatsapp.com\/Bnv2w66ZT4VDyZW3oiZ69n\" target=\"_blank\" rel=\"noreferrer noopener\">Para entrar no grupo, basta clicar aqui.<\/a><\/p>\n<p>Fa\u00e7a uma den\u00fancia ou sugira uma reportagem sobre Ribeir\u00e3o Preto e regi\u00e3o pelo WhatsApp:\u00a0<strong>(16) 99117 7802.<\/strong><\/p>\n<p>LEIA MAIS <\/p>\n<p><a href=\"https:\/\/www.tudoep.com\/tudo-cult\/viu-essa\/NOT,0,0,1868392,mansao-de-clodovil-pode-ser-demolida-entenda.aspx\" target=\"_blank\" rel=\"noreferrer noopener\">Mans\u00e3o de Clodovil pode ser demolida; entenda<\/a><\/p>\n<p><!-- AI CONTENT END 1 -->\n<\/div>\n<\/div>\n<p><script async src=\"\/\/www.instagram.com\/embed.js\"><\/script><br \/>\n<br \/><br \/>\n<br \/><a href=\"https:\/\/www.acidadeon.com\/ribeiraopreto\/lazer-e-cultura\/papai-noel-movel-estara-em-parque-de-ribeirao-preto-neste-final-de-semana\/\">Source link <\/a><\/p>\n<!-- CONTENT END 1 -->\n","protected":false},"excerpt":{"rendered":"<p>O Papai Noel come\u00e7a a visitar os bairros de Ribeir\u00e3o Preto neste final de semana. A a\u00e7\u00e3o faz parte do projeto \u2018Noel M\u00f3vel\u2019 da Associa\u00e7\u00e3o&#8230;<\/p>\n","protected":false},"author":1,"featured_media":9406,"comment_status":"open","ping_status":"open","sticky":false,"template":"","format":"standard","meta":{"advanced_seo_description":"","jetpack_seo_html_title":"","jetpack_seo_noindex":false,"jetpack_post_was_ever_published":false,"_jetpack_newsletter_access":"","_jetpack_dont_email_post_to_subs":false,"_jetpack_newsletter_tier_id":0,"_jetpack_memberships_contains_paywalled_content":false,"_jetpack_memberships_contains_paid_content":false,"footnotes":"","jetpack_publicize_message":"","jetpack_publicize_feature_enabled":true,"jetpack_social_post_already_shared":true,"jetpack_social_options":{"image_generator_settings":{"template":"highway","default_image_id":0,"font":"","enabled":false},"version":2}},"categories":[11],"tags":[1288,672,1287,1198,1197,406,1289,26,126],"class_list":["post-9405","post","type-post","status-publish","format-standard","has-post-thumbnail","hentry","category-noticias-de-ribeirao-preto-sp-e-regiao-ismael-colosi","tag-estara","tag-final","tag-movel","tag-noel","tag-papai","tag-parque","tag-pretoneste","tag-ribeirao","tag-semana"],"jetpack_publicize_connections":[],"jetpack_featured_media_url":"https:\/\/i0.wp.com\/noticiasribeiraopreto.com.br\/wp-content\/uploads\/2023\/12\/5I6A6964-scaled-1.jpg?fit=2560%2C1707&ssl=1","jetpack-related-posts":[{"id":13229,"url":"https:\/\/noticiasribeiraopreto.com.br\/index.php\/2023\/12\/09\/saiba-os-bairro-de-ribeirao-preto-que-recebem-o-papai-noel-movel\/","url_meta":{"origin":9405,"position":0},"title":"Saiba os bairros de Ribeir\u00e3o Preto que recebem o Papai Noel M\u00f3vel","author":"noticiasribeiraopreto.com.br","date":"9 de December de 2023","format":false,"excerpt":"As visitas do Papai Noel aos bairros de Ribeir\u00e3o Preto continuam neste final de semana. A\u00a0a\u00e7\u00e3o faz parte do projeto \u2018Noel M\u00f3vel\u2019 da Associa\u00e7\u00e3o Comercial e Industrial de Ribeir\u00e3o Preto (Acirp). \u00a0 Neste s\u00e1bado (9), o Bom Velhinho vai estar na pra\u00e7a San Leandro, no Jardim Paulista, na zona Leste\u2026","rel":"","context":"In &quot;Not\u00edcias de Ribeir\u00e3o Preto-SP e Regi\u00e3o&quot;","block_context":{"text":"Not\u00edcias de Ribeir\u00e3o Preto-SP e Regi\u00e3o","link":"https:\/\/noticiasribeiraopreto.com.br\/index.php\/category\/noticias-de-ribeirao-preto-sp-e-regiao-ismael-colosi\/"},"img":{"alt_text":"","src":"https:\/\/i0.wp.com\/noticiasribeiraopreto.com.br\/wp-content\/uploads\/2023\/12\/5I6A6795-scaled-1.jpg?fit=1200%2C800&ssl=1&resize=350%2C200","width":350,"height":200,"srcset":"https:\/\/i0.wp.com\/noticiasribeiraopreto.com.br\/wp-content\/uploads\/2023\/12\/5I6A6795-scaled-1.jpg?fit=1200%2C800&ssl=1&resize=350%2C200 1x, https:\/\/i0.wp.com\/noticiasribeiraopreto.com.br\/wp-content\/uploads\/2023\/12\/5I6A6795-scaled-1.jpg?fit=1200%2C800&ssl=1&resize=525%2C300 1.5x, https:\/\/i0.wp.com\/noticiasribeiraopreto.com.br\/wp-content\/uploads\/2023\/12\/5I6A6795-scaled-1.jpg?fit=1200%2C800&ssl=1&resize=700%2C400 2x, https:\/\/i0.wp.com\/noticiasribeiraopreto.com.br\/wp-content\/uploads\/2023\/12\/5I6A6795-scaled-1.jpg?fit=1200%2C800&ssl=1&resize=1050%2C600 3x"},"classes":[]},{"id":61708,"url":"https:\/\/noticiasribeiraopreto.com.br\/index.php\/2024\/12\/19\/natal-luz-chega-a-reta-final-em-ribeirao-confira-programacao-do-fim-de-semana\/","url_meta":{"origin":9405,"position":1},"title":"Natal Luz chega \u00e0 reta final em Ribeir\u00e3o; Confira programa\u00e7\u00e3o do fim de semana","author":"noticiasribeiraopreto.com.br","date":"19 de December de 2024","format":false,"excerpt":"A programa\u00e7\u00e3o do Natal Luz em Ribeir\u00e3o Preto chega a sua reta final neste final de semana, com atra\u00e7\u00f5es para toda a fam\u00edlia. Na agenda de atividades est\u00e3o op\u00e7\u00f5es para todos os gostos e idades, com destaque para apresenta\u00e7\u00f5es musicais, visita\u00e7\u00e3o ao Papai Noel e caravana de Natal. Al\u00e9m disso,\u2026","rel":"","context":"In &quot;Not\u00edcias de Ribeir\u00e3o Preto-SP e Regi\u00e3o&quot;","block_context":{"text":"Not\u00edcias de Ribeir\u00e3o Preto-SP e Regi\u00e3o","link":"https:\/\/noticiasribeiraopreto.com.br\/index.php\/category\/noticias-de-ribeirao-preto-sp-e-regiao-ismael-colosi\/"},"img":{"alt_text":"","src":"https:\/\/i0.wp.com\/noticiasribeiraopreto.com.br\/wp-content\/uploads\/2024\/12\/papai-noel-foto-fabrica-de-retratos-acirp-scaled.jpg?fit=1200%2C800&ssl=1&resize=350%2C200","width":350,"height":200,"srcset":"https:\/\/i0.wp.com\/noticiasribeiraopreto.com.br\/wp-content\/uploads\/2024\/12\/papai-noel-foto-fabrica-de-retratos-acirp-scaled.jpg?fit=1200%2C800&ssl=1&resize=350%2C200 1x, https:\/\/i0.wp.com\/noticiasribeiraopreto.com.br\/wp-content\/uploads\/2024\/12\/papai-noel-foto-fabrica-de-retratos-acirp-scaled.jpg?fit=1200%2C800&ssl=1&resize=525%2C300 1.5x, https:\/\/i0.wp.com\/noticiasribeiraopreto.com.br\/wp-content\/uploads\/2024\/12\/papai-noel-foto-fabrica-de-retratos-acirp-scaled.jpg?fit=1200%2C800&ssl=1&resize=700%2C400 2x, https:\/\/i0.wp.com\/noticiasribeiraopreto.com.br\/wp-content\/uploads\/2024\/12\/papai-noel-foto-fabrica-de-retratos-acirp-scaled.jpg?fit=1200%2C800&ssl=1&resize=1050%2C600 3x"},"classes":[]},{"id":61488,"url":"https:\/\/noticiasribeiraopreto.com.br\/index.php\/2024\/12\/13\/natal-luz-confira-a-programacao-deste-fim-de-semana-em-ribeirao-preto\/","url_meta":{"origin":9405,"position":2},"title":"Natal Luz: Confira a programa\u00e7\u00e3o deste fim de semana em Ribeir\u00e3o Preto","author":"noticiasribeiraopreto.com.br","date":"13 de December de 2024","format":false,"excerpt":"O\u00a0Natal Luz,\u00a0promove diversas atividades gratuitas, em\u00a0Ribeir\u00e3o Preto,\u00a0durante todo o m\u00eas de dezembro.\u00a0A programa\u00e7\u00e3o vai at\u00e9 o dia 23 de dezembro e oferece op\u00e7\u00f5es para todos os gostos e idades, com destaque para apresenta\u00e7\u00f5es musicais e a tradicional visita\u00e7\u00e3o ao Papai Noel. Confira os principais eventos deste fim de semana: Caravana\u2026","rel":"","context":"In &quot;Not\u00edcias de Ribeir\u00e3o Preto-SP e Regi\u00e3o&quot;","block_context":{"text":"Not\u00edcias de Ribeir\u00e3o Preto-SP e Regi\u00e3o","link":"https:\/\/noticiasribeiraopreto.com.br\/index.php\/category\/noticias-de-ribeirao-preto-sp-e-regiao-ismael-colosi\/"},"img":{"alt_text":"","src":"https:\/\/i0.wp.com\/noticiasribeiraopreto.com.br\/wp-content\/uploads\/2024\/11\/papai-noel_2024-11-30_14-26-03_jpg_2024-11-30_14-26-03.webp.webp?fit=1195%2C858&ssl=1&resize=350%2C200","width":350,"height":200,"srcset":"https:\/\/i0.wp.com\/noticiasribeiraopreto.com.br\/wp-content\/uploads\/2024\/11\/papai-noel_2024-11-30_14-26-03_jpg_2024-11-30_14-26-03.webp.webp?fit=1195%2C858&ssl=1&resize=350%2C200 1x, https:\/\/i0.wp.com\/noticiasribeiraopreto.com.br\/wp-content\/uploads\/2024\/11\/papai-noel_2024-11-30_14-26-03_jpg_2024-11-30_14-26-03.webp.webp?fit=1195%2C858&ssl=1&resize=525%2C300 1.5x, https:\/\/i0.wp.com\/noticiasribeiraopreto.com.br\/wp-content\/uploads\/2024\/11\/papai-noel_2024-11-30_14-26-03_jpg_2024-11-30_14-26-03.webp.webp?fit=1195%2C858&ssl=1&resize=700%2C400 2x, https:\/\/i0.wp.com\/noticiasribeiraopreto.com.br\/wp-content\/uploads\/2024\/11\/papai-noel_2024-11-30_14-26-03_jpg_2024-11-30_14-26-03.webp.webp?fit=1195%2C858&ssl=1&resize=1050%2C600 3x"},"classes":[]},{"id":13012,"url":"https:\/\/noticiasribeiraopreto.com.br\/index.php\/2023\/12\/08\/veja-onde-vai-estar-a-casinha-do-papai-noel-neste-final-de-semana-em-ribeirao\/","url_meta":{"origin":9405,"position":3},"title":"Veja onde vai estar a casinha do Papai Noel neste final de semana em Ribeir\u00e3o","author":"noticiasribeiraopreto.com.br","date":"8 de December de 2023","format":false,"excerpt":"O Natal Luz da Associa\u00e7\u00e3o Comercial e Industrial de Ribeir\u00e3o Preto (Acirp) continua levando a casinha do Papai Noel para diversos bairros da cidade. A a\u00e7\u00e3o acontece at\u00e9 o dia 22 de dezembro. A programa\u00e7\u00e3o itinerante de Natal estar\u00e1, nesta sexta-feira (8), na pra\u00e7a Cristo Redentor, a partir das 18h.\u2026","rel":"","context":"In &quot;Not\u00edcias de Ribeir\u00e3o Preto-SP e Regi\u00e3o&quot;","block_context":{"text":"Not\u00edcias de Ribeir\u00e3o Preto-SP e Regi\u00e3o","link":"https:\/\/noticiasribeiraopreto.com.br\/index.php\/category\/noticias-de-ribeirao-preto-sp-e-regiao-ismael-colosi\/"},"img":{"alt_text":"","src":"https:\/\/i0.wp.com\/noticiasribeiraopreto.com.br\/wp-content\/uploads\/2023\/12\/casinha_do_1200x675_03122021180729.jpg?fit=1200%2C675&ssl=1&resize=350%2C200","width":350,"height":200,"srcset":"https:\/\/i0.wp.com\/noticiasribeiraopreto.com.br\/wp-content\/uploads\/2023\/12\/casinha_do_1200x675_03122021180729.jpg?fit=1200%2C675&ssl=1&resize=350%2C200 1x, https:\/\/i0.wp.com\/noticiasribeiraopreto.com.br\/wp-content\/uploads\/2023\/12\/casinha_do_1200x675_03122021180729.jpg?fit=1200%2C675&ssl=1&resize=525%2C300 1.5x, https:\/\/i0.wp.com\/noticiasribeiraopreto.com.br\/wp-content\/uploads\/2023\/12\/casinha_do_1200x675_03122021180729.jpg?fit=1200%2C675&ssl=1&resize=700%2C400 2x, https:\/\/i0.wp.com\/noticiasribeiraopreto.com.br\/wp-content\/uploads\/2023\/12\/casinha_do_1200x675_03122021180729.jpg?fit=1200%2C675&ssl=1&resize=1050%2C600 3x"},"classes":[]},{"id":14992,"url":"https:\/\/noticiasribeiraopreto.com.br\/index.php\/2023\/12\/12\/papai-noel-itinerante-visita-bairros-de-ribeirao-preto-veja-a-programacao\/","url_meta":{"origin":9405,"position":4},"title":"Papai Noel itinerante visita bairros de Ribeir\u00e3o Preto; Veja a programa\u00e7\u00e3o","author":"noticiasribeiraopreto.com.br","date":"12 de December de 2023","format":false,"excerpt":"O Noel M\u00f3vel segue visitando os bairros de Ribeir\u00e3o Preto, nesta semana. A a\u00e7\u00e3o faz parte da programa\u00e7\u00e3o do Natal Luz da Associa\u00e7\u00e3o Comercial e Industrial de Ribeir\u00e3o Preto (Acirp). Nesta quarta-feira (13), o Bom Velhinho estar\u00e1 na pra\u00e7a dos Trabalhadores, na zona Oeste da cidade, a partir das 18h.\u2026","rel":"","context":"In &quot;Not\u00edcias de Ribeir\u00e3o Preto-SP e Regi\u00e3o&quot;","block_context":{"text":"Not\u00edcias de Ribeir\u00e3o Preto-SP e Regi\u00e3o","link":"https:\/\/noticiasribeiraopreto.com.br\/index.php\/category\/noticias-de-ribeirao-preto-sp-e-regiao-ismael-colosi\/"},"img":{"alt_text":"","src":"https:\/\/i0.wp.com\/noticiasribeiraopreto.com.br\/wp-content\/uploads\/2023\/12\/santa-claus-1906513_1280.jpg?fit=1200%2C800&ssl=1&resize=350%2C200","width":350,"height":200,"srcset":"https:\/\/i0.wp.com\/noticiasribeiraopreto.com.br\/wp-content\/uploads\/2023\/12\/santa-claus-1906513_1280.jpg?fit=1200%2C800&ssl=1&resize=350%2C200 1x, https:\/\/i0.wp.com\/noticiasribeiraopreto.com.br\/wp-content\/uploads\/2023\/12\/santa-claus-1906513_1280.jpg?fit=1200%2C800&ssl=1&resize=525%2C300 1.5x, https:\/\/i0.wp.com\/noticiasribeiraopreto.com.br\/wp-content\/uploads\/2023\/12\/santa-claus-1906513_1280.jpg?fit=1200%2C800&ssl=1&resize=700%2C400 2x, https:\/\/i0.wp.com\/noticiasribeiraopreto.com.br\/wp-content\/uploads\/2023\/12\/santa-claus-1906513_1280.jpg?fit=1200%2C800&ssl=1&resize=1050%2C600 3x"},"classes":[]},{"id":9723,"url":"https:\/\/noticiasribeiraopreto.com.br\/index.php\/2023\/12\/02\/saiba-em-qual-bairro-o-papai-noel-movel-vai-estar-neste-domingo-em-ribeirao\/","url_meta":{"origin":9405,"position":5},"title":"Saiba em qual bairro o Papai Noel M\u00f3vel vai estar neste domingo em Ribeir\u00e3o","author":"noticiasribeiraopreto.com.br","date":"2 de December de 2023","format":false,"excerpt":"A visita do Papai Noel, nos bairros de Ribeir\u00e3o Preto, come\u00e7ou nesta s\u00e1bado (2) continua at\u00e9 o dia 22 de dezembro. A\u00a0a\u00e7\u00e3o faz parte do projeto \u2018Noel M\u00f3vel\u2019 da Associa\u00e7\u00e3o Comercial e Industrial (Acirp). \u00a0 Neste domingo (3), o Bom Velhinho vai estar na Pra\u00e7a Ali Yussef Abou Hamin, no\u2026","rel":"","context":"In &quot;Not\u00edcias de Ribeir\u00e3o Preto-SP e Regi\u00e3o&quot;","block_context":{"text":"Not\u00edcias de Ribeir\u00e3o Preto-SP e Regi\u00e3o","link":"https:\/\/noticiasribeiraopreto.com.br\/index.php\/category\/noticias-de-ribeirao-preto-sp-e-regiao-ismael-colosi\/"},"img":{"alt_text":"","src":"https:\/\/i0.wp.com\/noticiasribeiraopreto.com.br\/wp-content\/uploads\/2023\/12\/5I6A6897-scaled-1.jpg?fit=1200%2C909&ssl=1&resize=350%2C200","width":350,"height":200,"srcset":"https:\/\/i0.wp.com\/noticiasribeiraopreto.com.br\/wp-content\/uploads\/2023\/12\/5I6A6897-scaled-1.jpg?fit=1200%2C909&ssl=1&resize=350%2C200 1x, https:\/\/i0.wp.com\/noticiasribeiraopreto.com.br\/wp-content\/uploads\/2023\/12\/5I6A6897-scaled-1.jpg?fit=1200%2C909&ssl=1&resize=525%2C300 1.5x, https:\/\/i0.wp.com\/noticiasribeiraopreto.com.br\/wp-content\/uploads\/2023\/12\/5I6A6897-scaled-1.jpg?fit=1200%2C909&ssl=1&resize=700%2C400 2x, https:\/\/i0.wp.com\/noticiasribeiraopreto.com.br\/wp-content\/uploads\/2023\/12\/5I6A6897-scaled-1.jpg?fit=1200%2C909&ssl=1&resize=1050%2C600 3x"},"classes":[]}],"jetpack_sharing_enabled":true,"jetpack_shortlink":"https:\/\/wp.me\/peQAOb-2rH","_links":{"self":[{"href":"https:\/\/noticiasribeiraopreto.com.br\/index.php\/wp-json\/wp\/v2\/posts\/9405","targetHints":{"allow":["GET"]}}],"collection":[{"href":"https:\/\/noticiasribeiraopreto.com.br\/index.php\/wp-json\/wp\/v2\/posts"}],"about":[{"href":"https:\/\/noticiasribeiraopreto.com.br\/index.php\/wp-json\/wp\/v2\/types\/post"}],"author":[{"embeddable":true,"href":"https:\/\/noticiasribeiraopreto.com.br\/index.php\/wp-json\/wp\/v2\/users\/1"}],"replies":[{"embeddable":true,"href":"https:\/\/noticiasribeiraopreto.com.br\/index.php\/wp-json\/wp\/v2\/comments?post=9405"}],"version-history":[{"count":0,"href":"https:\/\/noticiasribeiraopreto.com.br\/index.php\/wp-json\/wp\/v2\/posts\/9405\/revisions"}],"wp:featuredmedia":[{"embeddable":true,"href":"https:\/\/noticiasribeiraopreto.com.br\/index.php\/wp-json\/wp\/v2\/media\/9406"}],"wp:attachment":[{"href":"https:\/\/noticiasribeiraopreto.com.br\/index.php\/wp-json\/wp\/v2\/media?parent=9405"}],"wp:term":[{"taxonomy":"category","embeddable":true,"href":"https:\/\/noticiasribeiraopreto.com.br\/index.php\/wp-json\/wp\/v2\/categories?post=9405"},{"taxonomy":"post_tag","embeddable":true,"href":"https:\/\/noticiasribeiraopreto.com.br\/index.php\/wp-json\/wp\/v2\/tags?post=9405"}],"curies":[{"name":"wp","href":"https:\/\/api.w.org\/{rel}","templated":true}]}}