{"id":9451,"date":"2023-12-02T04:01:18","date_gmt":"2023-12-02T07:01:18","guid":{"rendered":"https:\/\/noticiasribeiraopreto.com.br\/index.php\/2023\/12\/02\/descubra-quem-tem-direito-e-como-solicitar\/"},"modified":"2023-12-02T04:01:18","modified_gmt":"2023-12-02T07:01:18","slug":"descubra-quem-tem-direito-e-como-solicitar","status":"publish","type":"post","link":"https:\/\/noticiasribeiraopreto.com.br\/index.php\/2023\/12\/02\/descubra-quem-tem-direito-e-como-solicitar\/","title":{"rendered":"Descubra Quem Tem Direito e Como Solicitar"},"content":{"rendered":"<div class='code-block code-block-1' style='margin: 8px 0 8px auto; text-align: right; display: block; clear: both;'>\n<p><a href=\"https:\/\/wa.link\/vpicfd\"><img data-recalc-dims=\"1\" class=\"wp-image-4922\" style=\"aspect-ratio: 2.0253164556962027; width: 561px; height: auto;\" src=\"https:\/\/i0.wp.com\/ismaelcolosi.com.br\/wp-content\/uploads\/2023\/11\/grupo-de-empregos-whatsapp-e-facebook-ismael-colosi-vagas.jpg?ssl=1\" alt=\"\" \/><\/a><\/p>\n<!-- \/wp:image -->\n<\/div>\n<p> <br \/>\n<\/p>\n<div>\n<p>A aposentadoria antecipada \u00e9 um recurso indispens\u00e1vel para quem busca desvendar os caminhos que levam \u00e0 t\u00e3o almejada liberdade financeira. Se voc\u00ea j\u00e1 se perguntou sobre a possibilidade de se aposentar antes do tempo e como isso pode impactar positivamente sua vida, est\u00e1 no lugar certo.<\/p>\n<p>Entendemos que a decis\u00e3o de antecipar a aposentadoria \u00e9 crucial e pode transformar seu panorama financeiro. Por isso, nosso conte\u00fado \u00e9 pensado para todos que buscam n\u00e3o apenas informa\u00e7\u00f5es superficiais, mas orienta\u00e7\u00f5es profundas e abrangentes.<\/p>\n<p>Est\u00e1 pronto para mergulhar nesse universo de possibilidades? Acompanhe-nos nesta jornada!<\/p>\n<p>Leia tamb\u00e9m: <a href=\"https:\/\/blog.bompracredito.com.br\/planejamento-financeiro-para-aposentadoria\/\">Aposentadoria: aprenda a fazer um planejamento financeiro eficiente<\/a><\/p>\n<h2 class=\"wp-block-heading\">O que \u00e9 Aposentadoria Antecipada?<\/h2>\n<p>A aposentadoria antecipada, um conceito que desperta o interesse de muitos, representa uma alternativa \u00e0 aposentadoria convencional. Diferentemente do processo tradicional, ela oferece a oportunidade de desfrutar dos benef\u00edcios previdenci\u00e1rios antes do tempo estabelecido pela legisla\u00e7\u00e3o.<\/p>\n<p>Ao mergulharmos mais profundamente no que significa aposentadoria antecipada, percebemos que essa modalidade proporciona liberdade e flexibilidade. Ela n\u00e3o se trata apenas de uma quest\u00e3o de tempo, mas sim de tomar decis\u00f5es conscientes sobre o futuro financeiro. Afinal, quem n\u00e3o deseja conquistar independ\u00eancia mais cedo?<\/p>\n<p>Nesse contexto, aposentadoria antecipada n\u00e3o \u00e9 simplesmente uma pausa antecipada no trabalho, mas sim um planejamento estrat\u00e9gico para alcan\u00e7ar metas financeiras e aproveitar a vida da melhor maneira poss\u00edvel.<\/p>\n<p>A seguir, vamos explorar os detalhes que tornam essa op\u00e7\u00e3o uma escolha atrativa para aqueles que buscam uma abordagem diferenciada em rela\u00e7\u00e3o \u00e0 sua jornada de aposentadoria.<\/p>\n<figure class=\"wp-block-image size-full is-resized\"><img data-recalc-dims=\"1\" loading=\"lazy\" decoding=\"async\" width=\"1000\" height=\"667\" alt=\"Aposentadoria antecipada\" class=\"wp-image-20089 lazyload\" style=\"aspect-ratio:1.4992503748125936;width:754px;height:auto\" src=\"https:\/\/i0.wp.com\/blog.bompracredito.com.br\/wp-content\/uploads\/counting-expences.jpg?resize=1000%2C667&#038;ssl=1\" srcset=\"https:\/\/blog.bompracredito.com.br\/wp-content\/uploads\/counting-expences.jpg 1000w, https:\/\/blog.bompracredito.com.br\/wp-content\/uploads\/counting-expences-300x200.jpg 300w, https:\/\/blog.bompracredito.com.br\/wp-content\/uploads\/counting-expences-768x512.jpg 768w, https:\/\/blog.bompracredito.com.br\/wp-content\/uploads\/counting-expences-150x100.jpg 150w\" data-sizes=\"auto\"\/><noscript><img data-recalc-dims=\"1\" loading=\"lazy\" decoding=\"async\" width=\"1000\" height=\"667\" src=\"https:\/\/i0.wp.com\/blog.bompracredito.com.br\/wp-content\/uploads\/counting-expences.jpg?resize=1000%2C667&#038;ssl=1\" alt=\"Aposentadoria antecipada\" class=\"wp-image-20089\" style=\"aspect-ratio:1.4992503748125936;width:754px;height:auto\" srcset=\"https:\/\/blog.bompracredito.com.br\/wp-content\/uploads\/counting-expences.jpg 1000w, https:\/\/blog.bompracredito.com.br\/wp-content\/uploads\/counting-expences-300x200.jpg 300w, https:\/\/blog.bompracredito.com.br\/wp-content\/uploads\/counting-expences-768x512.jpg 768w, https:\/\/blog.bompracredito.com.br\/wp-content\/uploads\/counting-expences-150x100.jpg 150w\" sizes=\"auto, (max-width: 1000px) 100vw, 1000px\" data-eio=\"l\"\/><\/noscript><\/figure>\n<h3 class=\"wp-block-heading\">O que a Aposentadoria Antecipada Representa?<\/h3>\n<p>Aposentadoria antecipada vai al\u00e9m de um mero ato de encerrar a carreira mais cedo. Ela simboliza a busca por uma vida mais equilibrada, onde o tempo e a liberdade s\u00e3o recursos preciosos.\u00a0<\/p>\n<p>Ao optar por essa modalidade, indiv\u00edduos buscam maximizar o potencial de suas vidas, aproveitando os frutos de seus esfor\u00e7os enquanto ainda desfrutam de boa sa\u00fade e vitalidade.<\/p>\n<h3 class=\"wp-block-heading\">A Flexibilidade como Pilar da Aposentadoria Antecipada<\/h3>\n<p>Um dos aspectos fundamentais da aposentadoria antecipada \u00e9 a flexibilidade que ela oferece. Ao contr\u00e1rio da rigidez de uma aposentadoria convencional, essa modalidade permite que as pessoas decidam quando \u00e9 o momento ideal para dar esse passo significativo. Isso cria a oportunidade de alinhar a aposentadoria aos objetivos pessoais e \u00e0s circunst\u00e2ncias individuais.<\/p>\n<h2 class=\"wp-block-heading\">Requisitos para Aposentadoria Antecipada<\/h2>\n<p>A busca pela aposentadoria antecipada requer compreens\u00e3o precisa dos requisitos estabelecidos pela legisla\u00e7\u00e3o previdenci\u00e1ria. A seguir, vamos desvendar os crit\u00e9rios essenciais que delineiam quem pode aspirar a essa modalidade e como essas diretrizes influenciam a elegibilidade.<\/p>\n<h3 class=\"wp-block-heading\">Idade M\u00ednima e Tempo de Contribui\u00e7\u00e3o: A F\u00f3rmula da Antecipa\u00e7\u00e3o<\/h3>\n<p>O primeiro ponto de an\u00e1lise para quem considera a aposentadoria antecipada \u00e9 a combina\u00e7\u00e3o entre idade m\u00ednima e tempo de contribui\u00e7\u00e3o. \u00c9 vital compreender que, embora a antecipa\u00e7\u00e3o seja uma op\u00e7\u00e3o, ela n\u00e3o \u00e9 universalmente aplic\u00e1vel.\u00a0<\/p>\n<p>A legisla\u00e7\u00e3o previdenci\u00e1ria estabelece crit\u00e9rios espec\u00edficos que os postulantes devem atender para aderir a essa modalidade.<\/p>\n<p>De modo geral, s\u00e3o necess\u00e1rios 34 anos de contribui\u00e7\u00e3o para conseguir se aposentar nesta modalidade. Al\u00e9m disso, vale destacar que \u00e9 necess\u00e1rio ter se inscrito no INSS at\u00e9 o dia 26 de dezembro de 1998. Novos benefici\u00e1rios n\u00e3o podem usufruir desse benef\u00edcio.\u00a0<\/p>\n<h3 class=\"wp-block-heading\">Circunst\u00e2ncias Especiais:\u00a0<\/h3>\n<p>Al\u00e9m disso, a legisla\u00e7\u00e3o previdenci\u00e1ria reconhece a diversidade de situa\u00e7\u00f5es e estabelece crit\u00e9rios que se adaptam a circunst\u00e2ncias espec\u00edficas. Por exemplo, situa\u00e7\u00f5es de sa\u00fade ou necessidades familiares podem ser consideradas ao avaliar a elegibilidade para a aposentadoria antecipada.\u00a0<\/p>\n<p>Entender essas adapta\u00e7\u00f5es \u00e9 fundamental para garantir que a busca por antecipa\u00e7\u00e3o seja inclusiva e abranja diferentes contextos de vida.<\/p>\n<h2 class=\"wp-block-heading\">Como Solicitar a Aposentadoria Antecipada?<\/h2>\n<p>Chegou o momento crucial de transformar o desejo de aposentadoria antecipada em realidade. A seguir, vamos detalhar o processo pr\u00e1tico para solicitar esse benef\u00edcio.<\/p>\n<h3 class=\"wp-block-heading\">Passo a Passo do Processo de Solicita\u00e7\u00e3o<\/h3>\n<p>Iniciar o processo de aposentadoria antecipada exige seguir um passo a passo cuidadoso:<\/p>\n<p><strong>Conhe\u00e7a os Requisitos:<\/strong><\/p>\n<ul>\n<li>Verifique se atende aos requisitos de idade m\u00ednima e tempo de contribui\u00e7\u00e3o.<\/li>\n<li>Considere circunst\u00e2ncias especiais, como profiss\u00f5es com regras diferenciadas.<\/li>\n<\/ul>\n<p><strong>Acesse a Plataforma Oficial:<\/strong><\/p>\n<ul>\n<li>Utilize os canais online oferecidos pela <a href=\"https:\/\/www.gov.br\/previdencia\/pt-br\" target=\"_blank\" rel=\"noopener\">Previd\u00eancia Social<\/a>.<\/li>\n<li>Acesse o site oficial e siga as orienta\u00e7\u00f5es para iniciar o processo.<\/li>\n<\/ul>\n<p><strong>Re\u00fana a Documenta\u00e7\u00e3o Necess\u00e1ria:<\/strong><\/p>\n<ul>\n<li>Prepare documentos como RG, CPF, comprovantes de contribui\u00e7\u00e3o, entre outros.<\/li>\n<\/ul>\n<p><strong>Preencha os Formul\u00e1rios Adequados:<\/strong><\/p>\n<ul>\n<li>Complete os formul\u00e1rios espec\u00edficos para solicita\u00e7\u00e3o de aposentadoria antecipada.<\/li>\n<li>Esteja atento aos detalhes, evitando erros que possam atrasar o processo.<\/li>\n<\/ul>\n<p><strong>Respeite os Prazos Estabelecidos:<\/strong><\/p>\n<ul>\n<li>Conhe\u00e7a os prazos para protocolar a solicita\u00e7\u00e3o.<\/li>\n<li>Esteja ciente de poss\u00edveis etapas de an\u00e1lise e verifica\u00e7\u00e3o.<\/li>\n<\/ul>\n<h3 class=\"wp-block-heading\">Documenta\u00e7\u00e3o Necess\u00e1ria:\u00a0<\/h3>\n<p>Confira os documentos cruciais para uma solicita\u00e7\u00e3o eficaz:<\/p>\n<ul>\n<li>Documentos de Identifica\u00e7\u00e3o: RG, CPF, carteira de trabalho.<\/li>\n<li>Comprovantes de Contribui\u00e7\u00e3o: Extratos do INSS, carn\u00eas de pagamento.<\/li>\n<li>Documentos Complementares: Certid\u00e3o de nascimento de filhos menores, se aplic\u00e1vel.<\/li>\n<li>Laudo M\u00e9dico (se necess\u00e1rio): Em casos de aposentadoria por invalidez.<\/li>\n<\/ul>\n<h3 class=\"wp-block-heading\">Prazos e Considera\u00e7\u00f5es Importantes<\/h3>\n<p>Confira os prazos e considera\u00e7\u00f5es cruciais:<\/p>\n<ul>\n<li>Tempo de Processamento: Esteja ciente do per\u00edodo necess\u00e1rio para an\u00e1lise e aprova\u00e7\u00e3o.<\/li>\n<li>Data de In\u00edcio do Benef\u00edcio: Entenda quando efetivamente come\u00e7ar\u00e1 a receber os benef\u00edcios da aposentadoria antecipada.<\/li>\n<\/ul>\n<h2 class=\"wp-block-heading\">Estrat\u00e9gias para Maximizar os Benef\u00edcios da Aposentadoria Antecipada<\/h2>\n<p>Ao considerar a aposentadoria antecipada, \u00e9 essencial adotar estrat\u00e9gias que otimizem os benef\u00edcios dessa decis\u00e3o.\u00a0<\/p>\n<h3 class=\"wp-block-heading\">1. Continuar Contribuindo Ap\u00f3s a Aposentadoria:<\/h3>\n<p>Uma estrat\u00e9gia interessante \u00e9 avaliar a possibilidade de continuar contribuindo mesmo ap\u00f3s a aposentadoria. Isso pode resultar em benef\u00edcios adicionais, proporcionando uma fonte de renda mais robusta.<\/p>\n<h3 class=\"wp-block-heading\">2. Investir em Planejamento Financeiro:<\/h3>\n<p>Investir tempo na elabora\u00e7\u00e3o de um plano s\u00f3lido pode garantir a estabilidade financeira durante a aposentadoria antecipada. Considere consultas a especialistas financeiros para orienta\u00e7\u00e3o personalizada.<\/p>\n<h3 class=\"wp-block-heading\">3. Explorar Op\u00e7\u00f5es de Renda Complementar:<\/h3>\n<p>Diversificar as fontes de renda \u00e9 fundamental. Al\u00e9m dos benef\u00edcios previdenci\u00e1rios, considere op\u00e7\u00f5es de renda complementar, como investimentos e outros ve\u00edculos financeiros.<\/p>\n<h3 class=\"wp-block-heading\">4. Manter-se Atualizado sobre Altera\u00e7\u00f5es na Legisla\u00e7\u00e3o:<\/h3>\n<p>A legisla\u00e7\u00e3o previdenci\u00e1ria pode passar por modifica\u00e7\u00f5es ao longo do tempo. Por isso, \u00e9 ideal manter-se informado sobre poss\u00edveis altera\u00e7\u00f5es que possam impactar sua aposentadoria antecipada.<\/p>\n<h3 class=\"wp-block-heading\">5. Aproveitar Programas de Capacita\u00e7\u00e3o Profissional:<\/h3>\n<p>Para aqueles que optam por continuar ativos profissionalmente, aproveitar programas de capacita\u00e7\u00e3o pode ser vantajoso. Suno.com.br sugere que adquirir novas habilidades pode abrir portas para oportunidades que agreguem valor financeiro e pessoal.<\/p>\n<h2 class=\"wp-block-heading\">Preparando-se para uma Aposentadoria Antecipada Bem-Sucedida<\/h2>\n<p>Ao adotar estrat\u00e9gias inteligentes, \u00e9 poss\u00edvel n\u00e3o apenas antecipar a aposentadoria, mas tamb\u00e9m maximizar os benef\u00edcios dessa decis\u00e3o.\u00a0<\/p>\n<p>Ao ponderar sobre sua sa\u00fade financeira, planejamento de despesas, consultas a especialistas e adapta\u00e7\u00e3o ao novo estilo de vida, voc\u00ea estar\u00e1 melhor preparado para tomar uma decis\u00e3o informada sobre a aposentadoria antecipada.<br \/>Se voc\u00ea est\u00e1 em busca de mais informa\u00e7\u00f5es valiosas sobre finan\u00e7as, solu\u00e7\u00f5es para sair da d\u00edvida e conquistar seus sonhos, convidamos voc\u00ea a explorar nosso <a href=\"https:\/\/blog.bompracredito.com.br\/\">blog<\/a>. L\u00e1, encontrar\u00e1 uma variedade de conte\u00fados que visam empoderar suas escolhas financeiras!<\/p>\n<div class=\"wwwne-depois-do-conteudo\" style=\"margin-left: auto; margin-right: auto; text-align: center; \" id=\"wwwne-475022457\"><a href=\"https:\/\/www.bompracredito.com.br\/emprestimo-pessoal\/?utm_source=blog&amp;utm_medium=banner&amp;utm_content=sidebar&amp;utm_campaign=leads\" target=\"_blank\" rel=\"noopener\"><img data-recalc-dims=\"1\" loading=\"lazy\" alt=\"banner-zen\" width=\"656\" height=\"175\" style=\"display: inline-block;\" src=\"https:\/\/i0.wp.com\/blog.bompracredito.com.br\/wp-content\/uploads\/656x175-animado-bpc-julho.gif?resize=656%2C175&#038;ssl=1\" decoding=\"async\" class=\"lazyload\"\/><noscript><img data-recalc-dims=\"1\" loading=\"lazy\" decoding=\"async\" src=\"https:\/\/i0.wp.com\/blog.bompracredito.com.br\/wp-content\/uploads\/656x175-animado-bpc-julho.gif?resize=656%2C175&#038;ssl=1\" alt=\"banner-zen\" width=\"656\" height=\"175\" style=\"display: inline-block;\" data-eio=\"l\"\/><\/noscript><\/a><\/div>\n<\/p><\/div>\n<p><br \/>\n<br \/><a href=\"https:\/\/blog.bompracredito.com.br\/aposentadoria-antecipada-descubra-quem-tem-direito-e-como-solicitar\/\">Source link <\/a><\/p>\n<!-- CONTENT END 1 -->\n","protected":false},"excerpt":{"rendered":"<p>A aposentadoria antecipada \u00e9 um recurso indispens\u00e1vel para quem busca desvendar os caminhos que levam \u00e0 t\u00e3o almejada liberdade financeira. Se voc\u00ea j\u00e1 se perguntou&#8230;<\/p>\n","protected":false},"author":1,"featured_media":9452,"comment_status":"open","ping_status":"open","sticky":false,"template":"","format":"standard","meta":{"advanced_seo_description":"","jetpack_seo_html_title":"","jetpack_seo_noindex":false,"jetpack_post_was_ever_published":false,"_jetpack_newsletter_access":"","_jetpack_dont_email_post_to_subs":false,"_jetpack_newsletter_tier_id":0,"_jetpack_memberships_contains_paywalled_content":false,"_jetpack_memberships_contains_paid_content":false,"footnotes":"","jetpack_publicize_message":"","jetpack_publicize_feature_enabled":true,"jetpack_social_post_already_shared":true,"jetpack_social_options":{"image_generator_settings":{"template":"highway","default_image_id":0,"font":"","enabled":false},"version":2}},"categories":[1235],"tags":[],"class_list":["post-9451","post","type-post","status-publish","format-standard","has-post-thumbnail","hentry","category-dinheiro-e-investimento-como-fazer-como-ganhar"],"jetpack_publicize_connections":[],"jetpack_featured_media_url":"https:\/\/i0.wp.com\/noticiasribeiraopreto.com.br\/wp-content\/uploads\/2023\/12\/concentrated-female-pensioner-wearing-eyeglasses-focused-financial-papers-while-paying-bills-online-using-laptop-holding-pencil-making-notes-people-technology-finances-domestic-budget.jpg?fit=1000%2C667&ssl=1","jetpack-related-posts":[{"id":13705,"url":"https:\/\/noticiasribeiraopreto.com.br\/index.php\/2023\/12\/11\/vai-se-aposentar-em-2024-regras-ficarao-mais-rigidas\/","url_meta":{"origin":9451,"position":0},"title":"Vai se aposentar em 2024? Regras ficar\u00e3o mais r\u00edgidas","author":"noticiasribeiraopreto.com.br","date":"11 de December de 2023","format":false,"excerpt":"Muitos brasileiros j\u00e1 reclamam das regras vigentes no Brasil para se aposentar. Contudo, com a chegada de um novo ano, surgem tamb\u00e9m novas determina\u00e7\u00f5es em rela\u00e7\u00e3o a diversos direitos trabalhistas, dentre os quais est\u00e1 a aposentadoria . Em 2024, as regras para se aposentar ficar\u00e3o mais r\u00edgidas do que as\u2026","rel":"","context":"In &quot;Vagas de Emprego em Ribeir\u00e3o Preto-SP&quot;","block_context":{"text":"Vagas de Emprego em Ribeir\u00e3o Preto-SP","link":"https:\/\/noticiasribeiraopreto.com.br\/index.php\/category\/empregos-classificados-vagas-trabalho\/vagas-de-empregos-em-ribeirao-preto-regiao-brasil\/"},"img":{"alt_text":"","src":"https:\/\/i0.wp.com\/noticiasribeiraopreto.com.br\/wp-content\/uploads\/2023\/12\/noticiasconcursos.com_.br-planeja-se-aposentar-em-2024-confira-as-regras-e-se-programe-inss-shutterstock-750x430.jpg?fit=750%2C430&ssl=1&resize=350%2C200","width":350,"height":200,"srcset":"https:\/\/i0.wp.com\/noticiasribeiraopreto.com.br\/wp-content\/uploads\/2023\/12\/noticiasconcursos.com_.br-planeja-se-aposentar-em-2024-confira-as-regras-e-se-programe-inss-shutterstock-750x430.jpg?fit=750%2C430&ssl=1&resize=350%2C200 1x, https:\/\/i0.wp.com\/noticiasribeiraopreto.com.br\/wp-content\/uploads\/2023\/12\/noticiasconcursos.com_.br-planeja-se-aposentar-em-2024-confira-as-regras-e-se-programe-inss-shutterstock-750x430.jpg?fit=750%2C430&ssl=1&resize=525%2C300 1.5x, https:\/\/i0.wp.com\/noticiasribeiraopreto.com.br\/wp-content\/uploads\/2023\/12\/noticiasconcursos.com_.br-planeja-se-aposentar-em-2024-confira-as-regras-e-se-programe-inss-shutterstock-750x430.jpg?fit=750%2C430&ssl=1&resize=700%2C400 2x"},"classes":[]},{"id":15054,"url":"https:\/\/noticiasribeiraopreto.com.br\/index.php\/2023\/12\/13\/lista-com-doencas-que-garantem-aposentadoria-inss\/","url_meta":{"origin":9451,"position":1},"title":"Lista com doen\u00e7as que GARANTEM aposentadoria INSS","author":"noticiasribeiraopreto.com.br","date":"13 de December de 2023","format":false,"excerpt":"Uma nova fase traz consigo atualiza\u00e7\u00f5es para os benefici\u00e1rios do Instituto Nacional do Seguro Social. O Governo Federal divulgou uma modifica\u00e7\u00e3o na rela\u00e7\u00e3o de enfermidades que conferem o direito \u00e0 aposentadoria por invalidez do INSS. Esse processo n\u00e3o ocorre regularmente e a lista de comorbidades \u00e9 extensa, portanto, requer aten\u00e7\u00e3o\u2026","rel":"","context":"In &quot;Vagas de Emprego em Ribeir\u00e3o Preto-SP&quot;","block_context":{"text":"Vagas de Emprego em Ribeir\u00e3o Preto-SP","link":"https:\/\/noticiasribeiraopreto.com.br\/index.php\/category\/empregos-classificados-vagas-trabalho\/vagas-de-empregos-em-ribeirao-preto-regiao-brasil\/"},"img":{"alt_text":"","src":"https:\/\/i0.wp.com\/noticiasribeiraopreto.com.br\/wp-content\/uploads\/2023\/12\/noticiasconcursos.com_.br-3-56.jpg?fit=1200%2C800&ssl=1&resize=350%2C200","width":350,"height":200,"srcset":"https:\/\/i0.wp.com\/noticiasribeiraopreto.com.br\/wp-content\/uploads\/2023\/12\/noticiasconcursos.com_.br-3-56.jpg?fit=1200%2C800&ssl=1&resize=350%2C200 1x, https:\/\/i0.wp.com\/noticiasribeiraopreto.com.br\/wp-content\/uploads\/2023\/12\/noticiasconcursos.com_.br-3-56.jpg?fit=1200%2C800&ssl=1&resize=525%2C300 1.5x, https:\/\/i0.wp.com\/noticiasribeiraopreto.com.br\/wp-content\/uploads\/2023\/12\/noticiasconcursos.com_.br-3-56.jpg?fit=1200%2C800&ssl=1&resize=700%2C400 2x, https:\/\/i0.wp.com\/noticiasribeiraopreto.com.br\/wp-content\/uploads\/2023\/12\/noticiasconcursos.com_.br-3-56.jpg?fit=1200%2C800&ssl=1&resize=1050%2C600 3x"},"classes":[]},{"id":54766,"url":"https:\/\/noticiasribeiraopreto.com.br\/index.php\/2024\/07\/21\/aposentadoria-antecipada-saiba-quais-profissionais-tem-direito-e-como-pedir\/","url_meta":{"origin":9451,"position":2},"title":"Aposentadoria antecipada: saiba quais profissionais t\u00eam direito e como pedir","author":"noticiasribeiraopreto.com.br","date":"21 de July de 2024","format":false,"excerpt":"Da reda\u00e7\u00e3oi Da reda\u00e7\u00e3o 15\/07\/2024 - 6:30 Algumas atividades profissionais t\u00eam direito \u00e0 chamada aposentadoria especial, que exige menos tempo tanto de contribui\u00e7\u00e3o como de idade para ter direito ao pedido. Essa categoria de aposentadoria \u00e9 v\u00e1lida para profiss\u00f5es em que a atividade principal ocorre com exposi\u00e7\u00e3o a agente nocivo\u2026","rel":"","context":"In &quot;Empregos - Classificados&quot;","block_context":{"text":"Empregos - Classificados","link":"https:\/\/noticiasribeiraopreto.com.br\/index.php\/category\/empregos-classificados-vagas-trabalho\/"},"img":{"alt_text":"","src":"https:\/\/i0.wp.com\/noticiasribeiraopreto.com.br\/wp-content\/uploads\/2024\/07\/121.jpg?fit=1024%2C576&ssl=1&resize=350%2C200","width":350,"height":200,"srcset":"https:\/\/i0.wp.com\/noticiasribeiraopreto.com.br\/wp-content\/uploads\/2024\/07\/121.jpg?fit=1024%2C576&ssl=1&resize=350%2C200 1x, https:\/\/i0.wp.com\/noticiasribeiraopreto.com.br\/wp-content\/uploads\/2024\/07\/121.jpg?fit=1024%2C576&ssl=1&resize=525%2C300 1.5x, https:\/\/i0.wp.com\/noticiasribeiraopreto.com.br\/wp-content\/uploads\/2024\/07\/121.jpg?fit=1024%2C576&ssl=1&resize=700%2C400 2x"},"classes":[]},{"id":22297,"url":"https:\/\/noticiasribeiraopreto.com.br\/index.php\/2023\/12\/29\/veja-as-atualizacoes-nas-regras-de-aposentadoria-para-o-ano-de-2024\/","url_meta":{"origin":9451,"position":3},"title":"Veja as atualiza\u00e7\u00f5es nas regras de aposentadoria para o ano de 2024","author":"noticiasribeiraopreto.com.br","date":"29 de December de 2023","format":false,"excerpt":"As novas regras de aposentadoria em 2024 provenientes da Reforma da Previd\u00eancia t\u00eam impacto significativo para aqueles que est\u00e3o contando os anos ou dias at\u00e9 a aposentadoria pelo Instituto Nacional do Seguro Social (INSS). Para aqueles que j\u00e1 estavam no mercado de trabalho antes de 13 de novembro de 2019\u2026","rel":"","context":"In &quot;Vagas de Emprego em Ribeir\u00e3o Preto-SP&quot;","block_context":{"text":"Vagas de Emprego em Ribeir\u00e3o Preto-SP","link":"https:\/\/noticiasribeiraopreto.com.br\/index.php\/category\/empregos-classificados-vagas-trabalho\/vagas-de-empregos-em-ribeirao-preto-regiao-brasil\/"},"img":{"alt_text":"","src":"","width":0,"height":0},"classes":[]},{"id":23029,"url":"https:\/\/noticiasribeiraopreto.com.br\/index.php\/2023\/12\/31\/veja-agora-mudancas-nas-regras-de-aposentadoria-para-2024\/","url_meta":{"origin":9451,"position":4},"title":"VEJA AGORA: Mudan\u00e7as nas regras de Aposentadoria para 2024!","author":"noticiasribeiraopreto.com.br","date":"31 de December de 2023","format":false,"excerpt":"As regras para a aposentadoria est\u00e3o sempre sofrendo altera\u00e7\u00f5es. Para aqueles que planejam se aposentar em 2024, \u00e9 importante compreender as mudan\u00e7as que podem impactar esse processo. Esta mat\u00e9ria do Not\u00edcias Concursos ir\u00e1 desvendar as principais altera\u00e7\u00f5es que est\u00e3o previstas. O que mudou desde a reforma da previd\u00eancia em 2019?\u2026","rel":"","context":"In &quot;Vagas de Emprego em Ribeir\u00e3o Preto-SP&quot;","block_context":{"text":"Vagas de Emprego em Ribeir\u00e3o Preto-SP","link":"https:\/\/noticiasribeiraopreto.com.br\/index.php\/category\/empregos-classificados-vagas-trabalho\/vagas-de-empregos-em-ribeirao-preto-regiao-brasil\/"},"img":{"alt_text":"","src":"","width":0,"height":0},"classes":[]},{"id":31171,"url":"https:\/\/noticiasribeiraopreto.com.br\/index.php\/2024\/01\/21\/o-que-muda-na-aposentadoria-em-2024\/","url_meta":{"origin":9451,"position":5},"title":"O que muda na aposentadoria em 2024\u00a0","author":"noticiasribeiraopreto.com.br","date":"21 de January de 2024","format":false,"excerpt":"Quem est\u00e1 prestes a se aposentar precisa estar atento. A Reforma da Previd\u00eancia estabeleceu regras autom\u00e1ticas de transi\u00e7\u00e3o, que mudam a concess\u00e3o de benef\u00edcios a cada ano.\u00a0A pontua\u00e7\u00e3o para a aposentadoria por tempo de contribui\u00e7\u00e3o e por idade sofreu altera\u00e7\u00f5es. Confira abaixo as mudan\u00e7as que come\u00e7am a vigorar neste ano.\u00a0Aposentadoria\u2026","rel":"","context":"In &quot;Not\u00edcias de Ribeir\u00e3o Preto-SP e Regi\u00e3o&quot;","block_context":{"text":"Not\u00edcias de Ribeir\u00e3o Preto-SP e Regi\u00e3o","link":"https:\/\/noticiasribeiraopreto.com.br\/index.php\/category\/noticias-de-ribeirao-preto-sp-e-regiao-ismael-colosi\/"},"img":{"alt_text":"","src":"https:\/\/i0.wp.com\/noticiasribeiraopreto.com.br\/wp-content\/uploads\/2024\/01\/1-aposentadoria-1.png?fit=974%2C645&ssl=1&resize=350%2C200","width":350,"height":200,"srcset":"https:\/\/i0.wp.com\/noticiasribeiraopreto.com.br\/wp-content\/uploads\/2024\/01\/1-aposentadoria-1.png?fit=974%2C645&ssl=1&resize=350%2C200 1x, https:\/\/i0.wp.com\/noticiasribeiraopreto.com.br\/wp-content\/uploads\/2024\/01\/1-aposentadoria-1.png?fit=974%2C645&ssl=1&resize=525%2C300 1.5x, https:\/\/i0.wp.com\/noticiasribeiraopreto.com.br\/wp-content\/uploads\/2024\/01\/1-aposentadoria-1.png?fit=974%2C645&ssl=1&resize=700%2C400 2x"},"classes":[]}],"jetpack_sharing_enabled":true,"jetpack_shortlink":"https:\/\/wp.me\/peQAOb-2sr","_links":{"self":[{"href":"https:\/\/noticiasribeiraopreto.com.br\/index.php\/wp-json\/wp\/v2\/posts\/9451","targetHints":{"allow":["GET"]}}],"collection":[{"href":"https:\/\/noticiasribeiraopreto.com.br\/index.php\/wp-json\/wp\/v2\/posts"}],"about":[{"href":"https:\/\/noticiasribeiraopreto.com.br\/index.php\/wp-json\/wp\/v2\/types\/post"}],"author":[{"embeddable":true,"href":"https:\/\/noticiasribeiraopreto.com.br\/index.php\/wp-json\/wp\/v2\/users\/1"}],"replies":[{"embeddable":true,"href":"https:\/\/noticiasribeiraopreto.com.br\/index.php\/wp-json\/wp\/v2\/comments?post=9451"}],"version-history":[{"count":0,"href":"https:\/\/noticiasribeiraopreto.com.br\/index.php\/wp-json\/wp\/v2\/posts\/9451\/revisions"}],"wp:featuredmedia":[{"embeddable":true,"href":"https:\/\/noticiasribeiraopreto.com.br\/index.php\/wp-json\/wp\/v2\/media\/9452"}],"wp:attachment":[{"href":"https:\/\/noticiasribeiraopreto.com.br\/index.php\/wp-json\/wp\/v2\/media?parent=9451"}],"wp:term":[{"taxonomy":"category","embeddable":true,"href":"https:\/\/noticiasribeiraopreto.com.br\/index.php\/wp-json\/wp\/v2\/categories?post=9451"},{"taxonomy":"post_tag","embeddable":true,"href":"https:\/\/noticiasribeiraopreto.com.br\/index.php\/wp-json\/wp\/v2\/tags?post=9451"}],"curies":[{"name":"wp","href":"https:\/\/api.w.org\/{rel}","templated":true}]}}