{"id":9471,"date":"2023-12-02T05:35:35","date_gmt":"2023-12-02T08:35:35","guid":{"rendered":"https:\/\/noticiasribeiraopreto.com.br\/index.php\/2023\/12\/02\/composto-em-frutas-e-legumes-ajuda-a-combater-o-cancer\/"},"modified":"2023-12-02T05:35:35","modified_gmt":"2023-12-02T08:35:35","slug":"composto-em-frutas-e-legumes-ajuda-a-combater-o-cancer","status":"publish","type":"post","link":"https:\/\/noticiasribeiraopreto.com.br\/index.php\/2023\/12\/02\/composto-em-frutas-e-legumes-ajuda-a-combater-o-cancer\/","title":{"rendered":"Composto em frutas e legumes ajuda a combater o c\u00e2ncer"},"content":{"rendered":"<div class='code-block code-block-1' style='margin: 8px 0 8px auto; text-align: right; display: block; clear: both;'>\n<p><a href=\"https:\/\/wa.link\/vpicfd\"><img data-recalc-dims=\"1\" class=\"wp-image-4922\" style=\"aspect-ratio: 2.0253164556962027; width: 561px; height: auto;\" src=\"https:\/\/i0.wp.com\/ismaelcolosi.com.br\/wp-content\/uploads\/2023\/11\/grupo-de-empregos-whatsapp-e-facebook-ismael-colosi-vagas.jpg?ssl=1\" alt=\"\" \/><\/a><\/p>\n<!-- \/wp:image -->\n<\/div>\n<p> <br \/>\n<\/p>\n<div>\n<div id=\"attachment_2314482\" class=\"wp-caption alignnone\">\n<div class=\"d-flex justify-content-center\" data-attachment-id=\"2314482\">\n<div class=\"position-relative d-inline-block\"><img data-recalc-dims=\"1\" data-portal-copyright=\"Getty Images\" fetchpriority=\"high\" decoding=\"async\" class=\"wp-image-2314482 size-full\" src=\"https:\/\/i0.wp.com\/catracalivre.com.br\/wp-content\/uploads\/2023\/11\/istock-1469106289.jpg?resize=1254%2C836&#038;ssl=1\" alt=\"Pesquisas sobre o tema buscou entender como esse composto, presente em cebolas e ma\u00e7\u00e3s, morangos e pepinos, uvas e caquis, pode combater e prevenir diferentes tipos de c\u00e2ncer \u2013 iStock\/Getty Images\" width=\"1254\" height=\"836\" srcset=\"https:\/\/catracalivre.com.br\/wp-content\/uploads\/2023\/11\/istock-1469106289.jpg 1254w, https:\/\/catracalivre.com.br\/wp-content\/uploads\/2023\/11\/istock-1469106289-450x300.jpg 450w, https:\/\/catracalivre.com.br\/wp-content\/uploads\/2023\/11\/istock-1469106289-768x512.jpg 768w\" sizes=\"(max-width: 1254px) 100vw, 1254px\"\/><\/p>\n<p>Cr\u00e9ditos: Getty Images<\/p>\n<\/div>\n<\/div>\n<p><span class=\"post-imagem__legenda\">Pesquisas sobre o tema buscou entender como esse composto, presente em cebolas e ma\u00e7\u00e3s, morangos e pepinos, uvas e caquis, pode combater e prevenir diferentes tipos de c\u00e2ncer \u2013 iStock\/Getty Images<\/span><\/p>\n<\/div>\n<p>Respons\u00e1vel por diversas atividades anti-inflamat\u00f3rias, de inibi\u00e7\u00e3o do estresse oxidativo, neuroprote\u00e7\u00e3o e antic\u00e2ncer, a fisetina \u00e9 um flavonol vegetal cujos efeitos se manifestam em v\u00e1rios tipos de tumor, como f\u00edgado, pulm\u00e3o, boca, g\u00e1strico, colorretal, mama, rim, cervical, entre outras fun\u00e7\u00f5es.<\/p>\n<p>A rela\u00e7\u00e3o da fisetina com a manuten\u00e7\u00e3o da sa\u00fade do nosso corpo est\u00e1 diretamente associada ao consumo de uma <strong><a href=\"https:\/\/catracalivre.com.br\/saude-bem-estar\/as-frutas-que-ajudam-na-perda-de-peso-segundo-a-ciencia\/\" target=\"_blank\" rel=\"noopener\">dieta rica em frutas<\/a><\/strong> e legumes, comprovadamente respons\u00e1vel pela redu\u00e7\u00e3o do risco de c\u00e2ncer, segundo estudos epidemiol\u00f3gicos.<\/p>\n<p>Por isso, uma s\u00e9rie de pesquisas recentes sobre o tema buscou entender como esse flavonoide (com atividade antioxidante), presente em cebolas e ma\u00e7\u00e3s, morangos e pepinos, uvas e caquis, pode combater e prevenir diferentes tipos de tumor.<\/p>\n<p>Um deles foi publicado no<strong><a href=\"https:\/\/eurjmedres.biomedcentral.com\/\" target=\"_blank\" rel=\"noopener\"> European Journal of Medical Research<\/a><\/strong> por pesquisadores chineses, enquanto o outro est\u00e1 dispon\u00edvel na revista Global Medical Genetics e \u00e9 assinado majoritariamente por autores baseados na China, mas tamb\u00e9m na R\u00fassia, I\u00eamen e Estados Unidos.<\/p>\n<p>Os dois estudos, publicados em 2023, t\u00eam como objetivo sintetizar o conhecimento existente sobre os mecanismos de a\u00e7\u00e3o do composto, al\u00e9m de trazer perspectivas do seu uso no tratamento do c\u00e2ncer.<\/p>\n<h2>O poder da fisetina<\/h2>\n<p>Muitos benef\u00edcios do flavonoide s\u00e3o observados em c\u00e9lulas tumorais, incluindo a supress\u00e3o da prolifera\u00e7\u00e3o, indu\u00e7\u00e3o de morte celular, redu\u00e7\u00e3o da angiog\u00eanese (a gera\u00e7\u00e3o de vasos sangu\u00edneos que nutrem o tumor), inibi\u00e7\u00e3o da migra\u00e7\u00e3o celular e o aumento dos efeitos da quimioterapia.<\/p>\n<p>De acordo com especialistas, essas propriedades s\u00e3o atribu\u00eddas ao envolvimento de numerosas mol\u00e9culas e vias de sinaliza\u00e7\u00e3o celular, incluindo o fator de crescimento endotelial vascular (VEGF), a prote\u00edna quinase ativada por mit\u00f3geno (MAPK) e o fator nuclear kappa B (NF-\u03baB), entre outros.<\/p>\n<p>Consequentemente, explicam os autores do artigo do European Journal of Medical Research, o processo de autofagia reduz a resist\u00eancia \u00e0 quimioterapia e \u00e0 radia\u00e7\u00e3o, o que \u00e9 positivo para o tratamento de c\u00e2ncer.<\/p>\n<h2>Em busca de respostas<\/h2>\n<p>Apesar dos avan\u00e7os recentes, pesquisas sobre os efeitos da fisetina em tumores ainda s\u00e3o consideradas limitadas, com resultados inconsistentes. Isso porque, enquanto alguns estudos mostram benef\u00edcios proporcionados pela fisetina em c\u00e2ncer de pr\u00f3stata, o mesmo n\u00e3o se aplica ao tumor de f\u00edgado.<\/p>\n<p>Al\u00e9m disso, as vias de sinaliza\u00e7\u00e3o celular espec\u00edficas envolvidas na autofagia induzida pela fisetina continuam n\u00e3o sendo muito bem compreendidas.<\/p>\n<p>Do ponto de vista farmacol\u00f3gico, os autores do segundo estudo ressaltam que, embora o uso da fisetina seja uma oportunidade, ainda h\u00e1 diversos desafios a superar.<\/p>\n<p>Al\u00e9m disso, entender a farmacocin\u00e9tica e a toxicidade do composto s\u00e3o essenciais para seu uso cl\u00ednico. De acordo com o grupo de autores chineses, russos e iemenitas, novos estudos s\u00e3o necess\u00e1rios para elucidar os efeitos em longo prazo, dosagens e potenciais efeitos adversos.<\/p>\n<p>Por fim, investigar os efeitos sinerg\u00edsticos da fisetina com outros agentes terap\u00eauticos ou modalidades de tratamento poderia aumentar sua efic\u00e1cia. Isso sem falar no papel junto a imunoterapias e terapias-alvo, que podem oferecer caminhos promissores de tratamento. \u201cAntes de poder ser usado com seguran\u00e7a [em combina\u00e7\u00e3o] com outras drogas, a influ\u00eancia da fisetina no metabolismo desses f\u00e1rmacos deve ser mais estudada. Futuros estudos para esclarecer essas quest\u00f5es s\u00e3o necess\u00e1rios\u201d, encerram os autores do artigo da\u00a0Global Medical Genetics.<\/p>\n<\/div>\n<p><script>\n\t\t! function(f, b, e, v, n, t, s) {\n\t\t\tif (f.fbq) return;\n\t\t\tn = f.fbq = function() {\n\t\t\t\tn.callMethod ?\n\t\t\t\t\tn.callMethod.apply(n, arguments) : n.queue.push(arguments)\n\t\t\t};\n\t\t\tif (!f._fbq) f._fbq = n;\n\t\t\tn.push = n;\n\t\t\tn.loaded = !0;\n\t\t\tn.version = '2.0';\n\t\t\tn.queue = [];\n\t\t\tt = b.createElement(e);\n\t\t\tt.async = !0;\n\t\t\tt.src = v;\n\t\t\ts = b.getElementsByTagName(e)[0];\n\t\t\ts.parentNode.insertBefore(t, s)\n\t\t}(window, document, 'script',\n\t\t\t'https:\/\/connect.facebook.net\/en_US\/fbevents.js');\n\t\tfbq('init', '338315473262380');\n\t\tfbq('track', 'PageView');\n\t<\/script><br \/>\n<br \/><br \/>\n<br \/><a href=\"https:\/\/catracalivre.com.br\/saude-bem-estar\/composto-presente-em-frutas-e-legumes-ajuda-a-combater-o-cancer\/\">Source link <\/a><\/p>\n<!-- CONTENT END 1 -->\n","protected":false},"excerpt":{"rendered":"<p>Cr\u00e9ditos: Getty Images Pesquisas sobre o tema buscou entender como esse composto, presente em cebolas e ma\u00e7\u00e3s, morangos e pepinos, uvas e caquis, pode combater&#8230;<\/p>\n","protected":false},"author":1,"featured_media":9472,"comment_status":"open","ping_status":"open","sticky":false,"template":"","format":"standard","meta":{"advanced_seo_description":"","jetpack_seo_html_title":"","jetpack_seo_noindex":false,"jetpack_post_was_ever_published":false,"_jetpack_newsletter_access":"","_jetpack_dont_email_post_to_subs":false,"_jetpack_newsletter_tier_id":0,"_jetpack_memberships_contains_paywalled_content":false,"_jetpack_memberships_contains_paid_content":false,"footnotes":"","jetpack_publicize_message":"","jetpack_publicize_feature_enabled":true,"jetpack_social_post_already_shared":true,"jetpack_social_options":{"image_generator_settings":{"template":"highway","default_image_id":0,"font":"","enabled":false},"version":2}},"categories":[19],"tags":[],"class_list":["post-9471","post","type-post","status-publish","format-standard","has-post-thumbnail","hentry","category-variedades"],"jetpack_publicize_connections":[],"jetpack_featured_media_url":"https:\/\/i0.wp.com\/noticiasribeiraopreto.com.br\/wp-content\/uploads\/2023\/12\/istock-1469106289.jpg?fit=1200%2C638&ssl=1","jetpack-related-posts":[{"id":38529,"url":"https:\/\/noticiasribeiraopreto.com.br\/index.php\/2024\/02\/20\/hc-ribeirao-preto-procura-voluntarios-para-pesquisa-sobre-efeitos-de-composto-da-cannabis\/","url_meta":{"origin":9471,"position":0},"title":"HC Ribeir\u00e3o Preto procura volunt\u00e1rios para pesquisa sobre efeitos de composto da cannabis","author":"noticiasribeiraopreto.com.br","date":"20 de February de 2024","format":false,"excerpt":"Na \u00faltima segunda-feira (19), o Hospital das Cl\u00ednicas de Ribeir\u00e3o Preto anunciou pelas redes sociais que foi aprovado o projeto de pesquisa sobre os efeitos do composto do extrato de Cannabis e percep\u00e7\u00e3o de dor. O objetivo da pesquisa \u00e9 avaliar os efeitos do composto (Canabidiol e THC) na auto\u2026","rel":"","context":"In &quot;Not\u00edcias de Ribeir\u00e3o Preto-SP e Regi\u00e3o&quot;","block_context":{"text":"Not\u00edcias de Ribeir\u00e3o Preto-SP e Regi\u00e3o","link":"https:\/\/noticiasribeiraopreto.com.br\/index.php\/category\/noticias-de-ribeirao-preto-sp-e-regiao-ismael-colosi\/"},"img":{"alt_text":"","src":"https:\/\/i0.wp.com\/noticiasribeiraopreto.com.br\/wp-content\/uploads\/2024\/02\/1708448595_hc-ribeirao-preto.jpg?fit=1200%2C675&ssl=1&resize=350%2C200","width":350,"height":200,"srcset":"https:\/\/i0.wp.com\/noticiasribeiraopreto.com.br\/wp-content\/uploads\/2024\/02\/1708448595_hc-ribeirao-preto.jpg?fit=1200%2C675&ssl=1&resize=350%2C200 1x, https:\/\/i0.wp.com\/noticiasribeiraopreto.com.br\/wp-content\/uploads\/2024\/02\/1708448595_hc-ribeirao-preto.jpg?fit=1200%2C675&ssl=1&resize=525%2C300 1.5x, https:\/\/i0.wp.com\/noticiasribeiraopreto.com.br\/wp-content\/uploads\/2024\/02\/1708448595_hc-ribeirao-preto.jpg?fit=1200%2C675&ssl=1&resize=700%2C400 2x, https:\/\/i0.wp.com\/noticiasribeiraopreto.com.br\/wp-content\/uploads\/2024\/02\/1708448595_hc-ribeirao-preto.jpg?fit=1200%2C675&ssl=1&resize=1050%2C600 3x"},"classes":[]},{"id":33012,"url":"https:\/\/noticiasribeiraopreto.com.br\/index.php\/2024\/01\/27\/juros-compostos-entenda-a-magica-que-pode-te-fazer-ganhar-muito-dinheiro-investindo-pouco\/","url_meta":{"origin":9471,"position":1},"title":"Juros compostos: entenda a \u2018m\u00e1gica\u2019 que pode te fazer ganhar muito dinheiro investindo pouco","author":"noticiasribeiraopreto.com.br","date":"27 de January de 2024","format":false,"excerpt":"Um erro comum entre investidores iniciantes e at\u00e9 mesmo mais experientes \u00e9 acreditar na necessidade de grandes aportes mensais para colher frutos no mercado financeiro. No entanto, essa afirma\u00e7\u00e3o n\u00e3o s\u00f3 est\u00e1 equivocada, como vem acompanhada de outro agravante que muitas vezes \u00e9 deixado de lado: o tempo \u2013 ou\u2026","rel":"","context":"In &quot;Dinheiro e Investimento&quot;","block_context":{"text":"Dinheiro e Investimento","link":"https:\/\/noticiasribeiraopreto.com.br\/index.php\/category\/dinheiro-e-investimento-como-fazer-como-ganhar\/"},"img":{"alt_text":"","src":"https:\/\/i0.wp.com\/noticiasribeiraopreto.com.br\/wp-content\/uploads\/2024\/01\/dinheiro-real-capa-715x402.jpg?fit=715%2C402&ssl=1&resize=350%2C200","width":350,"height":200,"srcset":"https:\/\/i0.wp.com\/noticiasribeiraopreto.com.br\/wp-content\/uploads\/2024\/01\/dinheiro-real-capa-715x402.jpg?fit=715%2C402&ssl=1&resize=350%2C200 1x, https:\/\/i0.wp.com\/noticiasribeiraopreto.com.br\/wp-content\/uploads\/2024\/01\/dinheiro-real-capa-715x402.jpg?fit=715%2C402&ssl=1&resize=525%2C300 1.5x, https:\/\/i0.wp.com\/noticiasribeiraopreto.com.br\/wp-content\/uploads\/2024\/01\/dinheiro-real-capa-715x402.jpg?fit=715%2C402&ssl=1&resize=700%2C400 2x"},"classes":[]},{"id":20483,"url":"https:\/\/noticiasribeiraopreto.com.br\/index.php\/2023\/12\/25\/esta-fruta-previne-um-tipo-de-cancer-comum-entre-homens-diz-estudo\/","url_meta":{"origin":9471,"position":2},"title":"Esta fruta previne um tipo de c\u00e2ncer comum entre homens, diz estudo","author":"noticiasribeiraopreto.com.br","date":"25 de December de 2023","format":false,"excerpt":"Cr\u00e9ditos: Chinnapong\/istockFruta que ajuda a prevenir c\u00e2ncer de pr\u00f3stata O baga\u00e7o do maracuj\u00e1, frequentemente descartado, pode ser mais \u00fatil e valioso do que muitos imaginam. Estudos da Universidade de Campinas (Unicamp) indicam que o extrato desta fruta pode ser um aliado importante na preven\u00e7\u00e3o do c\u00e2ncer de pr\u00f3stata. O composto,\u2026","rel":"","context":"In &quot;Variedades&quot;","block_context":{"text":"Variedades","link":"https:\/\/noticiasribeiraopreto.com.br\/index.php\/category\/variedades\/"},"img":{"alt_text":"","src":"https:\/\/i0.wp.com\/noticiasribeiraopreto.com.br\/wp-content\/uploads\/2023\/12\/istock-968086632.jpg?fit=1200%2C638&ssl=1&resize=350%2C200","width":350,"height":200,"srcset":"https:\/\/i0.wp.com\/noticiasribeiraopreto.com.br\/wp-content\/uploads\/2023\/12\/istock-968086632.jpg?fit=1200%2C638&ssl=1&resize=350%2C200 1x, https:\/\/i0.wp.com\/noticiasribeiraopreto.com.br\/wp-content\/uploads\/2023\/12\/istock-968086632.jpg?fit=1200%2C638&ssl=1&resize=525%2C300 1.5x, https:\/\/i0.wp.com\/noticiasribeiraopreto.com.br\/wp-content\/uploads\/2023\/12\/istock-968086632.jpg?fit=1200%2C638&ssl=1&resize=700%2C400 2x, https:\/\/i0.wp.com\/noticiasribeiraopreto.com.br\/wp-content\/uploads\/2023\/12\/istock-968086632.jpg?fit=1200%2C638&ssl=1&resize=1050%2C600 3x"},"classes":[]},{"id":20362,"url":"https:\/\/noticiasribeiraopreto.com.br\/index.php\/2023\/12\/25\/tempero-oriental-e-apontado-como-a-melhor-solucao-para-a-indigestao\/","url_meta":{"origin":9471,"position":3},"title":"Tempero oriental \u00e9 apontado como a melhor solu\u00e7\u00e3o para a indigest\u00e3o","author":"noticiasribeiraopreto.com.br","date":"25 de December de 2023","format":false,"excerpt":"Cr\u00e9ditos: simonkr\/istockTempero contra a indigest\u00e3o: No Brasil, a c\u00farcuma \u00e9 popularmente chamada de a\u00e7afr\u00e3o-da-terra \u2013 iStock\/Getty Images Novo estudo publicado pela revista m\u00e9dica The BMJ descobriu que um tipo espec\u00edfico de tempero pode ajudar a aliviar o desconforto estomacal, distens\u00e3o abdominal e n\u00e1usea, sintomas t\u00edpicos de indigest\u00e3o. Para encontrar as\u2026","rel":"","context":"In &quot;Variedades&quot;","block_context":{"text":"Variedades","link":"https:\/\/noticiasribeiraopreto.com.br\/index.php\/category\/variedades\/"},"img":{"alt_text":"","src":"https:\/\/i0.wp.com\/noticiasribeiraopreto.com.br\/wp-content\/uploads\/2023\/12\/istock-1315354434.jpg?fit=1200%2C638&ssl=1&resize=350%2C200","width":350,"height":200,"srcset":"https:\/\/i0.wp.com\/noticiasribeiraopreto.com.br\/wp-content\/uploads\/2023\/12\/istock-1315354434.jpg?fit=1200%2C638&ssl=1&resize=350%2C200 1x, https:\/\/i0.wp.com\/noticiasribeiraopreto.com.br\/wp-content\/uploads\/2023\/12\/istock-1315354434.jpg?fit=1200%2C638&ssl=1&resize=525%2C300 1.5x, https:\/\/i0.wp.com\/noticiasribeiraopreto.com.br\/wp-content\/uploads\/2023\/12\/istock-1315354434.jpg?fit=1200%2C638&ssl=1&resize=700%2C400 2x, https:\/\/i0.wp.com\/noticiasribeiraopreto.com.br\/wp-content\/uploads\/2023\/12\/istock-1315354434.jpg?fit=1200%2C638&ssl=1&resize=1050%2C600 3x"},"classes":[]},{"id":65245,"url":"https:\/\/noticiasribeiraopreto.com.br\/index.php\/2025\/03\/18\/jornal-da-franca-cha-de-oregano-melhora-a-imunidade-e-saude-do-coracao-veja-como-fazer\/","url_meta":{"origin":9471,"position":4},"title":"Jornal da Franca &#8211; Ch\u00e1 de or\u00e9gano melhora a imunidade e sa\u00fade do cora\u00e7\u00e3o. Veja como fazer!","author":"noticiasribeiraopreto.com.br","date":"18 de March de 2025","format":false,"excerpt":"compartilhar no whatsapp compartilhar no telegram compartilhar no facebook compartilhar no linkedin O ch\u00e1 de or\u00e9gano \u00e9 uma bebida f\u00e1cil de preparar, com propriedades anti-inflamat\u00f3rias, antibacterianas e antioxidantes Bastante conhecido e usado na culin\u00e1ria, o or\u00e9gano tem v\u00e1rias propriedades ben\u00e9ficas \u00e0 sa\u00fade \u2013 foto Arquivo \u00a0 O or\u00e9gano \u00e9 uma\u2026","rel":"","context":"In &quot;Not\u00edcias de Franca-SP&quot;","block_context":{"text":"Not\u00edcias de Franca-SP","link":"https:\/\/noticiasribeiraopreto.com.br\/index.php\/category\/noticias-de-ribeirao-preto-sp-e-regiao-ismael-colosi\/noticias-franca-sp\/"},"img":{"alt_text":"","src":"https:\/\/i0.wp.com\/noticiasribeiraopreto.com.br\/wp-content\/uploads\/2025\/03\/cha-de-oregano.jpg?fit=1200%2C675&ssl=1&resize=350%2C200","width":350,"height":200,"srcset":"https:\/\/i0.wp.com\/noticiasribeiraopreto.com.br\/wp-content\/uploads\/2025\/03\/cha-de-oregano.jpg?fit=1200%2C675&ssl=1&resize=350%2C200 1x, https:\/\/i0.wp.com\/noticiasribeiraopreto.com.br\/wp-content\/uploads\/2025\/03\/cha-de-oregano.jpg?fit=1200%2C675&ssl=1&resize=525%2C300 1.5x, https:\/\/i0.wp.com\/noticiasribeiraopreto.com.br\/wp-content\/uploads\/2025\/03\/cha-de-oregano.jpg?fit=1200%2C675&ssl=1&resize=700%2C400 2x, https:\/\/i0.wp.com\/noticiasribeiraopreto.com.br\/wp-content\/uploads\/2025\/03\/cha-de-oregano.jpg?fit=1200%2C675&ssl=1&resize=1050%2C600 3x"},"classes":[]},{"id":41474,"url":"https:\/\/noticiasribeiraopreto.com.br\/index.php\/2024\/03\/08\/veja-como-fazer-a-inscricao-no-concurso-publico-da-usp-ha-vagas-em-ribeirao\/","url_meta":{"origin":9471,"position":5},"title":"Veja como fazer a inscri\u00e7\u00e3o no concurso p\u00fablico da USP; H\u00e1 vagas em Ribeir\u00e3o","author":"noticiasribeiraopreto.com.br","date":"8 de March de 2024","format":false,"excerpt":"As inscri\u00e7\u00f5es para o concurso p\u00fablico da USP (Universidade de S\u00e3o Paulo) com 49 vagas de n\u00edvel superior come\u00e7am na pr\u00f3xima segunda-feira (11) e seguem at\u00e9 o dia 11 de abril. H\u00e1 vagas para o campus de Ribeir\u00e3o Preto. Os sal\u00e1rios para as fun\u00e7\u00f5es variam entre R$ 5,4 mil R$\u2026","rel":"","context":"In &quot;Not\u00edcias de Ribeir\u00e3o Preto-SP e Regi\u00e3o&quot;","block_context":{"text":"Not\u00edcias de Ribeir\u00e3o Preto-SP e Regi\u00e3o","link":"https:\/\/noticiasribeiraopreto.com.br\/index.php\/category\/noticias-de-ribeirao-preto-sp-e-regiao-ismael-colosi\/"},"img":{"alt_text":"","src":"https:\/\/i0.wp.com\/noticiasribeiraopreto.com.br\/wp-content\/uploads\/2024\/03\/CAMPUS-DA-USP-DE-RIBEIRAO-PRETO-1024x683.jpg?fit=1024%2C683&ssl=1&resize=350%2C200","width":350,"height":200,"srcset":"https:\/\/i0.wp.com\/noticiasribeiraopreto.com.br\/wp-content\/uploads\/2024\/03\/CAMPUS-DA-USP-DE-RIBEIRAO-PRETO-1024x683.jpg?fit=1024%2C683&ssl=1&resize=350%2C200 1x, https:\/\/i0.wp.com\/noticiasribeiraopreto.com.br\/wp-content\/uploads\/2024\/03\/CAMPUS-DA-USP-DE-RIBEIRAO-PRETO-1024x683.jpg?fit=1024%2C683&ssl=1&resize=525%2C300 1.5x, https:\/\/i0.wp.com\/noticiasribeiraopreto.com.br\/wp-content\/uploads\/2024\/03\/CAMPUS-DA-USP-DE-RIBEIRAO-PRETO-1024x683.jpg?fit=1024%2C683&ssl=1&resize=700%2C400 2x"},"classes":[]}],"jetpack_sharing_enabled":true,"jetpack_shortlink":"https:\/\/wp.me\/peQAOb-2sL","_links":{"self":[{"href":"https:\/\/noticiasribeiraopreto.com.br\/index.php\/wp-json\/wp\/v2\/posts\/9471","targetHints":{"allow":["GET"]}}],"collection":[{"href":"https:\/\/noticiasribeiraopreto.com.br\/index.php\/wp-json\/wp\/v2\/posts"}],"about":[{"href":"https:\/\/noticiasribeiraopreto.com.br\/index.php\/wp-json\/wp\/v2\/types\/post"}],"author":[{"embeddable":true,"href":"https:\/\/noticiasribeiraopreto.com.br\/index.php\/wp-json\/wp\/v2\/users\/1"}],"replies":[{"embeddable":true,"href":"https:\/\/noticiasribeiraopreto.com.br\/index.php\/wp-json\/wp\/v2\/comments?post=9471"}],"version-history":[{"count":0,"href":"https:\/\/noticiasribeiraopreto.com.br\/index.php\/wp-json\/wp\/v2\/posts\/9471\/revisions"}],"wp:featuredmedia":[{"embeddable":true,"href":"https:\/\/noticiasribeiraopreto.com.br\/index.php\/wp-json\/wp\/v2\/media\/9472"}],"wp:attachment":[{"href":"https:\/\/noticiasribeiraopreto.com.br\/index.php\/wp-json\/wp\/v2\/media?parent=9471"}],"wp:term":[{"taxonomy":"category","embeddable":true,"href":"https:\/\/noticiasribeiraopreto.com.br\/index.php\/wp-json\/wp\/v2\/categories?post=9471"},{"taxonomy":"post_tag","embeddable":true,"href":"https:\/\/noticiasribeiraopreto.com.br\/index.php\/wp-json\/wp\/v2\/tags?post=9471"}],"curies":[{"name":"wp","href":"https:\/\/api.w.org\/{rel}","templated":true}]}}