{"id":9479,"date":"2023-12-02T06:08:02","date_gmt":"2023-12-02T09:08:02","guid":{"rendered":"https:\/\/noticiasribeiraopreto.com.br\/index.php\/2023\/12\/02\/governo-de-pernambuco-anuncia-programa-para-impulsionar-negocios-liderados-por-mulheres\/"},"modified":"2023-12-02T06:08:02","modified_gmt":"2023-12-02T09:08:02","slug":"governo-de-pernambuco-anuncia-programa-para-impulsionar-negocios-liderados-por-mulheres","status":"publish","type":"post","link":"https:\/\/noticiasribeiraopreto.com.br\/index.php\/2023\/12\/02\/governo-de-pernambuco-anuncia-programa-para-impulsionar-negocios-liderados-por-mulheres\/","title":{"rendered":"Governo de Pernambuco anuncia programa para impulsionar neg\u00f3cios liderados por mulheres"},"content":{"rendered":"<div class='code-block code-block-1' style='margin: 8px 0 8px auto; text-align: right; display: block; clear: both;'>\n<p><a href=\"https:\/\/wa.link\/vpicfd\"><img data-recalc-dims=\"1\" class=\"wp-image-4922\" style=\"aspect-ratio: 2.0253164556962027; width: 561px; height: auto;\" src=\"https:\/\/i0.wp.com\/ismaelcolosi.com.br\/wp-content\/uploads\/2023\/11\/grupo-de-empregos-whatsapp-e-facebook-ismael-colosi-vagas.jpg?ssl=1\" alt=\"\" \/><\/a><\/p>\n<!-- \/wp:image -->\n<\/div>\n<p> <br \/>\n<\/p>\n<div>\n<div id=\"attachment_1870288\" class=\"wp-caption alignnone\">\n<div class=\"d-flex justify-content-center\" data-attachment-id=\"1870288\">\n<div class=\"position-relative d-inline-block\"><img data-recalc-dims=\"1\" data-portal-copyright=\"\" fetchpriority=\"high\" decoding=\"async\" class=\"size-full wp-image-1870288\" src=\"https:\/\/i0.wp.com\/catracalivre.com.br\/wp-content\/uploads\/2019\/05\/womenwill-google-capacita-mulheres-gratuitamente-para-empreender.jpg?resize=1140%2C760&#038;ssl=1\" alt=\"Quer empreender? veja este post\" width=\"1140\" height=\"760\" srcset=\"https:\/\/catracalivre.com.br\/wp-content\/uploads\/2019\/05\/womenwill-google-capacita-mulheres-gratuitamente-para-empreender.jpg 1140w, https:\/\/catracalivre.com.br\/wp-content\/uploads\/2019\/05\/womenwill-google-capacita-mulheres-gratuitamente-para-empreender-450x300.jpg 450w, https:\/\/catracalivre.com.br\/wp-content\/uploads\/2019\/05\/womenwill-google-capacita-mulheres-gratuitamente-para-empreender-768x512.jpg 768w\" sizes=\"(max-width: 1140px) 100vw, 1140px\"\/><\/div>\n<\/div>\n<p><span class=\"post-imagem__legenda\">Quer empreender? veja este post<\/span><\/p>\n<\/div>\n<p>Na mais recente iniciativa voltada para o est\u00edmulo ao empreendedorismo feminino, o Governo de Pernambuco lan\u00e7ou o programa \u201cBora<a href=\"https:\/\/catracalivre.com.br\/cidadania\/inss-adota-nova-estrategia-e-supreende-trabalhadores\/\"> Empreender<\/a>\u201c, que promete impulsionar os neg\u00f3cios liderados por mulheres no estado. A principal novidade do programa \u00e9 a introdu\u00e7\u00e3o de uma linha de cr\u00e9dito exclusiva, proporcionando \u00e0s empreendedoras a oportunidade de obter recursos financeiros cruciais para expandir ou consolidar seus empreendimentos.<\/p>\n<h2>Detalhes da Linha de Cr\u00e9dito<\/h2>\n<p>Segundo informa\u00e7\u00f5es divulgadas pelo Governo do Estado, o programa Bora <a href=\"https:\/\/catracalivre.com.br\/carreira\/quer-empreender-na-internet-confira-estas-dicas-indispensaveis\/\">Empreender<\/a> visa realizar aproximadamente 35 mil opera\u00e7\u00f5es de cr\u00e9dito, abrindo portas para o desenvolvimento de neg\u00f3cios liderados por mulheres em diversas \u00e1reas. O montante dispon\u00edvel varia entre R$ 4 mil e R$ 8 mil, proporcionando flexibilidade para atender \u00e0s necessidades espec\u00edficas de cada empreendedora.<\/p>\n<p>Al\u00e9m do aporte financeiro, o programa oferece outras vantagens para as participantes. As empreendedoras ter\u00e3o a oportunidade de acessar cursos de qualifica\u00e7\u00e3o, aprimorando suas habilidades e conhecimentos em \u00e1reas essenciais para a gest\u00e3o de neg\u00f3cios, como marketing, finan\u00e7as, vendas e uso consciente do cr\u00e9dito.<\/p>\n<p>O investimento total previsto pelo governo estadual para o programa \u00e9 significativo, alcan\u00e7ando at\u00e9 R$ 105 milh\u00f5es em cr\u00e9dito dispon\u00edvel para as empreendedoras. Essa inje\u00e7\u00e3o de recursos tem o potencial n\u00e3o apenas de fortalecer os neg\u00f3cios existentes, mas tamb\u00e9m de fomentar a cria\u00e7\u00e3o de novas empresas lideradas por mulheres em Pernambuco.<\/p>\n<h2>Condi\u00e7\u00f5es e Crit\u00e9rios<\/h2>\n<p>O microcr\u00e9dito disponibilizado pelo programa ser\u00e1 direcionado tanto para mulheres que j\u00e1 possuem um neg\u00f3cio pr\u00f3prio quanto para aquelas que almejam iniciar sua jornada empreendedora. O in\u00edcio do programa est\u00e1 programado para este m\u00eas, com um ticket m\u00e9dio de R$ 3 mil, adaptado para atender \u00e0s diferentes realidades das empreendedoras.<\/p>\n<p>A Ag\u00eancia de Empreendedorismo de Pernambuco ser\u00e1 a respons\u00e1vel por conceder os financiamentos, com uma an\u00e1lise cadastral rigorosa para garantir a viabilidade e sustentabilidade dos projetos. Para as empreendedoras informais, o limite do cr\u00e9dito \u00e9 de at\u00e9 R$ 4 mil, com um prazo de pagamento estabelecido em at\u00e9 10 meses. J\u00e1 para as empreendedoras formais, o valor m\u00e1ximo do cr\u00e9dito \u00e9 dobrado, atingindo R$ 8 mil, com um prazo de pagamento estendido para at\u00e9 um ano.<\/p>\n<h2>Qualifica\u00e7\u00e3o Profissional<\/h2>\n<p>Al\u00e9m do suporte financeiro, o programa Bora Empreender destaca-se por oferecer oportunidades de qualifica\u00e7\u00e3o profissional. As empreendedoras participantes ter\u00e3o acesso a cursos que abrangem temas cruciais para o sucesso empresarial, como marketing, finan\u00e7as, vendas e gest\u00e3o consciente do cr\u00e9dito. Essa abordagem hol\u00edstica visa n\u00e3o apenas fornecer recursos financeiros, mas tamb\u00e9m capacitar as empreendedoras para enfrentar os desafios e oportunidades do mercado.<\/p>\n<h2>Inscri\u00e7\u00f5es e Perspectivas Futuras<\/h2>\n<p>Para participar do programa, as interessadas devem realizar a inscri\u00e7\u00e3o por meio do site oficial da Secretaria de Pernambuco, dispon\u00edvel no link indicado. A expectativa \u00e9 que, at\u00e9 o ano de 2026, o programa Bora Empreender abra cerca de 37 mil vagas, contribuindo significativamente para o fortalecimento do empreendedorismo feminino em todas as regi\u00f5es do estado.<\/p>\n<\/div>\n<p><script>\n\t\t! function(f, b, e, v, n, t, s) {\n\t\t\tif (f.fbq) return;\n\t\t\tn = f.fbq = function() {\n\t\t\t\tn.callMethod ?\n\t\t\t\t\tn.callMethod.apply(n, arguments) : n.queue.push(arguments)\n\t\t\t};\n\t\t\tif (!f._fbq) f._fbq = n;\n\t\t\tn.push = n;\n\t\t\tn.loaded = !0;\n\t\t\tn.version = '2.0';\n\t\t\tn.queue = [];\n\t\t\tt = b.createElement(e);\n\t\t\tt.async = !0;\n\t\t\tt.src = v;\n\t\t\ts = b.getElementsByTagName(e)[0];\n\t\t\ts.parentNode.insertBefore(t, s)\n\t\t}(window, document, 'script',\n\t\t\t'https:\/\/connect.facebook.net\/en_US\/fbevents.js');\n\t\tfbq('init', '338315473262380');\n\t\tfbq('track', 'PageView');\n\t<\/script><br \/>\n<br \/><br \/>\n<br \/><a href=\"https:\/\/catracalivre.com.br\/cidadania\/governo-de-pernambuco-anuncia-programa-para-impulsionar-negocios-liderados-por-mulheres\/\">Source link <\/a><\/p>\n<!-- CONTENT END 1 -->\n","protected":false},"excerpt":{"rendered":"<p>Quer empreender? veja este post Na mais recente iniciativa voltada para o est\u00edmulo ao empreendedorismo feminino, o Governo de Pernambuco lan\u00e7ou o programa \u201cBora Empreender\u201c,&#8230;<\/p>\n","protected":false},"author":1,"featured_media":9480,"comment_status":"open","ping_status":"open","sticky":false,"template":"","format":"standard","meta":{"advanced_seo_description":"","jetpack_seo_html_title":"","jetpack_seo_noindex":false,"jetpack_post_was_ever_published":false,"_jetpack_newsletter_access":"","_jetpack_dont_email_post_to_subs":false,"_jetpack_newsletter_tier_id":0,"_jetpack_memberships_contains_paywalled_content":false,"_jetpack_memberships_contains_paid_content":false,"footnotes":"","jetpack_publicize_message":"","jetpack_publicize_feature_enabled":true,"jetpack_social_post_already_shared":true,"jetpack_social_options":{"image_generator_settings":{"template":"highway","default_image_id":0,"font":"","enabled":false},"version":2}},"categories":[19],"tags":[],"class_list":["post-9479","post","type-post","status-publish","format-standard","has-post-thumbnail","hentry","category-variedades"],"jetpack_publicize_connections":[],"jetpack_featured_media_url":"https:\/\/i0.wp.com\/noticiasribeiraopreto.com.br\/wp-content\/uploads\/2023\/12\/istock-1463712307.jpg?fit=1200%2C638&ssl=1","jetpack-related-posts":[],"jetpack_sharing_enabled":true,"jetpack_shortlink":"https:\/\/wp.me\/peQAOb-2sT","_links":{"self":[{"href":"https:\/\/noticiasribeiraopreto.com.br\/index.php\/wp-json\/wp\/v2\/posts\/9479","targetHints":{"allow":["GET"]}}],"collection":[{"href":"https:\/\/noticiasribeiraopreto.com.br\/index.php\/wp-json\/wp\/v2\/posts"}],"about":[{"href":"https:\/\/noticiasribeiraopreto.com.br\/index.php\/wp-json\/wp\/v2\/types\/post"}],"author":[{"embeddable":true,"href":"https:\/\/noticiasribeiraopreto.com.br\/index.php\/wp-json\/wp\/v2\/users\/1"}],"replies":[{"embeddable":true,"href":"https:\/\/noticiasribeiraopreto.com.br\/index.php\/wp-json\/wp\/v2\/comments?post=9479"}],"version-history":[{"count":0,"href":"https:\/\/noticiasribeiraopreto.com.br\/index.php\/wp-json\/wp\/v2\/posts\/9479\/revisions"}],"wp:featuredmedia":[{"embeddable":true,"href":"https:\/\/noticiasribeiraopreto.com.br\/index.php\/wp-json\/wp\/v2\/media\/9480"}],"wp:attachment":[{"href":"https:\/\/noticiasribeiraopreto.com.br\/index.php\/wp-json\/wp\/v2\/media?parent=9479"}],"wp:term":[{"taxonomy":"category","embeddable":true,"href":"https:\/\/noticiasribeiraopreto.com.br\/index.php\/wp-json\/wp\/v2\/categories?post=9479"},{"taxonomy":"post_tag","embeddable":true,"href":"https:\/\/noticiasribeiraopreto.com.br\/index.php\/wp-json\/wp\/v2\/tags?post=9479"}],"curies":[{"name":"wp","href":"https:\/\/api.w.org\/{rel}","templated":true}]}}