{"id":9507,"date":"2023-12-02T08:40:33","date_gmt":"2023-12-02T11:40:33","guid":{"rendered":"https:\/\/noticiasribeiraopreto.com.br\/index.php\/2023\/12\/02\/enxaqueca-indica-maior-chance-de-doenca-mortal-diz-estudo\/"},"modified":"2023-12-02T08:40:33","modified_gmt":"2023-12-02T11:40:33","slug":"enxaqueca-indica-maior-chance-de-doenca-mortal-diz-estudo","status":"publish","type":"post","link":"https:\/\/noticiasribeiraopreto.com.br\/index.php\/2023\/12\/02\/enxaqueca-indica-maior-chance-de-doenca-mortal-diz-estudo\/","title":{"rendered":"Enxaqueca indica maior chance de doen\u00e7a mortal, diz estudo"},"content":{"rendered":"<div class='code-block code-block-1' style='margin: 8px 0 8px auto; text-align: right; display: block; clear: both;'>\n<p><a href=\"https:\/\/wa.link\/vpicfd\"><img data-recalc-dims=\"1\" class=\"wp-image-4922\" style=\"aspect-ratio: 2.0253164556962027; width: 561px; height: auto;\" src=\"https:\/\/i0.wp.com\/ismaelcolosi.com.br\/wp-content\/uploads\/2023\/11\/grupo-de-empregos-whatsapp-e-facebook-ismael-colosi-vagas.jpg?ssl=1\" alt=\"\" \/><\/a><\/p>\n<!-- \/wp:image -->\n<\/div>\n<p> <br \/>\n<\/p>\n<div>\n<div id=\"attachment_2314467\" class=\"wp-caption alignnone\">\n<div class=\"d-flex justify-content-center\" data-attachment-id=\"2314467\">\n<div class=\"position-relative d-inline-block\"><img data-recalc-dims=\"1\" data-portal-copyright=\"Getty Images\/iStockphoto\" fetchpriority=\"high\" decoding=\"async\" class=\"wp-image-2314467 size-full\" src=\"https:\/\/i0.wp.com\/catracalivre.com.br\/wp-content\/uploads\/2023\/11\/istock-1406345288.jpg?resize=1254%2C836&#038;ssl=1\" alt=\"Estudo publicado na PLOS Medicine se prop\u00f5e a investigar rela\u00e7\u00e3o entre enxaqueca e AVC, condi\u00e7\u00e3o potencialmente mortal \u2013 iStock\/Getty Images\" width=\"1254\" height=\"836\" srcset=\"https:\/\/catracalivre.com.br\/wp-content\/uploads\/2023\/11\/istock-1406345288.jpg 1254w, https:\/\/catracalivre.com.br\/wp-content\/uploads\/2023\/11\/istock-1406345288-450x300.jpg 450w, https:\/\/catracalivre.com.br\/wp-content\/uploads\/2023\/11\/istock-1406345288-768x512.jpg 768w\" sizes=\"(max-width: 1254px) 100vw, 1254px\"\/><\/p>\n<p>Cr\u00e9ditos: Getty Images\/iStockphoto<\/p>\n<\/div>\n<\/div>\n<p><span class=\"post-imagem__legenda\">Estudo publicado na PLOS Medicine se prop\u00f5e a investigar rela\u00e7\u00e3o entre enxaqueca e AVC, condi\u00e7\u00e3o potencialmente mortal \u2013 iStock\/Getty Images<\/span><\/p>\n<\/div>\n<p>Quem sofre de enxaqueca tem maior probabilidade de sofrer um acidente vascular cerebral antes dos 60 anos, indica estudo conduzido por pesquisadores na Dinamarca.<\/p>\n<p>O <strong><a href=\"https:\/\/www.gov.br\/saude\/pt-br\/assuntos\/saude-de-a-a-z\/a\/avc\" target=\"_blank\" rel=\"noopener\">AVC<\/a> <\/strong>se define por uma emerg\u00eancia m\u00e9dica grave, que representa potencial risco de vida que ocorre quando h\u00e1 o bloqueio do suprimento de sangue para o <strong><a href=\"https:\/\/catracalivre.com.br\/saude-bem-estar\/estudo-descobre-que-este-exercicio-melhora-a-saude-do-cerebro\/\" target=\"_blank\" rel=\"noopener\">c\u00e9rebro<\/a><\/strong>.<\/p>\n<h2>Mulheres com enxaqueca s\u00e3o mais afetadas<\/h2>\n<p>Esta n\u00e3o \u00e9 a primeira vez que a medicina observa rela\u00e7\u00e3o entre quadros cr\u00f4nicos de dor de cabe\u00e7a e eventuais diagn\u00f3sticos de AVC. Pesquisas anteriores j\u00e1 sugeriam que o risco aumentado de acidente vascular cerebral isqu\u00eamico \u2013 quando um co\u00e1gulo de sangue bloqueia um vaso sangu\u00edneo para o c\u00e9rebro \u2013 que afeta principalmente mulheres jovens.<\/p>\n<p>Embora o estudo dinamarqu\u00eas tenha alertado sobre maior preval\u00eancia de casos de AVC entre mulheres com enxaqueca, o levantamento n\u00e3o conseguiu identificar se essas mulheres tamb\u00e9m est\u00e3o mais propensas a maior\u00a0 risco de ataque acard\u00edaco e derrame em hemorr\u00e1gico, em compara\u00e7\u00e3o aos homens.<\/p>\n<h2>Detalhes do estudo<\/h2>\n<p>Para abranger a compreens\u00e3o sobre o tema, a equipe conduziu uma an\u00e1lise nacional de registros m\u00e9dicos dinamarqueses coletados de 1996 a 2018, de pessoas de 18 a 60 anos.<\/p>\n<p>Ao longo dos anos de observa\u00e7\u00e3o, os especialistas identificaram homens e mulheres com enxaqueca e compararam o risco de ataque card\u00edaco e derrame isqu\u00eamico e hemorr\u00e1gico antes dos 60 anos com os riscos enfrentados por pessoas na popula\u00e7\u00e3o em geral que n\u00e3o sofriam de enxaqueca.<\/p>\n<h2>O que se concluiu?<\/h2>\n<p>Homens e mulheres com enxaqueca tiveram um risco aumentado de acidente vascular cerebral isqu\u00eamico, mostram os resultados do estudo. No entanto, as mulheres com enxaqueca tamb\u00e9m podem apresentar um risco ligeiramente maior de ataque card\u00edaco e derrame hemorr\u00e1gico, em compara\u00e7\u00e3o com os homens com enxaqueca e a popula\u00e7\u00e3o em geral.<\/p>\n<p>Apesar das descobertas, os pesquisadores disseram que s\u00e3o necess\u00e1rios estudos maiores com pessoas que n\u00e3o fazem uso de medicamentos para o tratamento.<\/p>\n<\/div>\n<p><script>\n\t\t! function(f, b, e, v, n, t, s) {\n\t\t\tif (f.fbq) return;\n\t\t\tn = f.fbq = function() {\n\t\t\t\tn.callMethod ?\n\t\t\t\t\tn.callMethod.apply(n, arguments) : n.queue.push(arguments)\n\t\t\t};\n\t\t\tif (!f._fbq) f._fbq = n;\n\t\t\tn.push = n;\n\t\t\tn.loaded = !0;\n\t\t\tn.version = '2.0';\n\t\t\tn.queue = [];\n\t\t\tt = b.createElement(e);\n\t\t\tt.async = !0;\n\t\t\tt.src = v;\n\t\t\ts = b.getElementsByTagName(e)[0];\n\t\t\ts.parentNode.insertBefore(t, s)\n\t\t}(window, document, 'script',\n\t\t\t'https:\/\/connect.facebook.net\/en_US\/fbevents.js');\n\t\tfbq('init', '338315473262380');\n\t\tfbq('track', 'PageView');\n\t<\/script><br \/>\n<br \/><br \/>\n<br \/><a href=\"https:\/\/catracalivre.com.br\/saude-bem-estar\/enxaqueca-indica-maior-chance-de-doenca-mortal-diz-estudo\/\">Source link <\/a><\/p>\n<!-- CONTENT END 1 -->\n","protected":false},"excerpt":{"rendered":"<p>Cr\u00e9ditos: Getty Images\/iStockphoto Estudo publicado na PLOS Medicine se prop\u00f5e a investigar rela\u00e7\u00e3o entre enxaqueca e AVC, condi\u00e7\u00e3o potencialmente mortal \u2013 iStock\/Getty Images Quem sofre&#8230;<\/p>\n","protected":false},"author":1,"featured_media":9508,"comment_status":"open","ping_status":"open","sticky":false,"template":"","format":"standard","meta":{"advanced_seo_description":"","jetpack_seo_html_title":"","jetpack_seo_noindex":false,"jetpack_post_was_ever_published":false,"_jetpack_newsletter_access":"","_jetpack_dont_email_post_to_subs":false,"_jetpack_newsletter_tier_id":0,"_jetpack_memberships_contains_paywalled_content":false,"_jetpack_memberships_contains_paid_content":false,"footnotes":"","jetpack_publicize_message":"","jetpack_publicize_feature_enabled":true,"jetpack_social_post_already_shared":true,"jetpack_social_options":{"image_generator_settings":{"template":"highway","default_image_id":0,"font":"","enabled":false},"version":2}},"categories":[19],"tags":[],"class_list":["post-9507","post","type-post","status-publish","format-standard","has-post-thumbnail","hentry","category-variedades"],"jetpack_publicize_connections":[],"jetpack_featured_media_url":"https:\/\/i0.wp.com\/noticiasribeiraopreto.com.br\/wp-content\/uploads\/2023\/12\/istock-1406345288.jpg?fit=1200%2C638&ssl=1","jetpack-related-posts":[{"id":24651,"url":"https:\/\/noticiasribeiraopreto.com.br\/index.php\/2024\/01\/04\/enxaqueca-como-tratar-essa-dor-insuportavel-meu-valor-digital\/","url_meta":{"origin":9507,"position":0},"title":"Enxaqueca: como tratar essa dor insuport\u00e1vel? &#8211; Meu Valor Digital","author":"noticiasribeiraopreto.com.br","date":"4 de January de 2024","format":false,"excerpt":"A enxaqueca \u00e9 um tipo de dor de cabe\u00e7a que pode deixar a pessoa incapacitada. \u00c9 uma dor que afeta os dois lados da cabe\u00e7a. Geralmente quem sofre com enxaqueca pode ter sensibilidade a sons, luz e odores, al\u00e9m de n\u00e1useas, v\u00f4mitos e dores. . \u00c9 uma dor latejante e\u2026","rel":"","context":"In &quot;Vagas de Emprego em Ribeir\u00e3o Preto-SP&quot;","block_context":{"text":"Vagas de Emprego em Ribeir\u00e3o Preto-SP","link":"https:\/\/noticiasribeiraopreto.com.br\/index.php\/category\/empregos-classificados-vagas-trabalho\/vagas-de-empregos-em-ribeirao-preto-regiao-brasil\/"},"img":{"alt_text":"","src":"https:\/\/i0.wp.com\/noticiasribeiraopreto.com.br\/wp-content\/uploads\/2024\/01\/6-Enxaqueca-1.jpg?fit=1200%2C773&ssl=1&resize=350%2C200","width":350,"height":200,"srcset":"https:\/\/i0.wp.com\/noticiasribeiraopreto.com.br\/wp-content\/uploads\/2024\/01\/6-Enxaqueca-1.jpg?fit=1200%2C773&ssl=1&resize=350%2C200 1x, https:\/\/i0.wp.com\/noticiasribeiraopreto.com.br\/wp-content\/uploads\/2024\/01\/6-Enxaqueca-1.jpg?fit=1200%2C773&ssl=1&resize=525%2C300 1.5x, https:\/\/i0.wp.com\/noticiasribeiraopreto.com.br\/wp-content\/uploads\/2024\/01\/6-Enxaqueca-1.jpg?fit=1200%2C773&ssl=1&resize=700%2C400 2x, https:\/\/i0.wp.com\/noticiasribeiraopreto.com.br\/wp-content\/uploads\/2024\/01\/6-Enxaqueca-1.jpg?fit=1200%2C773&ssl=1&resize=1050%2C600 3x"},"classes":[]},{"id":20607,"url":"https:\/\/noticiasribeiraopreto.com.br\/index.php\/2023\/12\/26\/evite-estes-alimentos-e-bebidas-para-se-livrar-da-enxaqueca\/","url_meta":{"origin":9507,"position":1},"title":"Evite estes alimentos e bebidas para se livrar da enxaqueca","author":"noticiasribeiraopreto.com.br","date":"26 de December de 2023","format":false,"excerpt":"Cr\u00e9ditos: Getty ImagesCaracterizada por uma condi\u00e7\u00e3o debilitante que afeta milh\u00f5es de pessoas em todo o mundo, enxaqueca est\u00e1 associada ao consumo de alguns alimentos e bebidas \u2013 iStock\/Getty Images A enxaqueca afeta cerca de 15% da popula\u00e7\u00e3o brasileira, a maioria entre os 25 e os 45 anos, segundo n\u00fameros recentes\u2026","rel":"","context":"In &quot;Variedades&quot;","block_context":{"text":"Variedades","link":"https:\/\/noticiasribeiraopreto.com.br\/index.php\/category\/variedades\/"},"img":{"alt_text":"","src":"https:\/\/i0.wp.com\/noticiasribeiraopreto.com.br\/wp-content\/uploads\/2023\/12\/istock-1337932476.jpg?fit=1200%2C638&ssl=1&resize=350%2C200","width":350,"height":200,"srcset":"https:\/\/i0.wp.com\/noticiasribeiraopreto.com.br\/wp-content\/uploads\/2023\/12\/istock-1337932476.jpg?fit=1200%2C638&ssl=1&resize=350%2C200 1x, https:\/\/i0.wp.com\/noticiasribeiraopreto.com.br\/wp-content\/uploads\/2023\/12\/istock-1337932476.jpg?fit=1200%2C638&ssl=1&resize=525%2C300 1.5x, https:\/\/i0.wp.com\/noticiasribeiraopreto.com.br\/wp-content\/uploads\/2023\/12\/istock-1337932476.jpg?fit=1200%2C638&ssl=1&resize=700%2C400 2x, https:\/\/i0.wp.com\/noticiasribeiraopreto.com.br\/wp-content\/uploads\/2023\/12\/istock-1337932476.jpg?fit=1200%2C638&ssl=1&resize=1050%2C600 3x"},"classes":[]},{"id":43907,"url":"https:\/\/noticiasribeiraopreto.com.br\/index.php\/2024\/03\/24\/neurociencia-da-vida-cotidiana-18-migranea-enxaqueca\/","url_meta":{"origin":9507,"position":2},"title":"Neuroci\u00eancia da vida cotidiana (18): Migr\u00e2nea \/ Enxaqueca\u00a0","author":"noticiasribeiraopreto.com.br","date":"24 de March de 2024","format":false,"excerpt":"Jos\u00e9 Aparecido Da Silva\u00a0 (Esta cr\u00f4nica \u00e9 dedicada ao Prof. Dr. Jos\u00e9 Geraldo Speciali, um especial cl\u00ednico e pesquisador\u00a0 das Cefal\u00e9ias, Migr\u00e2neas, Enxaquecas, Dores de Cabe\u00e7a)\u00a0 Denominada cientificamente como migr\u00e2nea, a dor de cabe\u00e7a comum tem uma preval\u00eancia m\u00e9dia de 20,2% nas mulheres e de 9,4% nos homens. \u00c9 a\u2026","rel":"","context":"In &quot;Not\u00edcias de Ribeir\u00e3o Preto-SP e Regi\u00e3o&quot;","block_context":{"text":"Not\u00edcias de Ribeir\u00e3o Preto-SP e Regi\u00e3o","link":"https:\/\/noticiasribeiraopreto.com.br\/index.php\/category\/noticias-de-ribeirao-preto-sp-e-regiao-ismael-colosi\/"},"img":{"alt_text":"","src":"https:\/\/i0.wp.com\/noticiasribeiraopreto.com.br\/wp-content\/uploads\/2024\/03\/1711281151_jose-aparecido.jpg?fit=700%2C450&ssl=1&resize=350%2C200","width":350,"height":200,"srcset":"https:\/\/i0.wp.com\/noticiasribeiraopreto.com.br\/wp-content\/uploads\/2024\/03\/1711281151_jose-aparecido.jpg?fit=700%2C450&ssl=1&resize=350%2C200 1x, https:\/\/i0.wp.com\/noticiasribeiraopreto.com.br\/wp-content\/uploads\/2024\/03\/1711281151_jose-aparecido.jpg?fit=700%2C450&ssl=1&resize=525%2C300 1.5x, https:\/\/i0.wp.com\/noticiasribeiraopreto.com.br\/wp-content\/uploads\/2024\/03\/1711281151_jose-aparecido.jpg?fit=700%2C450&ssl=1&resize=700%2C400 2x"},"classes":[]},{"id":67829,"url":"https:\/\/noticiasribeiraopreto.com.br\/index.php\/2025\/04\/18\/jornal-da-franca-tontura-e-coisa-seria-medica-diz-que-questao-e-negligenciada-e-pode-ser-grave\/","url_meta":{"origin":9507,"position":3},"title":"Jornal da Franca &#8211; &#8220;Tontura \u00e9 coisa s\u00e9ria&#8221;: m\u00e9dica diz que quest\u00e3o \u00e9 negligenciada e pode ser grave","author":"noticiasribeiraopreto.com.br","date":"18 de April de 2025","format":false,"excerpt":"compartilhar no whatsapp compartilhar no telegram compartilhar no facebook compartilhar no linkedin Com o tema \u201cTontura \u00e9 coisa s\u00e9ria\u201d, iniciativa destaca a import\u00e2ncia do diagn\u00f3stico precoce e tratamento adequado para a condi\u00e7\u00e3o De 21 a 27 de abril, a Associa\u00e7\u00e3o Brasileira de Otorrinolaringologia e Cirurgia C\u00e9rvico-Facial (ABORL-CCF) realiza a Semana\u2026","rel":"","context":"In &quot;Not\u00edcias de Franca-SP&quot;","block_context":{"text":"Not\u00edcias de Franca-SP","link":"https:\/\/noticiasribeiraopreto.com.br\/index.php\/category\/noticias-de-ribeirao-preto-sp-e-regiao-ismael-colosi\/noticias-franca-sp\/"},"img":{"alt_text":"","src":"https:\/\/i0.wp.com\/noticiasribeiraopreto.com.br\/wp-content\/uploads\/2025\/04\/vertigem-tontura-vppb-acidente-vascular-cerebral.jpg?fit=1000%2C667&ssl=1&resize=350%2C200","width":350,"height":200,"srcset":"https:\/\/i0.wp.com\/noticiasribeiraopreto.com.br\/wp-content\/uploads\/2025\/04\/vertigem-tontura-vppb-acidente-vascular-cerebral.jpg?fit=1000%2C667&ssl=1&resize=350%2C200 1x, https:\/\/i0.wp.com\/noticiasribeiraopreto.com.br\/wp-content\/uploads\/2025\/04\/vertigem-tontura-vppb-acidente-vascular-cerebral.jpg?fit=1000%2C667&ssl=1&resize=525%2C300 1.5x, https:\/\/i0.wp.com\/noticiasribeiraopreto.com.br\/wp-content\/uploads\/2025\/04\/vertigem-tontura-vppb-acidente-vascular-cerebral.jpg?fit=1000%2C667&ssl=1&resize=700%2C400 2x"},"classes":[]},{"id":64524,"url":"https:\/\/noticiasribeiraopreto.com.br\/index.php\/2025\/03\/09\/jornal-da-franca-conheca-os-sinais-que-indicam-a-falta-de-magnesio-no-organismo\/","url_meta":{"origin":9507,"position":4},"title":"Jornal da Franca &#8211; Conhe\u00e7a os sinais que indicam a falta de magn\u00e9sio no organismo","author":"noticiasribeiraopreto.com.br","date":"9 de March de 2025","format":false,"excerpt":"compartilhar no whatsapp compartilhar no telegram compartilhar no facebook compartilhar no linkedin A defici\u00eancia de magn\u00e9sio pode afetar diversas fun\u00e7\u00f5es do corpo. Saiba quais s\u00e3o os sintomas caracter\u00edsticos A defici\u00eancia de magn\u00e9sio pode afetar diversas fun\u00e7\u00f5es do corpo \u2013 foto Arquivo \u00a0 O magn\u00e9sio \u00e9 um mineral essencial para o\u2026","rel":"","context":"In &quot;Not\u00edcias de Franca-SP&quot;","block_context":{"text":"Not\u00edcias de Franca-SP","link":"https:\/\/noticiasribeiraopreto.com.br\/index.php\/category\/noticias-de-ribeirao-preto-sp-e-regiao-ismael-colosi\/noticias-franca-sp\/"},"img":{"alt_text":"","src":"https:\/\/i0.wp.com\/noticiasribeiraopreto.com.br\/wp-content\/uploads\/2025\/03\/magnesio-scaled.jpg?fit=1200%2C800&ssl=1&resize=350%2C200","width":350,"height":200,"srcset":"https:\/\/i0.wp.com\/noticiasribeiraopreto.com.br\/wp-content\/uploads\/2025\/03\/magnesio-scaled.jpg?fit=1200%2C800&ssl=1&resize=350%2C200 1x, https:\/\/i0.wp.com\/noticiasribeiraopreto.com.br\/wp-content\/uploads\/2025\/03\/magnesio-scaled.jpg?fit=1200%2C800&ssl=1&resize=525%2C300 1.5x, https:\/\/i0.wp.com\/noticiasribeiraopreto.com.br\/wp-content\/uploads\/2025\/03\/magnesio-scaled.jpg?fit=1200%2C800&ssl=1&resize=700%2C400 2x, https:\/\/i0.wp.com\/noticiasribeiraopreto.com.br\/wp-content\/uploads\/2025\/03\/magnesio-scaled.jpg?fit=1200%2C800&ssl=1&resize=1050%2C600 3x"},"classes":[]},{"id":69472,"url":"https:\/\/noticiasribeiraopreto.com.br\/index.php\/2025\/05\/06\/jornal-da-franca-nao-e-coisa-a-toa-visao-embacada-pode-indicar-problemas-e-exigir-avaliacao-medica\/","url_meta":{"origin":9507,"position":5},"title":"Jornal da Franca &#8211; N\u00e3o \u00e9 &#8220;coisa \u00e0 toa&#8221;: vis\u00e3o emba\u00e7ada pode indicar problemas e exigir avalia\u00e7\u00e3o m\u00e9dica","author":"noticiasribeiraopreto.com.br","date":"6 de May de 2025","format":false,"excerpt":"compartilhar no whatsapp compartilhar no telegram compartilhar no facebook compartilhar no linkedin Altera\u00e7\u00f5es visuais frequentes podem estar relacionadas a condi\u00e7\u00f5es como diabetes, hipertens\u00e3o ou doen\u00e7as oculares e devem ser investigadas A sensa\u00e7\u00e3o frequente de vis\u00e3o emba\u00e7ada pode ir muito al\u00e9m do cansa\u00e7o visual e deve servir de alerta para a\u2026","rel":"","context":"In &quot;Not\u00edcias de Franca-SP&quot;","block_context":{"text":"Not\u00edcias de Franca-SP","link":"https:\/\/noticiasribeiraopreto.com.br\/index.php\/category\/noticias-de-ribeirao-preto-sp-e-regiao-ismael-colosi\/noticias-franca-sp\/"},"img":{"alt_text":"","src":"https:\/\/i0.wp.com\/noticiasribeiraopreto.com.br\/wp-content\/uploads\/2025\/05\/exame-oftalmologico.jpg?fit=1200%2C675&ssl=1&resize=350%2C200","width":350,"height":200,"srcset":"https:\/\/i0.wp.com\/noticiasribeiraopreto.com.br\/wp-content\/uploads\/2025\/05\/exame-oftalmologico.jpg?fit=1200%2C675&ssl=1&resize=350%2C200 1x, https:\/\/i0.wp.com\/noticiasribeiraopreto.com.br\/wp-content\/uploads\/2025\/05\/exame-oftalmologico.jpg?fit=1200%2C675&ssl=1&resize=525%2C300 1.5x, https:\/\/i0.wp.com\/noticiasribeiraopreto.com.br\/wp-content\/uploads\/2025\/05\/exame-oftalmologico.jpg?fit=1200%2C675&ssl=1&resize=700%2C400 2x, https:\/\/i0.wp.com\/noticiasribeiraopreto.com.br\/wp-content\/uploads\/2025\/05\/exame-oftalmologico.jpg?fit=1200%2C675&ssl=1&resize=1050%2C600 3x"},"classes":[]}],"jetpack_sharing_enabled":true,"jetpack_shortlink":"https:\/\/wp.me\/peQAOb-2tl","_links":{"self":[{"href":"https:\/\/noticiasribeiraopreto.com.br\/index.php\/wp-json\/wp\/v2\/posts\/9507","targetHints":{"allow":["GET"]}}],"collection":[{"href":"https:\/\/noticiasribeiraopreto.com.br\/index.php\/wp-json\/wp\/v2\/posts"}],"about":[{"href":"https:\/\/noticiasribeiraopreto.com.br\/index.php\/wp-json\/wp\/v2\/types\/post"}],"author":[{"embeddable":true,"href":"https:\/\/noticiasribeiraopreto.com.br\/index.php\/wp-json\/wp\/v2\/users\/1"}],"replies":[{"embeddable":true,"href":"https:\/\/noticiasribeiraopreto.com.br\/index.php\/wp-json\/wp\/v2\/comments?post=9507"}],"version-history":[{"count":0,"href":"https:\/\/noticiasribeiraopreto.com.br\/index.php\/wp-json\/wp\/v2\/posts\/9507\/revisions"}],"wp:featuredmedia":[{"embeddable":true,"href":"https:\/\/noticiasribeiraopreto.com.br\/index.php\/wp-json\/wp\/v2\/media\/9508"}],"wp:attachment":[{"href":"https:\/\/noticiasribeiraopreto.com.br\/index.php\/wp-json\/wp\/v2\/media?parent=9507"}],"wp:term":[{"taxonomy":"category","embeddable":true,"href":"https:\/\/noticiasribeiraopreto.com.br\/index.php\/wp-json\/wp\/v2\/categories?post=9507"},{"taxonomy":"post_tag","embeddable":true,"href":"https:\/\/noticiasribeiraopreto.com.br\/index.php\/wp-json\/wp\/v2\/tags?post=9507"}],"curies":[{"name":"wp","href":"https:\/\/api.w.org\/{rel}","templated":true}]}}