{"id":9515,"date":"2023-12-02T08:55:49","date_gmt":"2023-12-02T11:55:49","guid":{"rendered":"https:\/\/noticiasribeiraopreto.com.br\/index.php\/2023\/12\/02\/falta-de-ferro-no-sangue-afeta-a-saude-da-mulher-veja-como\/"},"modified":"2023-12-02T08:55:49","modified_gmt":"2023-12-02T11:55:49","slug":"falta-de-ferro-no-sangue-afeta-a-saude-da-mulher-veja-como","status":"publish","type":"post","link":"https:\/\/noticiasribeiraopreto.com.br\/index.php\/2023\/12\/02\/falta-de-ferro-no-sangue-afeta-a-saude-da-mulher-veja-como\/","title":{"rendered":"Falta de ferro no sangue afeta a sa\u00fade da mulher; veja como"},"content":{"rendered":"<div class='code-block code-block-1' style='margin: 8px 0 8px auto; text-align: right; display: block; clear: both;'>\n<p><a href=\"https:\/\/wa.link\/vpicfd\"><img data-recalc-dims=\"1\" class=\"wp-image-4922\" style=\"aspect-ratio: 2.0253164556962027; width: 561px; height: auto;\" src=\"https:\/\/i0.wp.com\/ismaelcolosi.com.br\/wp-content\/uploads\/2023\/11\/grupo-de-empregos-whatsapp-e-facebook-ismael-colosi-vagas.jpg?ssl=1\" alt=\"\" \/><\/a><\/p>\n<!-- \/wp:image -->\n<\/div>\n<p> <br \/>\n<\/p>\n<div>\n<div id=\"attachment_2314452\" class=\"wp-caption alignnone\">\n<div class=\"d-flex justify-content-center\" data-attachment-id=\"2314452\">\n<div class=\"position-relative d-inline-block\"><img data-recalc-dims=\"1\" data-portal-copyright=\"Getty Images\/iStockphoto\" fetchpriority=\"high\" decoding=\"async\" class=\"wp-image-2314452 size-full\" src=\"https:\/\/i0.wp.com\/catracalivre.com.br\/wp-content\/uploads\/2023\/11\/istock-1310712010.jpg?resize=1254%2C836&#038;ssl=1\" alt=\"Em 2020, segundo a Organiza\u00e7\u00e3o Mundial da, havia 614 milh\u00f5es de mulheres e 280 milh\u00f5es de crian\u00e7as em todo o mundo que sofrem com anemia, motivada pela falta de ferro \u2013 iStock\/Getty Images\" width=\"1254\" height=\"836\" srcset=\"https:\/\/catracalivre.com.br\/wp-content\/uploads\/2023\/11\/istock-1310712010.jpg 1254w, https:\/\/catracalivre.com.br\/wp-content\/uploads\/2023\/11\/istock-1310712010-450x300.jpg 450w, https:\/\/catracalivre.com.br\/wp-content\/uploads\/2023\/11\/istock-1310712010-768x512.jpg 768w\" sizes=\"(max-width: 1254px) 100vw, 1254px\"\/><\/p>\n<p>Cr\u00e9ditos: Getty Images\/iStockphoto<\/p>\n<\/div>\n<\/div>\n<p><span class=\"post-imagem__legenda\">Em 2020, segundo a Organiza\u00e7\u00e3o Mundial da, havia 614 milh\u00f5es de mulheres e 280 milh\u00f5es de crian\u00e7as em todo o mundo que sofrem com anemia, motivada pela falta de ferro \u2013 iStock\/Getty Images<\/span><\/p>\n<\/div>\n<p>O d\u00e9ficit de ferro no organismo atinge entre 40% e 50% das mulheres em idade reprodutiva no Brasil, segundo dados recentes sobre o tema. A condi\u00e7\u00e3o, no entanto, passa despercebida j\u00e1 que a dosagem desse nutriente n\u00e3o costuma faze parte dos <strong><a href=\"https:\/\/catracalivre.com.br\/saude-bem-estar\/6-exames-de-rotina-que-toda-mulher-de-20-anos-precisa-fazer\/\" target=\"_blank\" rel=\"noopener\">exames de rotina.\u00a0\u00a0<\/a><\/strong><\/p>\n<p>N\u00fameros divulgados pela <strong><a href=\"https:\/\/www.who.int\/pt\/about\" target=\"_blank\" rel=\"noopener\">Organiza\u00e7\u00e3o Mundial da Sa\u00fade (OMS)<\/a><\/strong> mostram que a falta de ferro \u00e9 a defici\u00eancia mais prevalente no mundo e atinge 33% das mulheres n\u00e3o gr\u00e1vidas, 40% das mulheres gr\u00e1vidas e 42% das crian\u00e7as em todo o mundo. O d\u00e9ficit desse nutriente est\u00e1 diretamente associado ao desenvolvimento de anemia.<\/p>\n<h2>Ciclo menstrual x Falta de ferro<\/h2>\n<p>De acordo com especialistas, o principal fator que leva \u00e0 defici\u00eancia de ferro na mulher \u00e9 o ciclo menstrual intenso, com muita perda de sangue \u2013 a elimina\u00e7\u00e3o de co\u00e1gulos pode ser uma maneira de identificar a quantidade do fluxo.<\/p>\n<p>A ginecologista e obstetra do Departamento Materno Infantil do Hospital Israelita Albert Einstein explica a rela\u00e7\u00e3o entre os dois fatores.\u00a0\u201cMuitas vezes a mulher n\u00e3o consegue recuperar esse ferro perdido no intervalo de uma menstrua\u00e7\u00e3o para outra. Al\u00e9m disso, h\u00e1 casos de defici\u00eancia de ferro causada por alimenta\u00e7\u00e3o inadequada com dietas muito restritivas [pouca carne e pouco alimento rico em ferro], tanto por imposi\u00e7\u00e3o da beleza quanto por situa\u00e7\u00f5es em que as pessoas n\u00e3o t\u00eam acesso \u00e0 comida mesmo\u201d.<\/p>\n<p>Outras situa\u00e7\u00f5es tamb\u00e9m levam ao problema, como\u00a0cirurgia bari\u00e1trica desabsortiva\u00a0(que altera o tr\u00e2nsito intestinal e, consequentemente, reduz a absor\u00e7\u00e3o de vitaminas e nutrientes),\u00a0alimenta\u00e7\u00e3o inadequada e dietas restritivas.<\/p>\n<h2>Para que serve o ferro?<\/h2>\n<p>O ferro \u00e9 usado para fabricar hemoglobina, que \u00e9 uma prote\u00edna dos gl\u00f3bulos vermelhos que transporta oxig\u00eanio dos pulm\u00f5es para o resto do corpo. Ele tamb\u00e9m \u00e9 fundamental para outras fun\u00e7\u00f5es, como a s\u00edntese de DNA e o metabolismo energ\u00e9tico.<\/p>\n<p>\u201cO ferro ainda ajuda na cadeia respirat\u00f3ria das c\u00e9lulas junto \u00e0s chamadas mitoc\u00f4ndrias e na fixa\u00e7\u00e3o do nitrog\u00eanio. Ele contribui diretamente na fabrica\u00e7\u00e3o dos gl\u00f3bulos vermelhos, da mioglobina dos m\u00fasculos e de elementos do f\u00edgado\u201d, explicou Hamerschlak.<\/p>\n<p>Quando n\u00e3o usado para a produ\u00e7\u00e3o de hemoglobina, o ferro \u00e9 armazenado nos tecidos de forma geral, principalmente na medula \u00f3ssea e no f\u00edgado, onde \u00e9 ligado a uma prote\u00edna chamada ferritina (um indicador das reservas de ferro). Quando as reservas de ferro diminuem, o que est\u00e1 dispon\u00edvel \u00e9 redirecionado para a manuten\u00e7\u00e3o dos gl\u00f3bulos vermelhos, em detrimento de suas outras fun\u00e7\u00f5es. Se o corpo esgota suas reservas, a defici\u00eancia de ferro leva a uma redu\u00e7\u00e3o da hemoglobina e do n\u00famero de gl\u00f3bulos vermelhos saud\u00e1veis \u2013 e \u00e9 a\u00ed que surge a anemia ferropriva, a principal causa de anemia no Brasil e no mundo.<\/p>\n<p>\u201cExistem outros tipos de anemia, entre elas a doen\u00e7a falciforme, a talassemia, defici\u00eancia de B12, \u00e1cido f\u00f3lico, autoimune etc\u2026 mas a anemia por defici\u00eancia de ferro \u00e9 de longe a mais comum\u201d, ressaltou Hamerschlak.<\/p>\n<h2>Sintomas e tratamento da defici\u00eancia de ferro<\/h2>\n<p>Falta de ar, cansa\u00e7o, confus\u00e3o mental, queda de cabelo, enfraquecimento das unhas, tontura, aumento da sensibilidade ao frio at\u00e9 palpita\u00e7\u00f5es card\u00edacas s\u00e3o alguns dos sintomas mais comuns vinculados \u00e0 doen\u00e7a.<\/p>\n<p>O principal problema, no entanto, \u00e9 a anemia, que quando n\u00e3o identificada e tratada, pode progredir para um quadro grave, levando \u00e0 insufici\u00eancia card\u00edaca e altera\u00e7\u00f5es no metabolismo celular e na produ\u00e7\u00e3o de energia.<\/p>\n<p>A preocupa\u00e7\u00e3o \u00e9 ainda maior no caso de mulheres gr\u00e1vidas devido ao aumento da necessidade de sangue circulando para o feto e a placenta. Uma defici\u00eancia de ferro na gesta\u00e7\u00e3o pode causar anemia, baixo peso do beb\u00ea ao nascer e parto prematuro.<\/p>\n<p>Al\u00e9m disso, a falta de ferro tem sido associada a problemas de desenvolvimento neurol\u00f3gico, com efeitos significativos no desenvolvimento cerebral, levando a atrasos no desenvolvimento neuropsicomotor e consequ\u00eancias negativas na aprendizagem e no desempenho escolar posteriormente na vida.<\/p>\n<p>A Federa\u00e7\u00e3o Internacional de Ginecologia e Obstetr\u00edcia (FIGO) emitiu recentemente uma\u00a0recomenda\u00e7\u00e3o\u00a0para que todas as pacientes tenham os n\u00edveis de ferro medidos regularmente, independente se est\u00e3o ou n\u00e3o gr\u00e1vidas. Aqui no Brasil, a Federa\u00e7\u00e3o Brasileira das Associa\u00e7\u00f5es de Ginecologia e Obstetr\u00edcia (Febrasgo) publicou uma recomenda\u00e7\u00e3o parecida no ano passado, em que orienta investigar e tratar com reposi\u00e7\u00e3o de ferro todas as mulheres com sangramento uterino anormal.<\/p>\n<\/div>\n<p><script>\n\t\t! function(f, b, e, v, n, t, s) {\n\t\t\tif (f.fbq) return;\n\t\t\tn = f.fbq = function() {\n\t\t\t\tn.callMethod ?\n\t\t\t\t\tn.callMethod.apply(n, arguments) : n.queue.push(arguments)\n\t\t\t};\n\t\t\tif (!f._fbq) f._fbq = n;\n\t\t\tn.push = n;\n\t\t\tn.loaded = !0;\n\t\t\tn.version = '2.0';\n\t\t\tn.queue = [];\n\t\t\tt = b.createElement(e);\n\t\t\tt.async = !0;\n\t\t\tt.src = v;\n\t\t\ts = b.getElementsByTagName(e)[0];\n\t\t\ts.parentNode.insertBefore(t, s)\n\t\t}(window, document, 'script',\n\t\t\t'https:\/\/connect.facebook.net\/en_US\/fbevents.js');\n\t\tfbq('init', '338315473262380');\n\t\tfbq('track', 'PageView');\n\t<\/script><br \/>\n<br \/><br \/>\n<br \/><a href=\"https:\/\/catracalivre.com.br\/saude-bem-estar\/falta-de-ferro-no-sangue-afeta-a-saude-veja-como\/\">Source link <\/a><\/p>\n<!-- CONTENT END 1 -->\n","protected":false},"excerpt":{"rendered":"<p>Cr\u00e9ditos: Getty Images\/iStockphoto Em 2020, segundo a Organiza\u00e7\u00e3o Mundial da, havia 614 milh\u00f5es de mulheres e 280 milh\u00f5es de crian\u00e7as em todo o mundo que&#8230;<\/p>\n","protected":false},"author":1,"featured_media":9516,"comment_status":"open","ping_status":"open","sticky":false,"template":"","format":"standard","meta":{"advanced_seo_description":"","jetpack_seo_html_title":"","jetpack_seo_noindex":false,"jetpack_post_was_ever_published":false,"_jetpack_newsletter_access":"","_jetpack_dont_email_post_to_subs":false,"_jetpack_newsletter_tier_id":0,"_jetpack_memberships_contains_paywalled_content":false,"_jetpack_memberships_contains_paid_content":false,"footnotes":"","jetpack_publicize_message":"","jetpack_publicize_feature_enabled":true,"jetpack_social_post_already_shared":true,"jetpack_social_options":{"image_generator_settings":{"template":"highway","default_image_id":0,"font":"","enabled":false},"version":2}},"categories":[19],"tags":[],"class_list":["post-9515","post","type-post","status-publish","format-standard","has-post-thumbnail","hentry","category-variedades"],"jetpack_publicize_connections":[],"jetpack_featured_media_url":"https:\/\/i0.wp.com\/noticiasribeiraopreto.com.br\/wp-content\/uploads\/2023\/12\/istock-1310712010.jpg?fit=1200%2C638&ssl=1","jetpack-related-posts":[{"id":23717,"url":"https:\/\/noticiasribeiraopreto.com.br\/index.php\/2024\/01\/02\/renascer-veja-o-elenco-da-nova-versao-da-novela-da-globo-meu-valor-digital\/","url_meta":{"origin":9515,"position":0},"title":"&#8216;Renascer&#8217;: veja o elenco da nova vers\u00e3o da novela da Globo &#8211; Meu Valor Digital","author":"noticiasribeiraopreto.com.br","date":"2 de January de 2024","format":false,"excerpt":"'Renascer': veja o elenco da nova vers\u00e3o da novela da Globo - Meu Valor Digital - Not\u00edcias atualizadas In\u00edcioChamadas\u2018Renascer\u2019: veja o elenco da nova vers\u00e3o da novela da Globo Source link","rel":"","context":"In &quot;Vagas de Emprego em Ribeir\u00e3o Preto-SP&quot;","block_context":{"text":"Vagas de Emprego em Ribeir\u00e3o Preto-SP","link":"https:\/\/noticiasribeiraopreto.com.br\/index.php\/category\/empregos-classificados-vagas-trabalho\/vagas-de-empregos-em-ribeirao-preto-regiao-brasil\/"},"img":{"alt_text":"","src":"https:\/\/i0.wp.com\/noticiasribeiraopreto.com.br\/wp-content\/uploads\/2024\/01\/Marcos-Palmeira-Renascer.jpg?fit=1200%2C800&ssl=1&resize=350%2C200","width":350,"height":200,"srcset":"https:\/\/i0.wp.com\/noticiasribeiraopreto.com.br\/wp-content\/uploads\/2024\/01\/Marcos-Palmeira-Renascer.jpg?fit=1200%2C800&ssl=1&resize=350%2C200 1x, https:\/\/i0.wp.com\/noticiasribeiraopreto.com.br\/wp-content\/uploads\/2024\/01\/Marcos-Palmeira-Renascer.jpg?fit=1200%2C800&ssl=1&resize=525%2C300 1.5x, https:\/\/i0.wp.com\/noticiasribeiraopreto.com.br\/wp-content\/uploads\/2024\/01\/Marcos-Palmeira-Renascer.jpg?fit=1200%2C800&ssl=1&resize=700%2C400 2x, https:\/\/i0.wp.com\/noticiasribeiraopreto.com.br\/wp-content\/uploads\/2024\/01\/Marcos-Palmeira-Renascer.jpg?fit=1200%2C800&ssl=1&resize=1050%2C600 3x"},"classes":[]},{"id":60952,"url":"https:\/\/noticiasribeiraopreto.com.br\/index.php\/2024\/11\/29\/caravana-de-natal-da-coca-cola-passa-por-cidades-da-regiao-de-ribeirao-veja-quais\/","url_meta":{"origin":9515,"position":1},"title":"Caravana de Natal da Coca-Cola passa por cidades da regi\u00e3o de Ribeir\u00e3o; Veja quais","author":"noticiasribeiraopreto.com.br","date":"29 de November de 2024","format":false,"excerpt":"A Caravana de Natal da Coca-Cola \u00e9 uma tradi\u00e7\u00e3o em diversas cidades da regi\u00e3o de Ribeir\u00e3o Preto. Nesta sexta-feira (29), o munic\u00edpio de Jaboticabal \u00e9 quem recebe o comboio iluminado \u2013 veja o trajeto abaixo. Com o tema \u201cDesperte o Papai Noel que h\u00e1 em Voc\u00ea\u201d, o desfile acontece sempre\u2026","rel":"","context":"In &quot;Not\u00edcias de Ribeir\u00e3o Preto-SP e Regi\u00e3o&quot;","block_context":{"text":"Not\u00edcias de Ribeir\u00e3o Preto-SP e Regi\u00e3o","link":"https:\/\/noticiasribeiraopreto.com.br\/index.php\/category\/noticias-de-ribeirao-preto-sp-e-regiao-ismael-colosi\/"},"img":{"alt_text":"","src":"https:\/\/i0.wp.com\/noticiasribeiraopreto.com.br\/wp-content\/uploads\/2024\/11\/Copia-de-Copia-de-Copia-de-TAMANHO-EXATO-PARA-FOTOS-NO-SISTEMA-NOVO-2024-11-29T164936.356_2024-11-29_19-49-42_png_2024-11-29_19-49-42.webp.webp?fit=1200%2C675&ssl=1&resize=350%2C200","width":350,"height":200,"srcset":"https:\/\/i0.wp.com\/noticiasribeiraopreto.com.br\/wp-content\/uploads\/2024\/11\/Copia-de-Copia-de-Copia-de-TAMANHO-EXATO-PARA-FOTOS-NO-SISTEMA-NOVO-2024-11-29T164936.356_2024-11-29_19-49-42_png_2024-11-29_19-49-42.webp.webp?fit=1200%2C675&ssl=1&resize=350%2C200 1x, https:\/\/i0.wp.com\/noticiasribeiraopreto.com.br\/wp-content\/uploads\/2024\/11\/Copia-de-Copia-de-Copia-de-TAMANHO-EXATO-PARA-FOTOS-NO-SISTEMA-NOVO-2024-11-29T164936.356_2024-11-29_19-49-42_png_2024-11-29_19-49-42.webp.webp?fit=1200%2C675&ssl=1&resize=525%2C300 1.5x, https:\/\/i0.wp.com\/noticiasribeiraopreto.com.br\/wp-content\/uploads\/2024\/11\/Copia-de-Copia-de-Copia-de-TAMANHO-EXATO-PARA-FOTOS-NO-SISTEMA-NOVO-2024-11-29T164936.356_2024-11-29_19-49-42_png_2024-11-29_19-49-42.webp.webp?fit=1200%2C675&ssl=1&resize=700%2C400 2x, https:\/\/i0.wp.com\/noticiasribeiraopreto.com.br\/wp-content\/uploads\/2024\/11\/Copia-de-Copia-de-Copia-de-TAMANHO-EXATO-PARA-FOTOS-NO-SISTEMA-NOVO-2024-11-29T164936.356_2024-11-29_19-49-42_png_2024-11-29_19-49-42.webp.webp?fit=1200%2C675&ssl=1&resize=1050%2C600 3x"},"classes":[]},{"id":66521,"url":"https:\/\/noticiasribeiraopreto.com.br\/index.php\/2025\/04\/02\/jornal-da-franca-primeira-mulher-assume-a-presidencia-da-oab-franca-oficialmente-nesta-sexta-4\/","url_meta":{"origin":9515,"position":2},"title":"Jornal da Franca &#8211; Primeira mulher assume a presid\u00eancia da OAB Franca oficialmente nesta sexta, 4","author":"noticiasribeiraopreto.com.br","date":"2 de April de 2025","format":false,"excerpt":"compartilhar no whatsapp compartilhar no telegram compartilhar no facebook compartilhar no linkedin Cerim\u00f4nia acontecer\u00e1 na sede e marcar\u00e1 a posse da nova diretoria da subse\u00e7\u00e3o, um marco hist\u00f3rico para a advocacia francana Na imagem, parte da nova diretoria que toma posse em solenidade nesta sexta-feira, 4, na OAB \u2013 foto\u2026","rel":"","context":"In &quot;Not\u00edcias de Franca-SP&quot;","block_context":{"text":"Not\u00edcias de Franca-SP","link":"https:\/\/noticiasribeiraopreto.com.br\/index.php\/category\/noticias-de-ribeirao-preto-sp-e-regiao-ismael-colosi\/noticias-franca-sp\/"},"img":{"alt_text":"","src":"https:\/\/i0.wp.com\/noticiasribeiraopreto.com.br\/wp-content\/uploads\/2025\/04\/Na-imagem-parte-da-nova-diretoria-que-toma-posse-em-solenidade-nesta-sexta-feira-4-na-OAB.jpg?fit=1200%2C675&ssl=1&resize=350%2C200","width":350,"height":200,"srcset":"https:\/\/i0.wp.com\/noticiasribeiraopreto.com.br\/wp-content\/uploads\/2025\/04\/Na-imagem-parte-da-nova-diretoria-que-toma-posse-em-solenidade-nesta-sexta-feira-4-na-OAB.jpg?fit=1200%2C675&ssl=1&resize=350%2C200 1x, https:\/\/i0.wp.com\/noticiasribeiraopreto.com.br\/wp-content\/uploads\/2025\/04\/Na-imagem-parte-da-nova-diretoria-que-toma-posse-em-solenidade-nesta-sexta-feira-4-na-OAB.jpg?fit=1200%2C675&ssl=1&resize=525%2C300 1.5x, https:\/\/i0.wp.com\/noticiasribeiraopreto.com.br\/wp-content\/uploads\/2025\/04\/Na-imagem-parte-da-nova-diretoria-que-toma-posse-em-solenidade-nesta-sexta-feira-4-na-OAB.jpg?fit=1200%2C675&ssl=1&resize=700%2C400 2x, https:\/\/i0.wp.com\/noticiasribeiraopreto.com.br\/wp-content\/uploads\/2025\/04\/Na-imagem-parte-da-nova-diretoria-que-toma-posse-em-solenidade-nesta-sexta-feira-4-na-OAB.jpg?fit=1200%2C675&ssl=1&resize=1050%2C600 3x"},"classes":[]},{"id":16671,"url":"https:\/\/noticiasribeiraopreto.com.br\/index.php\/2023\/12\/16\/asas-da-ambicao-2a-temporada-da-serie-ja-esta-disponivel-na-netflix-meu-valor-digital\/","url_meta":{"origin":9515,"position":3},"title":"&#8216;Asas da Ambi\u00e7\u00e3o&#8217;: 2\u00aa temporada da s\u00e9rie j\u00e1 est\u00e1 dispon\u00edvel na Netflix &#8211; Meu Valor Digital","author":"noticiasribeiraopreto.com.br","date":"16 de December de 2023","format":false,"excerpt":"'Asas da Ambi\u00e7\u00e3o': 2\u00aa temporada da s\u00e9rie j\u00e1 est\u00e1 dispon\u00edvel na Netflix - Meu Valor Digital - Not\u00edcias atualizadas In\u00edcioChamadas\u2018Asas da Ambi\u00e7\u00e3o\u2019: 2\u00aa temporada da s\u00e9rie j\u00e1 est\u00e1 dispon\u00edvel na Netflix Source link","rel":"","context":"In &quot;Vagas de Emprego em Ribeir\u00e3o Preto-SP&quot;","block_context":{"text":"Vagas de Emprego em Ribeir\u00e3o Preto-SP","link":"https:\/\/noticiasribeiraopreto.com.br\/index.php\/category\/empregos-classificados-vagas-trabalho\/vagas-de-empregos-em-ribeirao-preto-regiao-brasil\/"},"img":{"alt_text":"","src":"https:\/\/i0.wp.com\/noticiasribeiraopreto.com.br\/wp-content\/uploads\/2023\/12\/Asas-da-Ambicao-1.jpg?fit=1200%2C774&ssl=1&resize=350%2C200","width":350,"height":200,"srcset":"https:\/\/i0.wp.com\/noticiasribeiraopreto.com.br\/wp-content\/uploads\/2023\/12\/Asas-da-Ambicao-1.jpg?fit=1200%2C774&ssl=1&resize=350%2C200 1x, https:\/\/i0.wp.com\/noticiasribeiraopreto.com.br\/wp-content\/uploads\/2023\/12\/Asas-da-Ambicao-1.jpg?fit=1200%2C774&ssl=1&resize=525%2C300 1.5x, https:\/\/i0.wp.com\/noticiasribeiraopreto.com.br\/wp-content\/uploads\/2023\/12\/Asas-da-Ambicao-1.jpg?fit=1200%2C774&ssl=1&resize=700%2C400 2x, https:\/\/i0.wp.com\/noticiasribeiraopreto.com.br\/wp-content\/uploads\/2023\/12\/Asas-da-Ambicao-1.jpg?fit=1200%2C774&ssl=1&resize=1050%2C600 3x"},"classes":[]},{"id":23376,"url":"https:\/\/noticiasribeiraopreto.com.br\/index.php\/2024\/01\/02\/concurso-ministerio-da-pesca-e-aquicultura-e-autorizado-para-264-vagas-2\/","url_meta":{"origin":9515,"position":4},"title":"Concurso Minist\u00e9rio da Pesca e Aquicultura \u00e9 autorizado para 264 vagas","author":"noticiasribeiraopreto.com.br","date":"2 de January de 2024","format":false,"excerpt":"Um novo concurso Minist\u00e9rio da Pesca e Aquicultura (MPA) acaba de ser autorizado, nesta ter\u00e7a-feira, 2 de janeiro, por meio de portaria conjunta, publicada no di\u00e1rio oficial da Uni\u00e3o, pela ministra interina da Gest\u00e3o e da Inova\u00e7\u00e3o dos Servi\u00e7os P\u00fablicos, Cristima Kiomi Mori, e pelo ministro da Pesca, Carlos Cesar\u2026","rel":"","context":"In &quot;Vagas de Emprego em Ribeir\u00e3o Preto-SP&quot;","block_context":{"text":"Vagas de Emprego em Ribeir\u00e3o Preto-SP","link":"https:\/\/noticiasribeiraopreto.com.br\/index.php\/category\/empregos-classificados-vagas-trabalho\/vagas-de-empregos-em-ribeirao-preto-regiao-brasil\/"},"img":{"alt_text":"","src":"https:\/\/i0.wp.com\/noticiasribeiraopreto.com.br\/wp-content\/uploads\/2024\/01\/ministerio_da_pesca_e_aquicultura.jpg?fit=1200%2C675&ssl=1&resize=350%2C200","width":350,"height":200,"srcset":"https:\/\/i0.wp.com\/noticiasribeiraopreto.com.br\/wp-content\/uploads\/2024\/01\/ministerio_da_pesca_e_aquicultura.jpg?fit=1200%2C675&ssl=1&resize=350%2C200 1x, https:\/\/i0.wp.com\/noticiasribeiraopreto.com.br\/wp-content\/uploads\/2024\/01\/ministerio_da_pesca_e_aquicultura.jpg?fit=1200%2C675&ssl=1&resize=525%2C300 1.5x, https:\/\/i0.wp.com\/noticiasribeiraopreto.com.br\/wp-content\/uploads\/2024\/01\/ministerio_da_pesca_e_aquicultura.jpg?fit=1200%2C675&ssl=1&resize=700%2C400 2x, https:\/\/i0.wp.com\/noticiasribeiraopreto.com.br\/wp-content\/uploads\/2024\/01\/ministerio_da_pesca_e_aquicultura.jpg?fit=1200%2C675&ssl=1&resize=1050%2C600 3x"},"classes":[]},{"id":66100,"url":"https:\/\/noticiasribeiraopreto.com.br\/index.php\/2025\/03\/27\/jornal-da-franca-oab-franca-promove-evento-na-estacao-em-celebracao-ao-mes-da-mulher-neste-sabado-29\/","url_meta":{"origin":9515,"position":5},"title":"Jornal da Franca &#8211; OAB Franca promove evento na Esta\u00e7\u00e3o em celebra\u00e7\u00e3o ao M\u00eas da Mulher neste s\u00e1bado, 29","author":"noticiasribeiraopreto.com.br","date":"27 de March de 2025","format":false,"excerpt":"compartilhar no whatsapp compartilhar no telegram compartilhar no facebook compartilhar no linkedin Evento \u201cMar\u00e7o das Mulheres: OAB vai \u00e0 Pra\u00e7a \u2013 Mulher, Cultura e Direitos\u201d oferecer\u00e1 atividades culturais e orienta\u00e7\u00f5es jur\u00eddicas gratuitas Membros das comiss\u00f5es realizadoras do evento com a presidente da OAB, Luiza Gouv\u00eaa e o vice-presidente, Denilson Carvalho\u2026","rel":"","context":"In &quot;Not\u00edcias de Franca-SP&quot;","block_context":{"text":"Not\u00edcias de Franca-SP","link":"https:\/\/noticiasribeiraopreto.com.br\/index.php\/category\/noticias-de-ribeirao-preto-sp-e-regiao-ismael-colosi\/noticias-franca-sp\/"},"img":{"alt_text":"","src":"https:\/\/i0.wp.com\/noticiasribeiraopreto.com.br\/wp-content\/uploads\/2025\/03\/membros-oab-comissoes-mulheres.jpg?fit=1200%2C900&ssl=1&resize=350%2C200","width":350,"height":200,"srcset":"https:\/\/i0.wp.com\/noticiasribeiraopreto.com.br\/wp-content\/uploads\/2025\/03\/membros-oab-comissoes-mulheres.jpg?fit=1200%2C900&ssl=1&resize=350%2C200 1x, https:\/\/i0.wp.com\/noticiasribeiraopreto.com.br\/wp-content\/uploads\/2025\/03\/membros-oab-comissoes-mulheres.jpg?fit=1200%2C900&ssl=1&resize=525%2C300 1.5x, https:\/\/i0.wp.com\/noticiasribeiraopreto.com.br\/wp-content\/uploads\/2025\/03\/membros-oab-comissoes-mulheres.jpg?fit=1200%2C900&ssl=1&resize=700%2C400 2x, https:\/\/i0.wp.com\/noticiasribeiraopreto.com.br\/wp-content\/uploads\/2025\/03\/membros-oab-comissoes-mulheres.jpg?fit=1200%2C900&ssl=1&resize=1050%2C600 3x"},"classes":[]}],"jetpack_sharing_enabled":true,"jetpack_shortlink":"https:\/\/wp.me\/peQAOb-2tt","_links":{"self":[{"href":"https:\/\/noticiasribeiraopreto.com.br\/index.php\/wp-json\/wp\/v2\/posts\/9515","targetHints":{"allow":["GET"]}}],"collection":[{"href":"https:\/\/noticiasribeiraopreto.com.br\/index.php\/wp-json\/wp\/v2\/posts"}],"about":[{"href":"https:\/\/noticiasribeiraopreto.com.br\/index.php\/wp-json\/wp\/v2\/types\/post"}],"author":[{"embeddable":true,"href":"https:\/\/noticiasribeiraopreto.com.br\/index.php\/wp-json\/wp\/v2\/users\/1"}],"replies":[{"embeddable":true,"href":"https:\/\/noticiasribeiraopreto.com.br\/index.php\/wp-json\/wp\/v2\/comments?post=9515"}],"version-history":[{"count":0,"href":"https:\/\/noticiasribeiraopreto.com.br\/index.php\/wp-json\/wp\/v2\/posts\/9515\/revisions"}],"wp:featuredmedia":[{"embeddable":true,"href":"https:\/\/noticiasribeiraopreto.com.br\/index.php\/wp-json\/wp\/v2\/media\/9516"}],"wp:attachment":[{"href":"https:\/\/noticiasribeiraopreto.com.br\/index.php\/wp-json\/wp\/v2\/media?parent=9515"}],"wp:term":[{"taxonomy":"category","embeddable":true,"href":"https:\/\/noticiasribeiraopreto.com.br\/index.php\/wp-json\/wp\/v2\/categories?post=9515"},{"taxonomy":"post_tag","embeddable":true,"href":"https:\/\/noticiasribeiraopreto.com.br\/index.php\/wp-json\/wp\/v2\/tags?post=9515"}],"curies":[{"name":"wp","href":"https:\/\/api.w.org\/{rel}","templated":true}]}}