{"id":9550,"date":"2023-12-02T09:30:14","date_gmt":"2023-12-02T12:30:14","guid":{"rendered":"https:\/\/noticiasribeiraopreto.com.br\/index.php\/2023\/12\/02\/tunel-da-avenida-independencia-sera-interditado-neste-sabado-dia-2\/"},"modified":"2023-12-02T09:30:14","modified_gmt":"2023-12-02T12:30:14","slug":"tunel-da-avenida-independencia-sera-interditado-neste-sabado-dia-2","status":"publish","type":"post","link":"https:\/\/noticiasribeiraopreto.com.br\/index.php\/2023\/12\/02\/tunel-da-avenida-independencia-sera-interditado-neste-sabado-dia-2\/","title":{"rendered":"T\u00fanel da avenida Independ\u00eancia ser\u00e1 interditado neste s\u00e1bado, dia 2"},"content":{"rendered":"<div class='code-block code-block-1' style='margin: 8px 0 8px auto; text-align: right; display: block; clear: both;'>\n<p><a href=\"https:\/\/wa.link\/vpicfd\"><img data-recalc-dims=\"1\" class=\"wp-image-4922\" style=\"aspect-ratio: 2.0253164556962027; width: 561px; height: auto;\" src=\"https:\/\/i0.wp.com\/ismaelcolosi.com.br\/wp-content\/uploads\/2023\/11\/grupo-de-empregos-whatsapp-e-facebook-ismael-colosi-vagas.jpg?ssl=1\" alt=\"\" \/><\/a><\/p>\n<!-- \/wp:image -->\n<\/div>\n<p> <br \/>\n<\/p>\n<div id=\"post-365979\">\n<header class=\"entry-header penci-entry-header penci-title-center\">\n<p> <span class=\"entry-meta-item penci-posted-on\"><i class=\"fa fa-clock-o\"\/><time class=\"entry-date published\" datetime=\"2023-12-02T09:30:14-03:00\">2 de dezembro de 2023 | 9:30<\/time><time class=\"updated\" datetime=\"2023-12-01T22:32:55-03:00\">1 de dezembro de 2023 | 22:32<\/time><\/span><\/p>\n<p> <span class=\"penci-social-buttons penci-social-share-footer\"><a href=\"#\" class=\"penci-post-like penci_post-meta_item  single-like-button penci-social-item like\" data-post_id=\"365979\" title=\"Like\" data-like=\"Like\" data-unlike=\"Unlike\"><i class=\"fa fa-thumbs-o-up\"\/><span class=\"penci-share-number\">0<\/span><\/a><i class=\"fa fa-facebook\"\/><a class=\"penci-social-item twitter\" target=\"_blank\" rel=\"noopener\" title=\"\" href=\"https:\/\/twitter.com\/intent\/tweet?text=T\u00fanel%20da%20avenida%20Independ\u00eancia%20ser\u00e1%20interditado%20neste%20s\u00e1bado,%20dia%202%20-%20https:\/\/www.tribunaribeirao.com.br\/site\/tunel-da-avenida-independencia-sera-interditado-neste-sabado-dia-2\/\"><i class=\"fa fa-twitter\"\/><\/a><i class=\"fa fa-whatsapp\"\/><\/span><\/header>\n<div class=\"penci-entry-content entry-content\">\n<p>O t\u00fanel Jos\u00e9 Bonif\u00e1cio de Andrada come\u00e7a na avenida Independ\u00eancia, na altura da rua Bernardino de Campos, passando por baixo da Nove de Julho, e termina na Avenida Presidente Vargas, entre as ruas Jo\u00e3o Penteado e Eliseu Guilherme.<\/p>\n<p>Com o fechamento do t\u00fanel, os acessos a avenida Presidente Vargas para quem vem da avenida Independ\u00eancia ser\u00e3o realizados somente pelas vias perpendiculares \u00e0 Independ\u00eancia como avenida Nove de Julho (devendo realizar as convers\u00f5es necess\u00e1rias), ou pelas ruas como a Jo\u00e3o Penteado e Altino Arantes (neste caso os condutores devem utilizarem a al\u00e7a de retorno da avenida).<\/p>\n<p>Com essa interven\u00e7\u00e3o vi\u00e1ria, a RP Mobi recomenda aos condutores que trafegam pela avenida Independ\u00eancia a redobrarem a aten\u00e7\u00e3o e diminu\u00edrem a velocidade a fim de evitar acidentes.<\/p>\n<p>Al\u00e9m disso, uma equipe t\u00e9cnica estar\u00e1 em monitoramento o andamento dos servi\u00e7os para garantir a seguran\u00e7a necess\u00e1ria aos condutores e pedestres na regi\u00e3o.<\/p>\n<\/div>\n<footer class=\"penci-entry-footer\"\/><\/div>\n<p><script async src=\"\/\/platform.twitter.com\/widgets.js\" charset=\"utf-8\"><\/script><br \/>\n<br \/><br \/>\n<br \/><a href=\"https:\/\/www.tribunaribeirao.com.br\/site\/tunel-da-avenida-independencia-sera-interditado-neste-sabado-dia-2\/\">Source link <\/a><\/p>\n<!-- CONTENT END 1 -->\n","protected":false},"excerpt":{"rendered":"<p>2 de dezembro de 2023 | 9:301 de dezembro de 2023 | 22:32 0 O t\u00fanel Jos\u00e9 Bonif\u00e1cio de Andrada come\u00e7a na avenida Independ\u00eancia, na&#8230;<\/p>\n","protected":false},"author":1,"featured_media":9551,"comment_status":"open","ping_status":"open","sticky":false,"template":"","format":"standard","meta":{"advanced_seo_description":"","jetpack_seo_html_title":"","jetpack_seo_noindex":false,"jetpack_post_was_ever_published":false,"_jetpack_newsletter_access":"","_jetpack_dont_email_post_to_subs":false,"_jetpack_newsletter_tier_id":0,"_jetpack_memberships_contains_paywalled_content":false,"_jetpack_memberships_contains_paid_content":false,"footnotes":"","jetpack_publicize_message":"","jetpack_publicize_feature_enabled":true,"jetpack_social_post_already_shared":true,"jetpack_social_options":{"image_generator_settings":{"template":"highway","default_image_id":0,"font":"","enabled":false},"version":2}},"categories":[11],"tags":[849,142,850,447,263,264,172,446],"class_list":["post-9550","post","type-post","status-publish","format-standard","has-post-thumbnail","hentry","category-noticias-de-ribeirao-preto-sp-e-regiao-ismael-colosi","tag-avenida","tag-dia","tag-independencia","tag-interditado","tag-neste","tag-sabado","tag-sera","tag-tunel"],"jetpack_publicize_connections":[],"jetpack_featured_media_url":"https:\/\/i0.wp.com\/noticiasribeiraopreto.com.br\/wp-content\/uploads\/2023\/12\/tunel-scaled.jpeg?fit=842%2C645&ssl=1","jetpack-related-posts":[{"id":1200,"url":"https:\/\/noticiasribeiraopreto.com.br\/index.php\/2023\/11\/10\/tunel-independencia-sofrera-interdicoes-programadas-a-partir-deste-sabado\/","url_meta":{"origin":9550,"position":0},"title":"T\u00fanel Independ\u00eancia sofrer\u00e1 interdi\u00e7\u00f5es programadas a partir deste s\u00e1bado","author":"noticiasribeiraopreto.com.br","date":"10 de November de 2023","format":false,"excerpt":"10 de novembro de 2023 | 18:39 0Devido aos servi\u00e7os necess\u00e1rios de manuten\u00e7\u00e3o estrutural, o t\u00fanel Jos\u00e9 Bonif\u00e1cio de Andrada ser\u00e1 interditado para o tr\u00e1fego de ve\u00edculos em hor\u00e1rios programados no s\u00e1bado, dia 11 de novembro, no domingo, dia 12, e na segunda-feira, dia 13.A primeira etapa do bloqueio est\u00e1\u2026","rel":"","context":"In &quot;Not\u00edcias de Ribeir\u00e3o Preto-SP e Regi\u00e3o&quot;","block_context":{"text":"Not\u00edcias de Ribeir\u00e3o Preto-SP e Regi\u00e3o","link":"https:\/\/noticiasribeiraopreto.com.br\/index.php\/category\/noticias-de-ribeirao-preto-sp-e-regiao-ismael-colosi\/"},"img":{"alt_text":"","src":"https:\/\/i0.wp.com\/noticiasribeiraopreto.com.br\/wp-content\/uploads\/2023\/11\/tunel-scaled.jpg?fit=967%2C645&ssl=1&resize=350%2C200","width":350,"height":200,"srcset":"https:\/\/i0.wp.com\/noticiasribeiraopreto.com.br\/wp-content\/uploads\/2023\/11\/tunel-scaled.jpg?fit=967%2C645&ssl=1&resize=350%2C200 1x, https:\/\/i0.wp.com\/noticiasribeiraopreto.com.br\/wp-content\/uploads\/2023\/11\/tunel-scaled.jpg?fit=967%2C645&ssl=1&resize=525%2C300 1.5x, https:\/\/i0.wp.com\/noticiasribeiraopreto.com.br\/wp-content\/uploads\/2023\/11\/tunel-scaled.jpg?fit=967%2C645&ssl=1&resize=700%2C400 2x"},"classes":[]},{"id":15038,"url":"https:\/\/noticiasribeiraopreto.com.br\/index.php\/2023\/12\/12\/tunel-da-independencia-e-interditado-pela-quinta-vez\/","url_meta":{"origin":9550,"position":1},"title":"T\u00fanel da Independ\u00eancia \u00e9 interditado pela quinta vez","author":"noticiasribeiraopreto.com.br","date":"12 de December de 2023","format":false,"excerpt":"12 de dezembro de 2023 | 16:4312 de dezembro de 2023 | 17:01 0O acesso ao t\u00fanel Jos\u00e9 Bonif\u00e1cio de Andrada foi fechado na tarde desta ter\u00e7a-feira, dia 12 de dezembro, \u00e0s 16 horas para remo\u00e7\u00e3o de picha\u00e7\u00f5es. A previs\u00e3o \u00e9 que o dispositivo vi\u00e1rio seja liberado ao tr\u00e1fego de\u2026","rel":"","context":"In &quot;Not\u00edcias de Ribeir\u00e3o Preto-SP e Regi\u00e3o&quot;","block_context":{"text":"Not\u00edcias de Ribeir\u00e3o Preto-SP e Regi\u00e3o","link":"https:\/\/noticiasribeiraopreto.com.br\/index.php\/category\/noticias-de-ribeirao-preto-sp-e-regiao-ismael-colosi\/"},"img":{"alt_text":"","src":"https:\/\/i0.wp.com\/noticiasribeiraopreto.com.br\/wp-content\/uploads\/2023\/12\/interdicao_tunel_iluminacao-scaled.jpeg?fit=902%2C645&ssl=1&resize=350%2C200","width":350,"height":200,"srcset":"https:\/\/i0.wp.com\/noticiasribeiraopreto.com.br\/wp-content\/uploads\/2023\/12\/interdicao_tunel_iluminacao-scaled.jpeg?fit=902%2C645&ssl=1&resize=350%2C200 1x, https:\/\/i0.wp.com\/noticiasribeiraopreto.com.br\/wp-content\/uploads\/2023\/12\/interdicao_tunel_iluminacao-scaled.jpeg?fit=902%2C645&ssl=1&resize=525%2C300 1.5x, https:\/\/i0.wp.com\/noticiasribeiraopreto.com.br\/wp-content\/uploads\/2023\/12\/interdicao_tunel_iluminacao-scaled.jpeg?fit=902%2C645&ssl=1&resize=700%2C400 2x"},"classes":[]},{"id":9358,"url":"https:\/\/noticiasribeiraopreto.com.br\/index.php\/2023\/12\/01\/tunel-de-ribeirao-preto-sera-interditado-pela-terceira-desde-a-sua-inauguracao-veja-o-motivo\/","url_meta":{"origin":9550,"position":2},"title":"T\u00fanel de Ribeir\u00e3o Preto ser\u00e1 interditado pela terceira desde a sua inaugura\u00e7\u00e3o; Veja o motivo","author":"noticiasribeiraopreto.com.br","date":"1 de December de 2023","format":false,"excerpt":"O t\u00fanel Jos\u00e9 Bonif\u00e1cio de Andrada, entre as avenidas Independ\u00eancia e Presidente Vargas, na zona Sul de Ribeir\u00e3o Preto, ser\u00e1 interditado novamente, neste s\u00e1bado (2). Essa \u00e9 a terceira vez que o local \u00e9 fechado, desde a sua inaugura\u00e7\u00e3o, em setembro deste ano. A interdi\u00e7\u00e3o do dispositivo come\u00e7a \u00e0s 10h\u2026","rel":"","context":"In &quot;Not\u00edcias de Ribeir\u00e3o Preto-SP e Regi\u00e3o&quot;","block_context":{"text":"Not\u00edcias de Ribeir\u00e3o Preto-SP e Regi\u00e3o","link":"https:\/\/noticiasribeiraopreto.com.br\/index.php\/category\/noticias-de-ribeirao-preto-sp-e-regiao-ismael-colosi\/"},"img":{"alt_text":"","src":"https:\/\/i0.wp.com\/noticiasribeiraopreto.com.br\/wp-content\/uploads\/2023\/12\/1tunel.jpeg?fit=1080%2C827&ssl=1&resize=350%2C200","width":350,"height":200,"srcset":"https:\/\/i0.wp.com\/noticiasribeiraopreto.com.br\/wp-content\/uploads\/2023\/12\/1tunel.jpeg?fit=1080%2C827&ssl=1&resize=350%2C200 1x, https:\/\/i0.wp.com\/noticiasribeiraopreto.com.br\/wp-content\/uploads\/2023\/12\/1tunel.jpeg?fit=1080%2C827&ssl=1&resize=525%2C300 1.5x, https:\/\/i0.wp.com\/noticiasribeiraopreto.com.br\/wp-content\/uploads\/2023\/12\/1tunel.jpeg?fit=1080%2C827&ssl=1&resize=700%2C400 2x, https:\/\/i0.wp.com\/noticiasribeiraopreto.com.br\/wp-content\/uploads\/2023\/12\/1tunel.jpeg?fit=1080%2C827&ssl=1&resize=1050%2C600 3x"},"classes":[]},{"id":4372,"url":"https:\/\/noticiasribeiraopreto.com.br\/index.php\/2023\/11\/21\/tunel-sera-interditado-novamente-em-ribeirao-preto-veja-o-motivo\/","url_meta":{"origin":9550,"position":3},"title":"T\u00fanel ser\u00e1 interditado novamente em Ribeir\u00e3o Preto; Veja o motivo","author":"noticiasribeiraopreto.com.br","date":"21 de November de 2023","format":false,"excerpt":"O t\u00fanel Jos\u00e9 Bonif\u00e1cio, entre as avenidas Independ\u00eancia e Presidente Vargas, em Ribeir\u00e3o Preto, ser\u00e1 interditado novamente na tarde desta ter\u00e7a-feira (21). De acordo com a RP Mobi, a interdi\u00e7\u00e3o \u00e9 necess\u00e1ria para pintura do t\u00fanel. A interdi\u00e7\u00e3o do dispositivo come\u00e7a \u00e0s 14h e a previs\u00e3o \u00e9 que a via\u2026","rel":"","context":"In &quot;Not\u00edcias de Ribeir\u00e3o Preto-SP e Regi\u00e3o&quot;","block_context":{"text":"Not\u00edcias de Ribeir\u00e3o Preto-SP e Regi\u00e3o","link":"https:\/\/noticiasribeiraopreto.com.br\/index.php\/category\/noticias-de-ribeirao-preto-sp-e-regiao-ismael-colosi\/"},"img":{"alt_text":"","src":"https:\/\/i0.wp.com\/noticiasribeiraopreto.com.br\/wp-content\/uploads\/2023\/11\/1700578607_tunel-jose-bonifacio.jpg?fit=1200%2C800&ssl=1&resize=350%2C200","width":350,"height":200,"srcset":"https:\/\/i0.wp.com\/noticiasribeiraopreto.com.br\/wp-content\/uploads\/2023\/11\/1700578607_tunel-jose-bonifacio.jpg?fit=1200%2C800&ssl=1&resize=350%2C200 1x, https:\/\/i0.wp.com\/noticiasribeiraopreto.com.br\/wp-content\/uploads\/2023\/11\/1700578607_tunel-jose-bonifacio.jpg?fit=1200%2C800&ssl=1&resize=525%2C300 1.5x, https:\/\/i0.wp.com\/noticiasribeiraopreto.com.br\/wp-content\/uploads\/2023\/11\/1700578607_tunel-jose-bonifacio.jpg?fit=1200%2C800&ssl=1&resize=700%2C400 2x, https:\/\/i0.wp.com\/noticiasribeiraopreto.com.br\/wp-content\/uploads\/2023\/11\/1700578607_tunel-jose-bonifacio.jpg?fit=1200%2C800&ssl=1&resize=1050%2C600 3x"},"classes":[]},{"id":56978,"url":"https:\/\/noticiasribeiraopreto.com.br\/index.php\/2024\/08\/19\/tunel-jose-bonifacio-sera-interditado-em-ribeirao-preto-veja-o-motivo\/","url_meta":{"origin":9550,"position":4},"title":"T\u00fanel Jos\u00e9 Bonif\u00e1cio ser\u00e1 interditado em Ribeir\u00e3o Preto; Veja o motivo","author":"noticiasribeiraopreto.com.br","date":"19 de August de 2024","format":false,"excerpt":"O t\u00fanel Jos\u00e9 Bonif\u00e1cio, localizado entre as avenidas Independ\u00eancia e Presidente Vargas, em Ribeir\u00e3o Preto, ser\u00e1 interditado nesta ter\u00e7a-feira (20), a partir das 9h. De acordo com a RP Mobi, empresa que gerencia o tr\u00e2nsito do munic\u00edpio, o t\u00fanel vai passar por servi\u00e7o de manuten\u00e7\u00e3o das tampas dos po\u00e7os de\u2026","rel":"","context":"In &quot;Not\u00edcias de Ribeir\u00e3o Preto-SP e Regi\u00e3o&quot;","block_context":{"text":"Not\u00edcias de Ribeir\u00e3o Preto-SP e Regi\u00e3o","link":"https:\/\/noticiasribeiraopreto.com.br\/index.php\/category\/noticias-de-ribeirao-preto-sp-e-regiao-ismael-colosi\/"},"img":{"alt_text":"","src":"https:\/\/i0.wp.com\/noticiasribeiraopreto.com.br\/wp-content\/uploads\/2024\/08\/tunel-jose-bonifacio.jpeg?fit=1200%2C675&ssl=1&resize=350%2C200","width":350,"height":200,"srcset":"https:\/\/i0.wp.com\/noticiasribeiraopreto.com.br\/wp-content\/uploads\/2024\/08\/tunel-jose-bonifacio.jpeg?fit=1200%2C675&ssl=1&resize=350%2C200 1x, https:\/\/i0.wp.com\/noticiasribeiraopreto.com.br\/wp-content\/uploads\/2024\/08\/tunel-jose-bonifacio.jpeg?fit=1200%2C675&ssl=1&resize=525%2C300 1.5x, https:\/\/i0.wp.com\/noticiasribeiraopreto.com.br\/wp-content\/uploads\/2024\/08\/tunel-jose-bonifacio.jpeg?fit=1200%2C675&ssl=1&resize=700%2C400 2x, https:\/\/i0.wp.com\/noticiasribeiraopreto.com.br\/wp-content\/uploads\/2024\/08\/tunel-jose-bonifacio.jpeg?fit=1200%2C675&ssl=1&resize=1050%2C600 3x"},"classes":[]},{"id":15070,"url":"https:\/\/noticiasribeiraopreto.com.br\/index.php\/2023\/12\/13\/tunel-sera-interditado-na-tarde-desta-terca-em-ribeirao-preto-veja-o-motivo\/","url_meta":{"origin":9550,"position":5},"title":"T\u00fanel ser\u00e1 interditado na tarde desta ter\u00e7a em Ribeir\u00e3o Preto; Veja o motivo","author":"noticiasribeiraopreto.com.br","date":"13 de December de 2023","format":false,"excerpt":"O acesso ao t\u00fanel Jos\u00e9 Bonif\u00e1cio de Andrada, em Ribeir\u00e3o Preto, ser\u00e1 interditado na tarde desta ter\u00e7a-feira (12), a partir das 16h para pintura. A previs\u00e3o \u00e9 que o dispositivo vi\u00e1rio seja liberado ao tr\u00e1fego de ve\u00edculos por volta das 17h. De acordo com a Secretaria Municipal de Infraestrutura, o\u2026","rel":"","context":"In &quot;Not\u00edcias de Ribeir\u00e3o Preto-SP e Regi\u00e3o&quot;","block_context":{"text":"Not\u00edcias de Ribeir\u00e3o Preto-SP e Regi\u00e3o","link":"https:\/\/noticiasribeiraopreto.com.br\/index.php\/category\/noticias-de-ribeirao-preto-sp-e-regiao-ismael-colosi\/"},"img":{"alt_text":"","src":"https:\/\/i0.wp.com\/noticiasribeiraopreto.com.br\/wp-content\/uploads\/2023\/12\/TUNEL.jpg?fit=1200%2C853&ssl=1&resize=350%2C200","width":350,"height":200,"srcset":"https:\/\/i0.wp.com\/noticiasribeiraopreto.com.br\/wp-content\/uploads\/2023\/12\/TUNEL.jpg?fit=1200%2C853&ssl=1&resize=350%2C200 1x, https:\/\/i0.wp.com\/noticiasribeiraopreto.com.br\/wp-content\/uploads\/2023\/12\/TUNEL.jpg?fit=1200%2C853&ssl=1&resize=525%2C300 1.5x, https:\/\/i0.wp.com\/noticiasribeiraopreto.com.br\/wp-content\/uploads\/2023\/12\/TUNEL.jpg?fit=1200%2C853&ssl=1&resize=700%2C400 2x, https:\/\/i0.wp.com\/noticiasribeiraopreto.com.br\/wp-content\/uploads\/2023\/12\/TUNEL.jpg?fit=1200%2C853&ssl=1&resize=1050%2C600 3x"},"classes":[]}],"jetpack_sharing_enabled":true,"jetpack_shortlink":"https:\/\/wp.me\/peQAOb-2u2","_links":{"self":[{"href":"https:\/\/noticiasribeiraopreto.com.br\/index.php\/wp-json\/wp\/v2\/posts\/9550","targetHints":{"allow":["GET"]}}],"collection":[{"href":"https:\/\/noticiasribeiraopreto.com.br\/index.php\/wp-json\/wp\/v2\/posts"}],"about":[{"href":"https:\/\/noticiasribeiraopreto.com.br\/index.php\/wp-json\/wp\/v2\/types\/post"}],"author":[{"embeddable":true,"href":"https:\/\/noticiasribeiraopreto.com.br\/index.php\/wp-json\/wp\/v2\/users\/1"}],"replies":[{"embeddable":true,"href":"https:\/\/noticiasribeiraopreto.com.br\/index.php\/wp-json\/wp\/v2\/comments?post=9550"}],"version-history":[{"count":0,"href":"https:\/\/noticiasribeiraopreto.com.br\/index.php\/wp-json\/wp\/v2\/posts\/9550\/revisions"}],"wp:featuredmedia":[{"embeddable":true,"href":"https:\/\/noticiasribeiraopreto.com.br\/index.php\/wp-json\/wp\/v2\/media\/9551"}],"wp:attachment":[{"href":"https:\/\/noticiasribeiraopreto.com.br\/index.php\/wp-json\/wp\/v2\/media?parent=9550"}],"wp:term":[{"taxonomy":"category","embeddable":true,"href":"https:\/\/noticiasribeiraopreto.com.br\/index.php\/wp-json\/wp\/v2\/categories?post=9550"},{"taxonomy":"post_tag","embeddable":true,"href":"https:\/\/noticiasribeiraopreto.com.br\/index.php\/wp-json\/wp\/v2\/tags?post=9550"}],"curies":[{"name":"wp","href":"https:\/\/api.w.org\/{rel}","templated":true}]}}