{"id":9591,"date":"2023-12-02T11:09:42","date_gmt":"2023-12-02T14:09:42","guid":{"rendered":"https:\/\/noticiasribeiraopreto.com.br\/index.php\/2023\/12\/02\/maua-plaza-aposta-em-decoracao-de-natal-inedita-inspirada-no-canal-gloob\/"},"modified":"2023-12-02T11:09:42","modified_gmt":"2023-12-02T14:09:42","slug":"maua-plaza-aposta-em-decoracao-de-natal-inedita-inspirada-no-canal-gloob","status":"publish","type":"post","link":"https:\/\/noticiasribeiraopreto.com.br\/index.php\/2023\/12\/02\/maua-plaza-aposta-em-decoracao-de-natal-inedita-inspirada-no-canal-gloob\/","title":{"rendered":"Mau\u00e1 Plaza aposta em decora\u00e7\u00e3o de Natal in\u00e9dita inspirada no canal Gloob"},"content":{"rendered":"<div class='code-block code-block-1' style='margin: 8px 0 8px auto; text-align: right; display: block; clear: both;'>\n<p><a href=\"https:\/\/wa.link\/vpicfd\"><img data-recalc-dims=\"1\" class=\"wp-image-4922\" style=\"aspect-ratio: 2.0253164556962027; width: 561px; height: auto;\" src=\"https:\/\/i0.wp.com\/ismaelcolosi.com.br\/wp-content\/uploads\/2023\/11\/grupo-de-empregos-whatsapp-e-facebook-ismael-colosi-vagas.jpg?ssl=1\" alt=\"\" \/><\/a><\/p>\n<!-- \/wp:image -->\n<\/div>\n<p> <br \/>\n<\/p>\n<div>\n<p>No Mau\u00e1 Plaza Shopping a magia do Natal j\u00e1 pode ser sentida. Com diversos cen\u00e1rios da s\u00e9rie Detetives do Pr\u00e9dio Azul, da sitcom Bugados, e dos desenhos Ursinhos Carinhosos, Giba Blaster, Seninha e muito mais, a decora\u00e7\u00e3o tem\u00e1tica do canal Gloob, est\u00e1 no Brasil pela primeira vez, e promete encantar quem passear pelos corredores do empreendimento e todas as idades.<\/p>\n<p>Para complementar o clima natalino o\u00a0bom velhinho est\u00e1 em seu trono, pronto para interagir e tirar fotos com o p\u00fablico na decora\u00e7\u00e3o ao entorno da \u00e1rvore principal, que possui mais de 10 metros, e estar\u00e1 ornamentada com enfeites tem\u00e1ticos. Ele ocupar\u00e1 o trono de segunda a s\u00e1bado das 14h \u00e0s 22h e domingos e feriados das 14h \u00e0s 20h, para tirar fotos com a crian\u00e7ada. E \u00e9 claro que os amigos pets ter\u00e3o um trono Pet Friendly dedicado a eles, ao lado do Papai Noel. O hor\u00e1rio do dia 24\/12 ser\u00e1 das 10h \u00e0s 16h.<\/p>\n<p>Os espa\u00e7os instagram\u00e1veis localizados no ambiente s\u00e3o decorados com cen\u00e1rios cheios de detalhes das principais atra\u00e7\u00f5es do canal Gloob e presentes de natal.<\/p>\n<p><strong>\u00c1rvore do bem<\/strong><\/p>\n<p>O projeto da \u00c1rvore do Bem do Mau\u00e1 Plaza Shopping visa transmitir e elevar o esp\u00edrito natalino para todas as fam\u00edlias da regi\u00e3o. Pelo terceiro ano consecutivo de \u00c1rvore do Bem no estabelecimento, dessa vez, a iniciativa vai apadrinhar crian\u00e7as do projeto Ch\u00e1cara das Flores, que ser\u00e3o presenteadas com um Natal m\u00e1gico e acolhedor.<\/p>\n<p><strong>Funciona da seguinte forma:<\/strong><\/p>\n<p>Na \u00e1rvore, localizada junto da decora\u00e7\u00e3o principal, diversos pap\u00e9is est\u00e3o espalhados, representando crian\u00e7as da ONG que poder\u00e3o ser presenteadas. Em cada papel, o nome e idade de uma crian\u00e7a, e um QR Code, s\u00e3o encontrados. Ap\u00f3s, voc\u00ea pode escolher a crian\u00e7a que quer apadrinhar e ativar o QR Code, que te redireciona para um n\u00famero de WhatsApp.<\/p>\n<p>Em seguida \u00e9 s\u00f3 informar neste contato, o nome e idade da crian\u00e7a que escolheu, e a equipe ir\u00e1 lhe passar os tamanhos de roupas para a montagem do kit, que \u00e9 composto por roupa, sapato e brinquedo. Depois da compra do kit, basta levar para o SAC do shopping e pronto, voc\u00ea ter\u00e1 dado n\u00e3o apenas um presente, mas tamb\u00e9m poder\u00e1 tornar o Natal de uma dessas crian\u00e7as inesquec\u00edveis. Neste ano, quem apadrinhar alguma crian\u00e7a, ganha um voucher de gratuidade de estacionamento. A \u00c1rvore do Bem segue dispon\u00edvel para apadrinhamentos at\u00e9 o dia 11\/12.<\/p>\n<p><strong>Servi\u00e7o<\/strong><\/p>\n<p>Decora\u00e7\u00e3o de Natal:<\/p>\n<p>Quando: At\u00e9 a primeira semana de janeiro \u2013 De seg \u00e0 s\u00e1b das 10h \u00e0s 22h \/ dom. e feriados das 14h \u00e0s 20h<\/p>\n<p>Pre\u00e7os: Gratuito<\/p>\n<p>Onde: Mau\u00e1 Plaza Shopping \u2013 Avenida Governador M\u00e1rio Covas J\u00fanior, 01, Centro \u2013 Mau\u00e1<\/p>\n<p>Trono do Papai Noel:<\/p>\n<p>Quando: de seg a s\u00e1b das 14h \u00e0s 22h e dom. e feriados das 14h \u00e0s 20h. O hor\u00e1rio do dia 24\/12 ser\u00e1 das 10h \u00e0s 16h.<\/p>\n<p>Pre\u00e7os: Gratuito, por\u00e9m haver\u00e1 uma equipe de fotos profissionais e o cliente poder\u00e1 optar por comprar um de seus produtos. Pre\u00e7os e produtos sob consulta no local.<\/p>\n<p>Onde: Mau\u00e1 Plaza Shopping \u2013 Avenida Governador M\u00e1rio Covas J\u00fanior, 01, Centro \u2013 Mau\u00e1<\/p>\n<p>\u00c1rvore do Bem:<\/p>\n<p>Quando:\u00a0 At\u00e9 o dia 11\/12. De seg \u00e0 s\u00e1b das 10h \u00e0s 22h \/ dom. e feriados das 14h \u00e0s 20h<\/p>\n<p>Onde: Mau\u00e1 Plaza Shopping \u2013 Avenida Governador M\u00e1rio Covas J\u00fanior, 01, Centro \u2013 Mau\u00e1<\/p>\n<p><strong>Sobre o Mau\u00e1 Plaza Shopping<\/strong><\/p>\n<p>Inaugurado h\u00e1 21 anos, o Mau\u00e1 Plaza Shopping \u00e9 um empreendimento que possui uma \u00e1rea bruta loc\u00e1vel de 50.000 m\u00b2, consolidando seu modelo de neg\u00f3cio diferenciado, que busca atrair investimentos que refor\u00e7am o mix de produtos e servi\u00e7os com marcas exclusivas e in\u00e9ditas.<\/p>\n<p>Atualmente o shopping possui mais de 250 opera\u00e7\u00f5es e realiza trabalhos sociais e culturais em prol da comunidade, com projetos como o Coletivo do Bem, uma loja f\u00edsica cedida gratuitamente pelo empreendimento \u00e0 Organiza\u00e7\u00f5es N\u00e3o Governamentais (ONGs), que podem divulgar seus trabalhos.<\/p>\n<\/div>\n<p><script>\n\t\t! function(f, b, e, v, n, t, s) {\n\t\t\tif (f.fbq) return;\n\t\t\tn = f.fbq = function() {\n\t\t\t\tn.callMethod ?\n\t\t\t\t\tn.callMethod.apply(n, arguments) : n.queue.push(arguments)\n\t\t\t};\n\t\t\tif (!f._fbq) f._fbq = n;\n\t\t\tn.push = n;\n\t\t\tn.loaded = !0;\n\t\t\tn.version = '2.0';\n\t\t\tn.queue = [];\n\t\t\tt = b.createElement(e);\n\t\t\tt.async = !0;\n\t\t\tt.src = v;\n\t\t\ts = b.getElementsByTagName(e)[0];\n\t\t\ts.parentNode.insertBefore(t, s)\n\t\t}(window, document, 'script',\n\t\t\t'https:\/\/connect.facebook.net\/en_US\/fbevents.js');\n\t\tfbq('init', '338315473262380');\n\t\tfbq('track', 'PageView');\n\t<\/script><br \/>\n<br \/><br \/>\n<br \/><a href=\"https:\/\/catracalivre.com.br\/vila-mundo\/maua-plaza-aposta-em-decoracao-de-natal-inedita-inspirada-no-canal-gloob\/\">Source link <\/a><\/p>\n<!-- CONTENT END 1 -->\n","protected":false},"excerpt":{"rendered":"<p>No Mau\u00e1 Plaza Shopping a magia do Natal j\u00e1 pode ser sentida. Com diversos cen\u00e1rios da s\u00e9rie Detetives do Pr\u00e9dio Azul, da sitcom Bugados, e&#8230;<\/p>\n","protected":false},"author":1,"featured_media":9592,"comment_status":"open","ping_status":"open","sticky":false,"template":"","format":"standard","meta":{"advanced_seo_description":"","jetpack_seo_html_title":"","jetpack_seo_noindex":false,"jetpack_post_was_ever_published":false,"_jetpack_newsletter_access":"","_jetpack_dont_email_post_to_subs":false,"_jetpack_newsletter_tier_id":0,"_jetpack_memberships_contains_paywalled_content":false,"_jetpack_memberships_contains_paid_content":false,"footnotes":"","jetpack_publicize_message":"","jetpack_publicize_feature_enabled":true,"jetpack_social_post_already_shared":true,"jetpack_social_options":{"image_generator_settings":{"template":"highway","default_image_id":0,"font":"","enabled":false},"version":2}},"categories":[19],"tags":[],"class_list":["post-9591","post","type-post","status-publish","format-standard","has-post-thumbnail","hentry","category-variedades"],"jetpack_publicize_connections":[],"jetpack_featured_media_url":"https:\/\/i0.wp.com\/noticiasribeiraopreto.com.br\/wp-content\/uploads\/2023\/12\/whatsapp-image-2023-11-13-at-155814.jpg?fit=1200%2C638&ssl=1","jetpack-related-posts":[{"id":9973,"url":"https:\/\/noticiasribeiraopreto.com.br\/index.php\/2023\/12\/03\/sao-bernardo-plaza-conta-pista-de-patinacao-no-gelo-na-decoracao-de-natal\/","url_meta":{"origin":9591,"position":0},"title":"S\u00e3o Bernardo Plaza conta pista de patina\u00e7\u00e3o no gelo na decora\u00e7\u00e3o de Natal\u00a0","author":"noticiasribeiraopreto.com.br","date":"3 de December de 2023","format":false,"excerpt":"Com o tema \u201cUm Lindo Presente de Natal\u201d, o S\u00e3o Bernardo Plaza Shopping oferece ao p\u00fablico uma decora\u00e7\u00e3o que resgata a tradi\u00e7\u00e3o do Natal. Com tons de verde e vermelho em todos os pisos, la\u00e7os que remetem os esperados presentes de fim de ano, al\u00e9m de uma \u00e1rvore enfeitada de\u2026","rel":"","context":"In &quot;Variedades&quot;","block_context":{"text":"Variedades","link":"https:\/\/noticiasribeiraopreto.com.br\/index.php\/category\/variedades\/"},"img":{"alt_text":"","src":"https:\/\/i0.wp.com\/noticiasribeiraopreto.com.br\/wp-content\/uploads\/2023\/12\/20231114-193334-scaled.jpg?fit=1200%2C638&ssl=1&resize=350%2C200","width":350,"height":200,"srcset":"https:\/\/i0.wp.com\/noticiasribeiraopreto.com.br\/wp-content\/uploads\/2023\/12\/20231114-193334-scaled.jpg?fit=1200%2C638&ssl=1&resize=350%2C200 1x, https:\/\/i0.wp.com\/noticiasribeiraopreto.com.br\/wp-content\/uploads\/2023\/12\/20231114-193334-scaled.jpg?fit=1200%2C638&ssl=1&resize=525%2C300 1.5x, https:\/\/i0.wp.com\/noticiasribeiraopreto.com.br\/wp-content\/uploads\/2023\/12\/20231114-193334-scaled.jpg?fit=1200%2C638&ssl=1&resize=700%2C400 2x, https:\/\/i0.wp.com\/noticiasribeiraopreto.com.br\/wp-content\/uploads\/2023\/12\/20231114-193334-scaled.jpg?fit=1200%2C638&ssl=1&resize=1050%2C600 3x"},"classes":[]},{"id":60119,"url":"https:\/\/noticiasribeiraopreto.com.br\/index.php\/2024\/11\/06\/shoppings-de-ribeirao-anunciam-chegada-do-papai-noel-veja-programacao\/","url_meta":{"origin":9591,"position":1},"title":"Shoppings de Ribeir\u00e3o anunciam chegada do Papai Noel; Veja programa\u00e7\u00e3o","author":"noticiasribeiraopreto.com.br","date":"6 de November de 2024","format":false,"excerpt":"O clima natalino come\u00e7a a tomar conta dos quatro shoppings de Ribeir\u00e3o Preto, neste final de semana, com a chegada do Papai Noel. A programa\u00e7\u00e3o nos empreendimentos ainda conta com inaugura\u00e7\u00e3o da decora\u00e7\u00e3o de Natal, apresenta\u00e7\u00e3o musical, brinquedos, passeio virtual no tren\u00f3 do bom velhinho, cen\u00e1rios natalinos instagram\u00e1veis e mais.\u2026","rel":"","context":"In &quot;Not\u00edcias de Ribeir\u00e3o Preto-SP e Regi\u00e3o&quot;","block_context":{"text":"Not\u00edcias de Ribeir\u00e3o Preto-SP e Regi\u00e3o","link":"https:\/\/noticiasribeiraopreto.com.br\/index.php\/category\/noticias-de-ribeirao-preto-sp-e-regiao-ismael-colosi\/"},"img":{"alt_text":"","src":"https:\/\/i0.wp.com\/noticiasribeiraopreto.com.br\/wp-content\/uploads\/2024\/11\/WhatsApp-Image-2024-11-05-at-19.19.04_2024-11-06_16-48-07_jpeg_2024-11-06_16-48-08-scaled.webp.webp?fit=1200%2C675&ssl=1&resize=350%2C200","width":350,"height":200,"srcset":"https:\/\/i0.wp.com\/noticiasribeiraopreto.com.br\/wp-content\/uploads\/2024\/11\/WhatsApp-Image-2024-11-05-at-19.19.04_2024-11-06_16-48-07_jpeg_2024-11-06_16-48-08-scaled.webp.webp?fit=1200%2C675&ssl=1&resize=350%2C200 1x, https:\/\/i0.wp.com\/noticiasribeiraopreto.com.br\/wp-content\/uploads\/2024\/11\/WhatsApp-Image-2024-11-05-at-19.19.04_2024-11-06_16-48-07_jpeg_2024-11-06_16-48-08-scaled.webp.webp?fit=1200%2C675&ssl=1&resize=525%2C300 1.5x, https:\/\/i0.wp.com\/noticiasribeiraopreto.com.br\/wp-content\/uploads\/2024\/11\/WhatsApp-Image-2024-11-05-at-19.19.04_2024-11-06_16-48-07_jpeg_2024-11-06_16-48-08-scaled.webp.webp?fit=1200%2C675&ssl=1&resize=700%2C400 2x, https:\/\/i0.wp.com\/noticiasribeiraopreto.com.br\/wp-content\/uploads\/2024\/11\/WhatsApp-Image-2024-11-05-at-19.19.04_2024-11-06_16-48-07_jpeg_2024-11-06_16-48-08-scaled.webp.webp?fit=1200%2C675&ssl=1&resize=1050%2C600 3x"},"classes":[]},{"id":9927,"url":"https:\/\/noticiasribeiraopreto.com.br\/index.php\/2023\/12\/03\/atracoes-interativas-disney-pixar-agitam-o-grand-plaza-neste-natal\/","url_meta":{"origin":9591,"position":2},"title":"Atra\u00e7\u00f5es interativas Disney | Pixar agitam o Grand Plaza neste Natal","author":"noticiasribeiraopreto.com.br","date":"3 de December de 2023","format":false,"excerpt":"A decora\u00e7\u00e3o de Natal licenciada da Disney | Pixar est\u00e1 fazendo muito sucesso no Grand Plaza, empreendimento que oferece a melhor experi\u00eancia em compras, lazer, entretenimento e gastronomia do ABC. Dividido em quatro cen\u00e1rios personalizados de Mickey e Minnie, Frozen, Monstros S.A. e Carros ao redor de \u00e1rvore natalina de\u2026","rel":"","context":"In &quot;Variedades&quot;","block_context":{"text":"Variedades","link":"https:\/\/noticiasribeiraopreto.com.br\/index.php\/category\/variedades\/"},"img":{"alt_text":"","src":"https:\/\/i0.wp.com\/noticiasribeiraopreto.com.br\/wp-content\/uploads\/2023\/12\/gp-decoracao-de-natal-4.jpg?fit=1200%2C638&ssl=1&resize=350%2C200","width":350,"height":200,"srcset":"https:\/\/i0.wp.com\/noticiasribeiraopreto.com.br\/wp-content\/uploads\/2023\/12\/gp-decoracao-de-natal-4.jpg?fit=1200%2C638&ssl=1&resize=350%2C200 1x, https:\/\/i0.wp.com\/noticiasribeiraopreto.com.br\/wp-content\/uploads\/2023\/12\/gp-decoracao-de-natal-4.jpg?fit=1200%2C638&ssl=1&resize=525%2C300 1.5x, https:\/\/i0.wp.com\/noticiasribeiraopreto.com.br\/wp-content\/uploads\/2023\/12\/gp-decoracao-de-natal-4.jpg?fit=1200%2C638&ssl=1&resize=700%2C400 2x, https:\/\/i0.wp.com\/noticiasribeiraopreto.com.br\/wp-content\/uploads\/2023\/12\/gp-decoracao-de-natal-4.jpg?fit=1200%2C638&ssl=1&resize=1050%2C600 3x"},"classes":[]},{"id":9631,"url":"https:\/\/noticiasribeiraopreto.com.br\/index.php\/2023\/12\/02\/ultimos-dias-para-encontrar-com-os-minions-no-shopping-abc\/","url_meta":{"origin":9591,"position":3},"title":"\u00daltimos dias para encontrar com os Minions no Shopping ABC","author":"noticiasribeiraopreto.com.br","date":"2 de December de 2023","format":false,"excerpt":"O Shopping ABC, um dos principais centros comerciais da regi\u00e3o, recheia este Natal com a visita ilustre dos Minions, personagens populares do cinema e tema da decora\u00e7\u00e3o natalina do empreendimento deste ano. A a\u00e7\u00e3o acontece nos dias 2, 8 e 9 de dezembro, no per\u00edodo das 15h \u00e0s 19h, situada\u2026","rel":"","context":"In &quot;Variedades&quot;","block_context":{"text":"Variedades","link":"https:\/\/noticiasribeiraopreto.com.br\/index.php\/category\/variedades\/"},"img":{"alt_text":"","src":"https:\/\/i0.wp.com\/noticiasribeiraopreto.com.br\/wp-content\/uploads\/2023\/12\/minions-1-transformed-scaled.jpg?fit=1200%2C638&ssl=1&resize=350%2C200","width":350,"height":200,"srcset":"https:\/\/i0.wp.com\/noticiasribeiraopreto.com.br\/wp-content\/uploads\/2023\/12\/minions-1-transformed-scaled.jpg?fit=1200%2C638&ssl=1&resize=350%2C200 1x, https:\/\/i0.wp.com\/noticiasribeiraopreto.com.br\/wp-content\/uploads\/2023\/12\/minions-1-transformed-scaled.jpg?fit=1200%2C638&ssl=1&resize=525%2C300 1.5x, https:\/\/i0.wp.com\/noticiasribeiraopreto.com.br\/wp-content\/uploads\/2023\/12\/minions-1-transformed-scaled.jpg?fit=1200%2C638&ssl=1&resize=700%2C400 2x, https:\/\/i0.wp.com\/noticiasribeiraopreto.com.br\/wp-content\/uploads\/2023\/12\/minions-1-transformed-scaled.jpg?fit=1200%2C638&ssl=1&resize=1050%2C600 3x"},"classes":[]},{"id":79643,"url":"https:\/\/noticiasribeiraopreto.com.br\/index.php\/2025\/11\/05\/natal-2025-confira-quando-os-shoppings-de-ribeirao-recebem-o-papai-noel\/","url_meta":{"origin":9591,"position":4},"title":"Natal 2025: confira quando os shoppings de Ribeir\u00e3o recebem o Papai Noel","author":"noticiasribeiraopreto.com.br","date":"5 de November de 2025","format":false,"excerpt":"Os shoppings de Ribeir\u00e3o Preto v\u00e3o entrar em clima de Natal a partir do dia 7 de novembro, com a chegada do Papai Noel e decora\u00e7\u00f5es natalinas. Confira abaixo todos os detalhes da passagem do velhinho pela cidade e regi\u00e3o. Ribeir\u00e3o Shopping O Ribeir\u00e3o Shopping inaugura oficialmente sua decora\u00e7\u00e3o natalina\u2026","rel":"","context":"In &quot;Not\u00edcias de Ribeir\u00e3o Preto-SP e Regi\u00e3o&quot;","block_context":{"text":"Not\u00edcias de Ribeir\u00e3o Preto-SP e Regi\u00e3o","link":"https:\/\/noticiasribeiraopreto.com.br\/index.php\/category\/noticias-de-ribeirao-preto-sp-e-regiao-ismael-colosi\/"},"img":{"alt_text":"","src":"https:\/\/i0.wp.com\/noticiasribeiraopreto.com.br\/wp-content\/uploads\/2025\/11\/WhatsApp-Image-2025-11-04-at-09.42.14_2025-11-04_15-10-13.webp.webp?fit=1200%2C799&ssl=1&resize=350%2C200","width":350,"height":200,"srcset":"https:\/\/i0.wp.com\/noticiasribeiraopreto.com.br\/wp-content\/uploads\/2025\/11\/WhatsApp-Image-2025-11-04-at-09.42.14_2025-11-04_15-10-13.webp.webp?fit=1200%2C799&ssl=1&resize=350%2C200 1x, https:\/\/i0.wp.com\/noticiasribeiraopreto.com.br\/wp-content\/uploads\/2025\/11\/WhatsApp-Image-2025-11-04-at-09.42.14_2025-11-04_15-10-13.webp.webp?fit=1200%2C799&ssl=1&resize=525%2C300 1.5x, https:\/\/i0.wp.com\/noticiasribeiraopreto.com.br\/wp-content\/uploads\/2025\/11\/WhatsApp-Image-2025-11-04-at-09.42.14_2025-11-04_15-10-13.webp.webp?fit=1200%2C799&ssl=1&resize=700%2C400 2x, https:\/\/i0.wp.com\/noticiasribeiraopreto.com.br\/wp-content\/uploads\/2025\/11\/WhatsApp-Image-2025-11-04-at-09.42.14_2025-11-04_15-10-13.webp.webp?fit=1200%2C799&ssl=1&resize=1050%2C600 3x"},"classes":[]},{"id":80548,"url":"https:\/\/noticiasribeiraopreto.com.br\/index.php\/2025\/12\/05\/guia-natalino-veja-o-que-fazer-em-ribeirao-preto-nos-proximos-dias\/","url_meta":{"origin":9591,"position":5},"title":"Guia natalino: Veja o que fazer em Ribeir\u00e3o Preto nos pr\u00f3ximos dias","author":"noticiasribeiraopreto.com.br","date":"5 de December de 2025","format":false,"excerpt":"Ribeir\u00e3o Preto j\u00e1 conta com uma programa\u00e7\u00e3o natalina para todos os gostos, com concertos, apresenta\u00e7\u00f5es culturais, oficina e visitas ao Papai Noel. As atra\u00e7\u00f5es acontecem em diferentes pontos da cidade. Confira abaixo o guia natalino: Coral da Unaerp na Catedral 7 de dezembro, domingo | \u00e0s 20h A Catedral recebe\u2026","rel":"","context":"In &quot;Not\u00edcias de Ribeir\u00e3o Preto-SP e Regi\u00e3o&quot;","block_context":{"text":"Not\u00edcias de Ribeir\u00e3o Preto-SP e Regi\u00e3o","link":"https:\/\/noticiasribeiraopreto.com.br\/index.php\/category\/noticias-de-ribeirao-preto-sp-e-regiao-ismael-colosi\/"},"img":{"alt_text":"","src":"https:\/\/i0.wp.com\/noticiasribeiraopreto.com.br\/wp-content\/uploads\/2025\/12\/1.png?fit=820%2C524&ssl=1&resize=350%2C200","width":350,"height":200,"srcset":"https:\/\/i0.wp.com\/noticiasribeiraopreto.com.br\/wp-content\/uploads\/2025\/12\/1.png?fit=820%2C524&ssl=1&resize=350%2C200 1x, https:\/\/i0.wp.com\/noticiasribeiraopreto.com.br\/wp-content\/uploads\/2025\/12\/1.png?fit=820%2C524&ssl=1&resize=525%2C300 1.5x, https:\/\/i0.wp.com\/noticiasribeiraopreto.com.br\/wp-content\/uploads\/2025\/12\/1.png?fit=820%2C524&ssl=1&resize=700%2C400 2x"},"classes":[]}],"jetpack_sharing_enabled":true,"jetpack_shortlink":"https:\/\/wp.me\/peQAOb-2uH","_links":{"self":[{"href":"https:\/\/noticiasribeiraopreto.com.br\/index.php\/wp-json\/wp\/v2\/posts\/9591","targetHints":{"allow":["GET"]}}],"collection":[{"href":"https:\/\/noticiasribeiraopreto.com.br\/index.php\/wp-json\/wp\/v2\/posts"}],"about":[{"href":"https:\/\/noticiasribeiraopreto.com.br\/index.php\/wp-json\/wp\/v2\/types\/post"}],"author":[{"embeddable":true,"href":"https:\/\/noticiasribeiraopreto.com.br\/index.php\/wp-json\/wp\/v2\/users\/1"}],"replies":[{"embeddable":true,"href":"https:\/\/noticiasribeiraopreto.com.br\/index.php\/wp-json\/wp\/v2\/comments?post=9591"}],"version-history":[{"count":0,"href":"https:\/\/noticiasribeiraopreto.com.br\/index.php\/wp-json\/wp\/v2\/posts\/9591\/revisions"}],"wp:featuredmedia":[{"embeddable":true,"href":"https:\/\/noticiasribeiraopreto.com.br\/index.php\/wp-json\/wp\/v2\/media\/9592"}],"wp:attachment":[{"href":"https:\/\/noticiasribeiraopreto.com.br\/index.php\/wp-json\/wp\/v2\/media?parent=9591"}],"wp:term":[{"taxonomy":"category","embeddable":true,"href":"https:\/\/noticiasribeiraopreto.com.br\/index.php\/wp-json\/wp\/v2\/categories?post=9591"},{"taxonomy":"post_tag","embeddable":true,"href":"https:\/\/noticiasribeiraopreto.com.br\/index.php\/wp-json\/wp\/v2\/tags?post=9591"}],"curies":[{"name":"wp","href":"https:\/\/api.w.org\/{rel}","templated":true}]}}