{"id":9623,"date":"2023-12-02T13:12:30","date_gmt":"2023-12-02T16:12:30","guid":{"rendered":"https:\/\/noticiasribeiraopreto.com.br\/index.php\/2023\/12\/02\/gergelim-pode-aliviar-artrite-e-prevenir-parkinson-sugere-estudo\/"},"modified":"2023-12-02T13:12:30","modified_gmt":"2023-12-02T16:12:30","slug":"gergelim-pode-aliviar-artrite-e-prevenir-parkinson-sugere-estudo","status":"publish","type":"post","link":"https:\/\/noticiasribeiraopreto.com.br\/index.php\/2023\/12\/02\/gergelim-pode-aliviar-artrite-e-prevenir-parkinson-sugere-estudo\/","title":{"rendered":"Gergelim pode aliviar artrite e prevenir Parkinson, sugere estudo"},"content":{"rendered":"<div class='code-block code-block-1' style='margin: 8px 0 8px auto; text-align: right; display: block; clear: both;'>\n<p><a href=\"https:\/\/wa.link\/vpicfd\"><img data-recalc-dims=\"1\" class=\"wp-image-4922\" style=\"aspect-ratio: 2.0253164556962027; width: 561px; height: auto;\" src=\"https:\/\/i0.wp.com\/ismaelcolosi.com.br\/wp-content\/uploads\/2023\/11\/grupo-de-empregos-whatsapp-e-facebook-ismael-colosi-vagas.jpg?ssl=1\" alt=\"\" \/><\/a><\/p>\n<!-- \/wp:image -->\n<\/div>\n<p> <br \/>\n<\/p>\n<div>\n<div id=\"attachment_2314572\" class=\"wp-caption alignnone\">\n<div class=\"d-flex justify-content-center\" data-attachment-id=\"2314572\">\n<div class=\"position-relative d-inline-block\"><img data-recalc-dims=\"1\" data-portal-copyright=\"Getty Images\/iStockphoto\" fetchpriority=\"high\" decoding=\"async\" class=\"wp-image-2314572 size-full\" src=\"https:\/\/i0.wp.com\/catracalivre.com.br\/wp-content\/uploads\/2023\/11\/istock-1144460223.jpg?resize=1254%2C837&#038;ssl=1\" alt=\"Consumo de regular de gergelim est\u00e1 relacionado a s\u00e9rie de benef\u00edcios para o corpo humano \u2013 iStock\/Getty Images\" width=\"1254\" height=\"837\" srcset=\"https:\/\/catracalivre.com.br\/wp-content\/uploads\/2023\/11\/istock-1144460223.jpg 1254w, https:\/\/catracalivre.com.br\/wp-content\/uploads\/2023\/11\/istock-1144460223-450x300.jpg 450w, https:\/\/catracalivre.com.br\/wp-content\/uploads\/2023\/11\/istock-1144460223-768x513.jpg 768w\" sizes=\"(max-width: 1254px) 100vw, 1254px\"\/><\/p>\n<p>Cr\u00e9ditos: Getty Images\/iStockphoto<\/p>\n<\/div>\n<\/div>\n<p><span class=\"post-imagem__legenda\">Consumo de regular de gergelim est\u00e1 relacionado a s\u00e9rie de benef\u00edcios para o corpo humano \u2013 iStock\/Getty Images<\/span><\/p>\n<\/div>\n<p>Semente rica em <strong><a href=\"https:\/\/catracalivre.com.br\/saude-bem-estar\/3-alimentos-aumenta-expectativa-de-vida\/\" target=\"_blank\" rel=\"noopener\">antioxidantes<\/a><\/strong> e nutrientes, o gergelim se destaca no card\u00e1pio de op\u00e7\u00f5es ben\u00e9ficas para a promo\u00e7\u00e3o da sa\u00fade e preven\u00e7\u00e3o de doen\u00e7as.<\/p>\n<p>Com alto valor nutricional, a semente \u00e9 rica em prote\u00ednas, \u00e1cidos, \u00e1cidos graxos poli-insaturados, c\u00e1lcio, magn\u00e9sio, vitamina E e fibras, garantindo a ela uma ampla gama de nutrientes essenciais para o bom funcionamento do organismo.<\/p>\n<p>O consumo de gergelim, garantem especialistas, est\u00e1 associado a in\u00fameros benef\u00edcios: controla a diabetes, reduz o peso, protege de doen\u00e7as cardiovasculares e \u00e9 um importante componente no tratamento da artrite e preven\u00e7\u00e3o do <strong><a href=\"https:\/\/bvsms.saude.gov.br\/doenca-de-parkinson\/\" target=\"_blank\" rel=\"noopener\">Parkinson<\/a><\/strong>.<\/p>\n<h2>Efeitos do gergelim: artrite e Parkinson<\/h2>\n<p>A sesamina confere propriedades antioxidantes e anti-inflamat\u00f3rias ao gergelim, que podem reduzir a dor e melhorar a mobilidade das articula\u00e7\u00f5es em pessoas que sofrem com artrite.\u00a0Outra subst\u00e2ncia ben\u00e9fica presente no gergelim s\u00e3o os lignanos, compostos biologicamente ativos com efeitos neuroprotetores.<\/p>\n<p>Estudos sobre o tema mostram que essas subst\u00e2ncias ajudam a prevenir altera\u00e7\u00f5es cognitivas e neuronais relacionadas ao envelhecimento. N\u00e3o por acaso, os lignanos foram associados \u00e0 preven\u00e7\u00e3o de doen\u00e7as neurodegenerativas, como Parkinson, Alzheimer e dem\u00eancia senil.<\/p>\n<h2>Como e quando consumir gergelim?<\/h2>\n<p>O gergelim pode ser consumido ao natural ou torrado e est\u00e1 dispon\u00edvel como sementes brancas, pretas, amarelas, cinzas, marrons e vermelhas,\u00a0\u00a0Al\u00e9m disso, \u00e9 um ingrediente vers\u00e1til para adicionar em saladas, p\u00e3es, biscoitos e molhos. As sementes ainda podem compor diversas receitas, como iogurtes, arroz, barras de cereais, mingau, vitaminas e sucos.<\/p>\n<p>A quantidade ideal pode variar de acordo com a idade, estado de sa\u00fade e toler\u00e2ncia individual. No entanto, para aproveitar todos os benef\u00edcios do gergelim, \u00e9 recomendado consumir de 1 a 2 colheres de sopa por dia.<\/p>\n<p>Apesar de todos os benef\u00edcios, pessoas com condi\u00e7\u00f5es de sa\u00fade espec\u00edficas devem buscar orienta\u00e7\u00e3o m\u00e9dica antes de incluir o gergelim em sua dieta regular.<\/p>\n<\/div>\n<p><script>\n\t\t! function(f, b, e, v, n, t, s) {\n\t\t\tif (f.fbq) return;\n\t\t\tn = f.fbq = function() {\n\t\t\t\tn.callMethod ?\n\t\t\t\t\tn.callMethod.apply(n, arguments) : n.queue.push(arguments)\n\t\t\t};\n\t\t\tif (!f._fbq) f._fbq = n;\n\t\t\tn.push = n;\n\t\t\tn.loaded = !0;\n\t\t\tn.version = '2.0';\n\t\t\tn.queue = [];\n\t\t\tt = b.createElement(e);\n\t\t\tt.async = !0;\n\t\t\tt.src = v;\n\t\t\ts = b.getElementsByTagName(e)[0];\n\t\t\ts.parentNode.insertBefore(t, s)\n\t\t}(window, document, 'script',\n\t\t\t'https:\/\/connect.facebook.net\/en_US\/fbevents.js');\n\t\tfbq('init', '338315473262380');\n\t\tfbq('track', 'PageView');\n\t<\/script><br \/>\n<br \/><br \/>\n<br \/><a href=\"https:\/\/catracalivre.com.br\/saude-bem-estar\/gergelim-pode-aliviar-artrite-e-prevenir-parkinson-sugere-estudo\/\">Source link <\/a><\/p>\n<!-- CONTENT END 1 -->\n","protected":false},"excerpt":{"rendered":"<p>Cr\u00e9ditos: Getty Images\/iStockphoto Consumo de regular de gergelim est\u00e1 relacionado a s\u00e9rie de benef\u00edcios para o corpo humano \u2013 iStock\/Getty Images Semente rica em antioxidantes&#8230;<\/p>\n","protected":false},"author":1,"featured_media":9624,"comment_status":"open","ping_status":"open","sticky":false,"template":"","format":"standard","meta":{"advanced_seo_description":"","jetpack_seo_html_title":"","jetpack_seo_noindex":false,"jetpack_post_was_ever_published":false,"_jetpack_newsletter_access":"","_jetpack_dont_email_post_to_subs":false,"_jetpack_newsletter_tier_id":0,"_jetpack_memberships_contains_paywalled_content":false,"_jetpack_memberships_contains_paid_content":false,"footnotes":"","jetpack_publicize_message":"","jetpack_publicize_feature_enabled":true,"jetpack_social_post_already_shared":true,"jetpack_social_options":{"image_generator_settings":{"template":"highway","default_image_id":0,"font":"","enabled":false},"version":2}},"categories":[19],"tags":[],"class_list":["post-9623","post","type-post","status-publish","format-standard","has-post-thumbnail","hentry","category-variedades"],"jetpack_publicize_connections":[],"jetpack_featured_media_url":"https:\/\/i0.wp.com\/noticiasribeiraopreto.com.br\/wp-content\/uploads\/2023\/12\/istock-1144460223.jpg?fit=1200%2C638&ssl=1","jetpack-related-posts":[{"id":55623,"url":"https:\/\/noticiasribeiraopreto.com.br\/index.php\/2024\/08\/04\/os-melhores-paises-para-viver-durante-a-aposentadoria-em-2024\/","url_meta":{"origin":9623,"position":0},"title":"Os melhores pa\u00edses para viver durante a aposentadoria em 2024","author":"noticiasribeiraopreto.com.br","date":"4 de August de 2024","format":false,"excerpt":"\u00a0 Acessibilidade L L A- A+ \u25d0 \u00a0 Se voc\u00ea est\u00e1 procurando custos mais baixos, paisagens atraentes, uma mudan\u00e7a no estilo de vida, na cultura ou uma sa\u00edda pol\u00edtica, mudar para outro pa\u00eds para aproveitar a sua aposentadoria pode ser a resposta. Sem precisar se preocupar com o mercado de\u2026","rel":"","context":"In &quot;Blog&quot;","block_context":{"text":"Blog","link":"https:\/\/noticiasribeiraopreto.com.br\/index.php\/category\/blog\/"},"img":{"alt_text":"","src":"https:\/\/i0.wp.com\/noticiasribeiraopreto.com.br\/wp-content\/uploads\/2024\/08\/paphos-chipre-1024x683.jpg?fit=1024%2C683&ssl=1&resize=350%2C200","width":350,"height":200,"srcset":"https:\/\/i0.wp.com\/noticiasribeiraopreto.com.br\/wp-content\/uploads\/2024\/08\/paphos-chipre-1024x683.jpg?fit=1024%2C683&ssl=1&resize=350%2C200 1x, https:\/\/i0.wp.com\/noticiasribeiraopreto.com.br\/wp-content\/uploads\/2024\/08\/paphos-chipre-1024x683.jpg?fit=1024%2C683&ssl=1&resize=525%2C300 1.5x, https:\/\/i0.wp.com\/noticiasribeiraopreto.com.br\/wp-content\/uploads\/2024\/08\/paphos-chipre-1024x683.jpg?fit=1024%2C683&ssl=1&resize=700%2C400 2x"},"classes":[]},{"id":54938,"url":"https:\/\/noticiasribeiraopreto.com.br\/index.php\/2024\/07\/26\/conheca-os-10-lideres-mundiais-mais-bem-pagos-em-2024\/","url_meta":{"origin":9623,"position":1},"title":"Conhe\u00e7a os 10 l\u00edderes mundiais mais bem pagos em 2024","author":"noticiasribeiraopreto.com.br","date":"26 de July de 2024","format":false,"excerpt":"\u00a0 Acessibilidade L L A- A+ \u25d0 N\u00e3o \u00e9 apenas no mundo corporativo que nem sempre o cargo condiz com o sal\u00e1rio. Muitas vezes, as lideran\u00e7as mundiais tamb\u00e9m n\u00e3o t\u00eam uma remunera\u00e7\u00e3o \u00e0 altura do trabalho exercido.\u00a0 A come\u00e7ar pelo chefe da Casa Branca. O sal\u00e1rio anual de US$ 400\u2026","rel":"","context":"In &quot;Blog&quot;","block_context":{"text":"Blog","link":"https:\/\/noticiasribeiraopreto.com.br\/index.php\/category\/blog\/"},"img":{"alt_text":"","src":"https:\/\/i0.wp.com\/noticiasribeiraopreto.com.br\/wp-content\/uploads\/2024\/07\/Money_paisesbilionarios_Forbes-1024x683.jpg?fit=1024%2C683&ssl=1&resize=350%2C200","width":350,"height":200,"srcset":"https:\/\/i0.wp.com\/noticiasribeiraopreto.com.br\/wp-content\/uploads\/2024\/07\/Money_paisesbilionarios_Forbes-1024x683.jpg?fit=1024%2C683&ssl=1&resize=350%2C200 1x, https:\/\/i0.wp.com\/noticiasribeiraopreto.com.br\/wp-content\/uploads\/2024\/07\/Money_paisesbilionarios_Forbes-1024x683.jpg?fit=1024%2C683&ssl=1&resize=525%2C300 1.5x, https:\/\/i0.wp.com\/noticiasribeiraopreto.com.br\/wp-content\/uploads\/2024\/07\/Money_paisesbilionarios_Forbes-1024x683.jpg?fit=1024%2C683&ssl=1&resize=700%2C400 2x"},"classes":[]},{"id":32782,"url":"https:\/\/noticiasribeiraopreto.com.br\/index.php\/2024\/01\/26\/conselho-da-petrobras-nomeia-renato-galuppo-como-membro-do-colegiado\/","url_meta":{"origin":9623,"position":2},"title":"Conselho da Petrobras nomeia Renato Galuppo como membro do colegiado","author":"noticiasribeiraopreto.com.br","date":"26 de January de 2024","format":false,"excerpt":"Getty ImagesSede da Petrobras em Bras\u00edlia. O conselho da Petrobras nomeou o advogado Renato Galuppo como membro do colegiado, cargo que ocupar\u00e1 at\u00e9 a pr\u00f3xima assembleia geral de acionistas, informou a petroleira em comunicado ao mercado nesta sexta-feira. Siga o canal da Forbes e de Forbes Money no WhatsApp e\u2026","rel":"","context":"In &quot;Blog&quot;","block_context":{"text":"Blog","link":"https:\/\/noticiasribeiraopreto.com.br\/index.php\/category\/blog\/"},"img":{"alt_text":"","src":"https:\/\/i0.wp.com\/noticiasribeiraopreto.com.br\/wp-content\/uploads\/2024\/01\/money-empresas-brasileiras-09Jun23-GettyImages-9-1024x683.jpg?fit=1024%2C683&ssl=1&resize=350%2C200","width":350,"height":200,"srcset":"https:\/\/i0.wp.com\/noticiasribeiraopreto.com.br\/wp-content\/uploads\/2024\/01\/money-empresas-brasileiras-09Jun23-GettyImages-9-1024x683.jpg?fit=1024%2C683&ssl=1&resize=350%2C200 1x, https:\/\/i0.wp.com\/noticiasribeiraopreto.com.br\/wp-content\/uploads\/2024\/01\/money-empresas-brasileiras-09Jun23-GettyImages-9-1024x683.jpg?fit=1024%2C683&ssl=1&resize=525%2C300 1.5x, https:\/\/i0.wp.com\/noticiasribeiraopreto.com.br\/wp-content\/uploads\/2024\/01\/money-empresas-brasileiras-09Jun23-GettyImages-9-1024x683.jpg?fit=1024%2C683&ssl=1&resize=700%2C400 2x"},"classes":[]},{"id":32788,"url":"https:\/\/noticiasribeiraopreto.com.br\/index.php\/2024\/01\/26\/conselho-da-petrobras-nomeia-renato-galuppo-como-membro-do-colegiado-2\/","url_meta":{"origin":9623,"position":3},"title":"Conselho da Petrobras nomeia Renato Galuppo como membro do colegiado","author":"noticiasribeiraopreto.com.br","date":"26 de January de 2024","format":false,"excerpt":"Getty ImagesSede da Petrobras em Bras\u00edlia. O conselho da Petrobras nomeou o advogado Renato Galuppo como membro do colegiado, cargo que ocupar\u00e1 at\u00e9 a pr\u00f3xima assembleia geral de acionistas, informou a petroleira em comunicado ao mercado nesta sexta-feira. Siga o canal da Forbes e de Forbes Money no WhatsApp e\u2026","rel":"","context":"In &quot;Blog&quot;","block_context":{"text":"Blog","link":"https:\/\/noticiasribeiraopreto.com.br\/index.php\/category\/blog\/"},"img":{"alt_text":"","src":"https:\/\/i0.wp.com\/noticiasribeiraopreto.com.br\/wp-content\/uploads\/2024\/01\/1706289799_money-empresas-brasileiras-09Jun23-GettyImages-9-1024x683.jpg?fit=1024%2C683&ssl=1&resize=350%2C200","width":350,"height":200,"srcset":"https:\/\/i0.wp.com\/noticiasribeiraopreto.com.br\/wp-content\/uploads\/2024\/01\/1706289799_money-empresas-brasileiras-09Jun23-GettyImages-9-1024x683.jpg?fit=1024%2C683&ssl=1&resize=350%2C200 1x, https:\/\/i0.wp.com\/noticiasribeiraopreto.com.br\/wp-content\/uploads\/2024\/01\/1706289799_money-empresas-brasileiras-09Jun23-GettyImages-9-1024x683.jpg?fit=1024%2C683&ssl=1&resize=525%2C300 1.5x, https:\/\/i0.wp.com\/noticiasribeiraopreto.com.br\/wp-content\/uploads\/2024\/01\/1706289799_money-empresas-brasileiras-09Jun23-GettyImages-9-1024x683.jpg?fit=1024%2C683&ssl=1&resize=700%2C400 2x"},"classes":[]},{"id":21218,"url":"https:\/\/noticiasribeiraopreto.com.br\/index.php\/2023\/12\/27\/presidente-do-bb-seguridade-renuncia\/","url_meta":{"origin":9623,"position":4},"title":"Presidente do BB Seguridade renuncia","author":"noticiasribeiraopreto.com.br","date":"27 de December de 2023","format":false,"excerpt":"SOPA Images\/Getty ImagesO at\u00e9 ent\u00e3o presidente do BB Seguridade foi eleito para o cargo em 2021, sendo funcion\u00e1rio de carreira do Banco do Brasil h\u00e1 21 anos A BB Seguridade, bra\u00e7o de previd\u00eancia e seguros do Banco do Brasil, anunciou na ter\u00e7a-feira (26) que o presidente-executivo e membro do conselho\u2026","rel":"","context":"In &quot;Blog&quot;","block_context":{"text":"Blog","link":"https:\/\/noticiasribeiraopreto.com.br\/index.php\/category\/blog\/"},"img":{"alt_text":"","src":"https:\/\/i0.wp.com\/noticiasribeiraopreto.com.br\/wp-content\/uploads\/2023\/12\/Money_BB-Seguridade-1024x683.jpg?fit=1024%2C683&ssl=1&resize=350%2C200","width":350,"height":200,"srcset":"https:\/\/i0.wp.com\/noticiasribeiraopreto.com.br\/wp-content\/uploads\/2023\/12\/Money_BB-Seguridade-1024x683.jpg?fit=1024%2C683&ssl=1&resize=350%2C200 1x, https:\/\/i0.wp.com\/noticiasribeiraopreto.com.br\/wp-content\/uploads\/2023\/12\/Money_BB-Seguridade-1024x683.jpg?fit=1024%2C683&ssl=1&resize=525%2C300 1.5x, https:\/\/i0.wp.com\/noticiasribeiraopreto.com.br\/wp-content\/uploads\/2023\/12\/Money_BB-Seguridade-1024x683.jpg?fit=1024%2C683&ssl=1&resize=700%2C400 2x"},"classes":[]},{"id":17521,"url":"https:\/\/noticiasribeiraopreto.com.br\/index.php\/2023\/12\/18\/10-tratamentos-de-beleza-mais-bizarros-de-todos-os-tempos-meu-valor-digital\/","url_meta":{"origin":9623,"position":5},"title":"10 tratamentos de beleza mais bizarros de todos os tempos &#8211; Meu Valor Digital","author":"noticiasribeiraopreto.com.br","date":"18 de December de 2023","format":false,"excerpt":"Os procedimentos est\u00e9ticos existem a muitos anos, e hoje, gra\u00e7as ao avan\u00e7o da medicina e de tecnologias temos diversos de processos de beleza que s\u00e3o super eficientes para quem busca se sentir bem independente da idade, e o melhor, que realmente funcionam e s\u00e3o totalmente seguros para quem os escolhe.\u2026","rel":"","context":"In &quot;Vagas de Emprego em Ribeir\u00e3o Preto-SP&quot;","block_context":{"text":"Vagas de Emprego em Ribeir\u00e3o Preto-SP","link":"https:\/\/noticiasribeiraopreto.com.br\/index.php\/category\/empregos-classificados-vagas-trabalho\/vagas-de-empregos-em-ribeirao-preto-regiao-brasil\/"},"img":{"alt_text":"","src":"https:\/\/i0.wp.com\/noticiasribeiraopreto.com.br\/wp-content\/uploads\/2023\/12\/mulher-bonita-dos-anos-30.jpg?fit=1200%2C800&ssl=1&resize=350%2C200","width":350,"height":200,"srcset":"https:\/\/i0.wp.com\/noticiasribeiraopreto.com.br\/wp-content\/uploads\/2023\/12\/mulher-bonita-dos-anos-30.jpg?fit=1200%2C800&ssl=1&resize=350%2C200 1x, https:\/\/i0.wp.com\/noticiasribeiraopreto.com.br\/wp-content\/uploads\/2023\/12\/mulher-bonita-dos-anos-30.jpg?fit=1200%2C800&ssl=1&resize=525%2C300 1.5x, https:\/\/i0.wp.com\/noticiasribeiraopreto.com.br\/wp-content\/uploads\/2023\/12\/mulher-bonita-dos-anos-30.jpg?fit=1200%2C800&ssl=1&resize=700%2C400 2x, https:\/\/i0.wp.com\/noticiasribeiraopreto.com.br\/wp-content\/uploads\/2023\/12\/mulher-bonita-dos-anos-30.jpg?fit=1200%2C800&ssl=1&resize=1050%2C600 3x"},"classes":[]}],"jetpack_sharing_enabled":true,"jetpack_shortlink":"https:\/\/wp.me\/peQAOb-2vd","_links":{"self":[{"href":"https:\/\/noticiasribeiraopreto.com.br\/index.php\/wp-json\/wp\/v2\/posts\/9623","targetHints":{"allow":["GET"]}}],"collection":[{"href":"https:\/\/noticiasribeiraopreto.com.br\/index.php\/wp-json\/wp\/v2\/posts"}],"about":[{"href":"https:\/\/noticiasribeiraopreto.com.br\/index.php\/wp-json\/wp\/v2\/types\/post"}],"author":[{"embeddable":true,"href":"https:\/\/noticiasribeiraopreto.com.br\/index.php\/wp-json\/wp\/v2\/users\/1"}],"replies":[{"embeddable":true,"href":"https:\/\/noticiasribeiraopreto.com.br\/index.php\/wp-json\/wp\/v2\/comments?post=9623"}],"version-history":[{"count":0,"href":"https:\/\/noticiasribeiraopreto.com.br\/index.php\/wp-json\/wp\/v2\/posts\/9623\/revisions"}],"wp:featuredmedia":[{"embeddable":true,"href":"https:\/\/noticiasribeiraopreto.com.br\/index.php\/wp-json\/wp\/v2\/media\/9624"}],"wp:attachment":[{"href":"https:\/\/noticiasribeiraopreto.com.br\/index.php\/wp-json\/wp\/v2\/media?parent=9623"}],"wp:term":[{"taxonomy":"category","embeddable":true,"href":"https:\/\/noticiasribeiraopreto.com.br\/index.php\/wp-json\/wp\/v2\/categories?post=9623"},{"taxonomy":"post_tag","embeddable":true,"href":"https:\/\/noticiasribeiraopreto.com.br\/index.php\/wp-json\/wp\/v2\/tags?post=9623"}],"curies":[{"name":"wp","href":"https:\/\/api.w.org\/{rel}","templated":true}]}}