{"id":9691,"date":"2023-12-02T16:34:17","date_gmt":"2023-12-02T19:34:17","guid":{"rendered":"https:\/\/noticiasribeiraopreto.com.br\/index.php\/2023\/12\/02\/opcoes-saudaveis-para-comer-no-lugar-do-arroz-branco\/"},"modified":"2023-12-02T16:34:17","modified_gmt":"2023-12-02T19:34:17","slug":"opcoes-saudaveis-para-comer-no-lugar-do-arroz-branco","status":"publish","type":"post","link":"https:\/\/noticiasribeiraopreto.com.br\/index.php\/2023\/12\/02\/opcoes-saudaveis-para-comer-no-lugar-do-arroz-branco\/","title":{"rendered":"Op\u00e7\u00f5es saud\u00e1veis para comer no lugar do arroz branco"},"content":{"rendered":"<div class='code-block code-block-1' style='margin: 8px 0 8px auto; text-align: right; display: block; clear: both;'>\n<p><a href=\"https:\/\/wa.link\/vpicfd\"><img data-recalc-dims=\"1\" class=\"wp-image-4922\" style=\"aspect-ratio: 2.0253164556962027; width: 561px; height: auto;\" src=\"https:\/\/i0.wp.com\/ismaelcolosi.com.br\/wp-content\/uploads\/2023\/11\/grupo-de-empregos-whatsapp-e-facebook-ismael-colosi-vagas.jpg?ssl=1\" alt=\"\" \/><\/a><\/p>\n<!-- \/wp:image -->\n<\/div>\n<p> <br \/>\n<\/p>\n<div>\n<p>Um recente estudo realizado pela <a href=\"https:\/\/www.harvard.edu\/\" target=\"_blank\" rel=\"noopener\">Universidade de Harvard<\/a> traz importantes orienta\u00e7\u00f5es para pessoas com diabetes e a rela\u00e7\u00e3o com o consumo do arroz branco.<\/p>\n<p>De acordo com a pesquisa, esse tipo de alimento provoca eleva\u00e7\u00e3o r\u00e1pida dos n\u00edveis de a\u00e7\u00facar na circula\u00e7\u00e3o sangu\u00ednea, o que pode representar um risco para os diab\u00e9ticos. Por\u00e9m, a boa not\u00edcia \u00e9 que h\u00e1 possibilidades de substitui\u00e7\u00e3o por carboidratos mais saud\u00e1veis.<\/p>\n<div id=\"attachment_2316193\" class=\"wp-caption aligncenter\">\n<div class=\"d-flex justify-content-center\" data-attachment-id=\"2316193\">\n<div class=\"position-relative d-inline-block\"><img data-recalc-dims=\"1\" data-portal-copyright=\"Depositphotos\" fetchpriority=\"high\" decoding=\"async\" class=\"size-full wp-image-2316193\" src=\"https:\/\/i0.wp.com\/catracalivre.com.br\/wp-content\/uploads\/2023\/12\/arroz-branco.jpg?resize=1200%2C794&#038;ssl=1\" alt=\"Op\u00e7\u00f5es saud\u00e1veis para comer no lugar do arroz branco\" width=\"1200\" height=\"794\" srcset=\"https:\/\/catracalivre.com.br\/wp-content\/uploads\/2023\/12\/arroz-branco.jpg 1200w, https:\/\/catracalivre.com.br\/wp-content\/uploads\/2023\/12\/arroz-branco-450x298.jpg 450w, https:\/\/catracalivre.com.br\/wp-content\/uploads\/2023\/12\/arroz-branco-768x508.jpg 768w\" sizes=\"(max-width: 1200px) 100vw, 1200px\"\/><\/p>\n<p>Cr\u00e9ditos: Depositphotos<\/p>\n<\/div>\n<\/div>\n<p><span class=\"post-imagem__legenda\">Op\u00e7\u00f5es saud\u00e1veis para comer no lugar do arroz branco<\/span><\/p>\n<\/div>\n<h2>Op\u00e7\u00f5es saud\u00e1veis para comer no lugar do arroz branco<\/h2>\n<p>O <a href=\"https:\/\/catracalivre.com.br\/saude-bem-estar\/estudo-descobre-jeito-de-cortar-as-calorias-do-arroz-pela-metade\/\">arroz branco<\/a>, que \u00e9 um produto refinado, tem sua casca removida durante o processo de industrializa\u00e7\u00e3o. Isso resulta na perda de fibras, minerais e vitaminas, restando apenas o amido.<\/p>\n<p>Esta caracter\u00edstica torna o alimento rico em carboidratos, com cerca de 28,2 gramas de carboidratos a cada 100 gramas de arroz branco.<\/p>\n<h3>Alternativas mais saud\u00e1veis ao arroz branco<\/h3>\n<p>A pesquisa de Harvard discorreu sobre diversas alternativas mais saud\u00e1veis ao arroz branco. A seguir, apresentamos algumas delas:<\/p>\n<p>Quinoa:\u00a0Consumida em forma de gr\u00e3os, \u00e9 rica em fibras, prote\u00ednas, vitaminas do complexo B, c\u00e1lcio, ferro e \u00f4mega 3.<br \/>Arroz integral:\u00a0Diferentemente do arroz branco, esse tipo de arroz n\u00e3o passa pelo processo de refino, possuindo maior quantidade de fibras e magn\u00e9sio.<\/p>\n<p>Cenouras:\u00a0Um pur\u00ea de cenoura pode ser uma alternativa menos cal\u00f3rica e rica em fibras, vitamina A, C e pot\u00e1ssio.<\/p>\n<p>Batata doce:\u00a0Esse carboidrato de baixo \u00edndice glic\u00eamico evita o pico de glicose no sangue, al\u00e9m de ser rico em vitamina A, carotenos, vitamina C e diversos minerais.<\/p>\n<h3>Algumas recomenda\u00e7\u00f5es adicionais<\/h3>\n<p>Al\u00e9m de iniciar a substitui\u00e7\u00e3o do arroz branco por alternativas mais saud\u00e1veis, a pesquisa tamb\u00e9m destaca a import\u00e2ncia de aumentar o consumo de frutas e latic\u00ednios, bem como a ingest\u00e3o de prote\u00ednas de alta qualidade na dieta.<\/p>\n<p>Portanto, diante desse estudo \u00e9 poss\u00edvel ainda ressaltar a import\u00e2ncia de uma alimenta\u00e7\u00e3o equilibrada e diversificada como chave para o gerenciamento eficaz do diabetes, sempre com orienta\u00e7\u00e3o e acompanhamento de um profissional de sa\u00fade.<\/p>\n<\/div>\n<p><script>\n\t\t! function(f, b, e, v, n, t, s) {\n\t\t\tif (f.fbq) return;\n\t\t\tn = f.fbq = function() {\n\t\t\t\tn.callMethod ?\n\t\t\t\t\tn.callMethod.apply(n, arguments) : n.queue.push(arguments)\n\t\t\t};\n\t\t\tif (!f._fbq) f._fbq = n;\n\t\t\tn.push = n;\n\t\t\tn.loaded = !0;\n\t\t\tn.version = '2.0';\n\t\t\tn.queue = [];\n\t\t\tt = b.createElement(e);\n\t\t\tt.async = !0;\n\t\t\tt.src = v;\n\t\t\ts = b.getElementsByTagName(e)[0];\n\t\t\ts.parentNode.insertBefore(t, s)\n\t\t}(window, document, 'script',\n\t\t\t'https:\/\/connect.facebook.net\/en_US\/fbevents.js');\n\t\tfbq('init', '338315473262380');\n\t\tfbq('track', 'PageView');\n\t<\/script><br \/>\n<br \/><br \/>\n<br \/><a href=\"https:\/\/catracalivre.com.br\/saude-bem-estar\/opcoes-saudaveis-para-comer-no-lugar-do-arroz-branco\/\">Source link <\/a><\/p>\n<!-- CONTENT END 1 -->\n","protected":false},"excerpt":{"rendered":"<p>Um recente estudo realizado pela Universidade de Harvard traz importantes orienta\u00e7\u00f5es para pessoas com diabetes e a rela\u00e7\u00e3o com o consumo do arroz branco. De&#8230;<\/p>\n","protected":false},"author":1,"featured_media":9692,"comment_status":"open","ping_status":"open","sticky":false,"template":"","format":"standard","meta":{"advanced_seo_description":"","jetpack_seo_html_title":"","jetpack_seo_noindex":false,"jetpack_post_was_ever_published":false,"_jetpack_newsletter_access":"","_jetpack_dont_email_post_to_subs":false,"_jetpack_newsletter_tier_id":0,"_jetpack_memberships_contains_paywalled_content":false,"_jetpack_memberships_contains_paid_content":false,"footnotes":"","jetpack_publicize_message":"","jetpack_publicize_feature_enabled":true,"jetpack_social_post_already_shared":true,"jetpack_social_options":{"image_generator_settings":{"template":"highway","default_image_id":0,"font":"","enabled":false},"version":2}},"categories":[19],"tags":[],"class_list":["post-9691","post","type-post","status-publish","format-standard","has-post-thumbnail","hentry","category-variedades"],"jetpack_publicize_connections":[],"jetpack_featured_media_url":"https:\/\/i0.wp.com\/noticiasribeiraopreto.com.br\/wp-content\/uploads\/2023\/12\/arroz-branco.jpg?fit=1200%2C638&ssl=1","jetpack-related-posts":[{"id":66112,"url":"https:\/\/noticiasribeiraopreto.com.br\/index.php\/2025\/03\/28\/jornal-da-franca-arroz-e-um-milagre-para-as-orquideas-conheca-o-segredo-natural-para-as-plantas\/","url_meta":{"origin":9691,"position":0},"title":"Jornal da Franca &#8211; Arroz \u00e9 um milagre para as orqu\u00eddeas: Conhe\u00e7a o segredo natural para as plantas!","author":"noticiasribeiraopreto.com.br","date":"28 de March de 2025","format":false,"excerpt":"compartilhar no whatsapp compartilhar no telegram compartilhar no facebook compartilhar no linkedin As orqu\u00eddeas, verdadeiras joias vegetais, requerem cuidados adequados para florescer plenamente e aqui est\u00e1 um bom segredo As orqu\u00eddeas s\u00e3o plantas elegantes e delicadas que exigem cuidados espec\u00edficos para se desenvolverem plenamente. Entre os m\u00e9todos naturais para fortalecer\u2026","rel":"","context":"In &quot;Not\u00edcias de Franca-SP&quot;","block_context":{"text":"Not\u00edcias de Franca-SP","link":"https:\/\/noticiasribeiraopreto.com.br\/index.php\/category\/noticias-de-ribeirao-preto-sp-e-regiao-ismael-colosi\/noticias-franca-sp\/"},"img":{"alt_text":"","src":"https:\/\/i0.wp.com\/noticiasribeiraopreto.com.br\/wp-content\/uploads\/2025\/03\/2150970146.jpg?fit=1000%2C667&ssl=1&resize=350%2C200","width":350,"height":200,"srcset":"https:\/\/i0.wp.com\/noticiasribeiraopreto.com.br\/wp-content\/uploads\/2025\/03\/2150970146.jpg?fit=1000%2C667&ssl=1&resize=350%2C200 1x, https:\/\/i0.wp.com\/noticiasribeiraopreto.com.br\/wp-content\/uploads\/2025\/03\/2150970146.jpg?fit=1000%2C667&ssl=1&resize=525%2C300 1.5x, https:\/\/i0.wp.com\/noticiasribeiraopreto.com.br\/wp-content\/uploads\/2025\/03\/2150970146.jpg?fit=1000%2C667&ssl=1&resize=700%2C400 2x"},"classes":[]},{"id":69172,"url":"https:\/\/noticiasribeiraopreto.com.br\/index.php\/2025\/05\/03\/jornal-da-franca-descubra-se-o-arroz-queridinho-dos-brasileiros-realmente-e-o-vilao-das-dietas\/","url_meta":{"origin":9691,"position":1},"title":"Jornal da Franca &#8211; Descubra se o arroz, queridinho dos brasileiros, realmente \u00e9 o vil\u00e3o das dietas","author":"noticiasribeiraopreto.com.br","date":"3 de May de 2025","format":false,"excerpt":"compartilhar no whatsapp compartilhar no telegram compartilhar no facebook compartilhar no linkedin Entenda como o arroz pode impactar o peso e a import\u00e2ncia da escolha do tipo certo O arroz \u00e9 um alimento popular no Brasil, mas levanta d\u00favidas sobre suas propriedades e impacto no peso. A resposta para se\u2026","rel":"","context":"In &quot;Not\u00edcias de Franca-SP&quot;","block_context":{"text":"Not\u00edcias de Franca-SP","link":"https:\/\/noticiasribeiraopreto.com.br\/index.php\/category\/noticias-de-ribeirao-preto-sp-e-regiao-ismael-colosi\/noticias-franca-sp\/"},"img":{"alt_text":"","src":"https:\/\/i0.wp.com\/noticiasribeiraopreto.com.br\/wp-content\/uploads\/2025\/05\/pes-de-um-jovem-adulto-em-pe-sobre-uma-balanca-que-mede-a-ia-generativa.jpg?fit=1000%2C560&ssl=1&resize=350%2C200","width":350,"height":200,"srcset":"https:\/\/i0.wp.com\/noticiasribeiraopreto.com.br\/wp-content\/uploads\/2025\/05\/pes-de-um-jovem-adulto-em-pe-sobre-uma-balanca-que-mede-a-ia-generativa.jpg?fit=1000%2C560&ssl=1&resize=350%2C200 1x, https:\/\/i0.wp.com\/noticiasribeiraopreto.com.br\/wp-content\/uploads\/2025\/05\/pes-de-um-jovem-adulto-em-pe-sobre-uma-balanca-que-mede-a-ia-generativa.jpg?fit=1000%2C560&ssl=1&resize=525%2C300 1.5x, https:\/\/i0.wp.com\/noticiasribeiraopreto.com.br\/wp-content\/uploads\/2025\/05\/pes-de-um-jovem-adulto-em-pe-sobre-uma-balanca-que-mede-a-ia-generativa.jpg?fit=1000%2C560&ssl=1&resize=700%2C400 2x"},"classes":[]},{"id":50684,"url":"https:\/\/noticiasribeiraopreto.com.br\/index.php\/2024\/05\/17\/procon-sp-comeca-a-monitorar-os-precos-do-arroz-em-supermercados\/","url_meta":{"origin":9691,"position":2},"title":"Procon-SP come\u00e7a a monitorar os pre\u00e7os do arroz em supermercados","author":"noticiasribeiraopreto.com.br","date":"17 de May de 2024","format":false,"excerpt":"O Procon-SP informou que desde quarta-feira (15) come\u00e7ou a monitorar os pre\u00e7os do arroz. O objetivo do \u00f3rg\u00e3o \u00e9 verificar eventual oscila\u00e7\u00e3o nos valores do produto e auxiliar os consumidores em suas decis\u00f5es de compra. De acordo com o Procon, a medida foi necess\u00e1ria ap\u00f3s \u201cinforma\u00e7\u00f5es equivocadas sobre os impactos\u2026","rel":"","context":"In &quot;Not\u00edcias de Ribeir\u00e3o Preto-SP e Regi\u00e3o&quot;","block_context":{"text":"Not\u00edcias de Ribeir\u00e3o Preto-SP e Regi\u00e3o","link":"https:\/\/noticiasribeiraopreto.com.br\/index.php\/category\/noticias-de-ribeirao-preto-sp-e-regiao-ismael-colosi\/"},"img":{"alt_text":"","src":"https:\/\/i0.wp.com\/noticiasribeiraopreto.com.br\/wp-content\/uploads\/2024\/05\/AnyConv.com__sack-rice-with-rice-wooden-spoon-rice-plant_2024-05-10_00-12-14-scaled.webp.webp?fit=1200%2C800&ssl=1&resize=350%2C200","width":350,"height":200,"srcset":"https:\/\/i0.wp.com\/noticiasribeiraopreto.com.br\/wp-content\/uploads\/2024\/05\/AnyConv.com__sack-rice-with-rice-wooden-spoon-rice-plant_2024-05-10_00-12-14-scaled.webp.webp?fit=1200%2C800&ssl=1&resize=350%2C200 1x, https:\/\/i0.wp.com\/noticiasribeiraopreto.com.br\/wp-content\/uploads\/2024\/05\/AnyConv.com__sack-rice-with-rice-wooden-spoon-rice-plant_2024-05-10_00-12-14-scaled.webp.webp?fit=1200%2C800&ssl=1&resize=525%2C300 1.5x, https:\/\/i0.wp.com\/noticiasribeiraopreto.com.br\/wp-content\/uploads\/2024\/05\/AnyConv.com__sack-rice-with-rice-wooden-spoon-rice-plant_2024-05-10_00-12-14-scaled.webp.webp?fit=1200%2C800&ssl=1&resize=700%2C400 2x, https:\/\/i0.wp.com\/noticiasribeiraopreto.com.br\/wp-content\/uploads\/2024\/05\/AnyConv.com__sack-rice-with-rice-wooden-spoon-rice-plant_2024-05-10_00-12-14-scaled.webp.webp?fit=1200%2C800&ssl=1&resize=1050%2C600 3x"},"classes":[]},{"id":50699,"url":"https:\/\/noticiasribeiraopreto.com.br\/index.php\/2024\/05\/18\/procon-sp-comeca-a-monitorar-os-precos-do-arroz-em-supermercados-2\/","url_meta":{"origin":9691,"position":3},"title":"Procon-SP come\u00e7a a monitorar os pre\u00e7os do arroz em supermercados","author":"noticiasribeiraopreto.com.br","date":"18 de May de 2024","format":false,"excerpt":"O Procon-SP informou que desde quarta-feira (15) come\u00e7ou a monitorar os pre\u00e7os do arroz. O objetivo do \u00f3rg\u00e3o \u00e9 verificar eventual oscila\u00e7\u00e3o nos valores do produto e auxiliar os consumidores em suas decis\u00f5es de compra. De acordo com o Procon, a medida foi necess\u00e1ria ap\u00f3s \u201cinforma\u00e7\u00f5es equivocadas sobre os impactos\u2026","rel":"","context":"In &quot;Not\u00edcias de Ribeir\u00e3o Preto-SP e Regi\u00e3o&quot;","block_context":{"text":"Not\u00edcias de Ribeir\u00e3o Preto-SP e Regi\u00e3o","link":"https:\/\/noticiasribeiraopreto.com.br\/index.php\/category\/noticias-de-ribeirao-preto-sp-e-regiao-ismael-colosi\/"},"img":{"alt_text":"","src":"https:\/\/i0.wp.com\/noticiasribeiraopreto.com.br\/wp-content\/uploads\/2024\/05\/AnyConv.com__sack-rice-with-rice-wooden-spoon-rice-plant_2024-05-10_00-12-14-scaled.webp.webp?fit=1200%2C800&ssl=1&resize=350%2C200","width":350,"height":200,"srcset":"https:\/\/i0.wp.com\/noticiasribeiraopreto.com.br\/wp-content\/uploads\/2024\/05\/AnyConv.com__sack-rice-with-rice-wooden-spoon-rice-plant_2024-05-10_00-12-14-scaled.webp.webp?fit=1200%2C800&ssl=1&resize=350%2C200 1x, https:\/\/i0.wp.com\/noticiasribeiraopreto.com.br\/wp-content\/uploads\/2024\/05\/AnyConv.com__sack-rice-with-rice-wooden-spoon-rice-plant_2024-05-10_00-12-14-scaled.webp.webp?fit=1200%2C800&ssl=1&resize=525%2C300 1.5x, https:\/\/i0.wp.com\/noticiasribeiraopreto.com.br\/wp-content\/uploads\/2024\/05\/AnyConv.com__sack-rice-with-rice-wooden-spoon-rice-plant_2024-05-10_00-12-14-scaled.webp.webp?fit=1200%2C800&ssl=1&resize=700%2C400 2x, https:\/\/i0.wp.com\/noticiasribeiraopreto.com.br\/wp-content\/uploads\/2024\/05\/AnyConv.com__sack-rice-with-rice-wooden-spoon-rice-plant_2024-05-10_00-12-14-scaled.webp.webp?fit=1200%2C800&ssl=1&resize=1050%2C600 3x"},"classes":[]},{"id":18192,"url":"https:\/\/noticiasribeiraopreto.com.br\/index.php\/2023\/12\/19\/como-e-a-ceia-de-quem-nao-come-carne-meu-valor-digital\/","url_meta":{"origin":9691,"position":4},"title":"Como \u00e9 a ceia de quem n\u00e3o come carne? &#8211; Meu Valor Digital","author":"noticiasribeiraopreto.com.br","date":"19 de December de 2023","format":false,"excerpt":"Para as pessoas que n\u00e3o comem carne na ceia de Natal e Ano Novo pode ser uma tortura! Na maioria das vezes os pratos para quem n\u00e3o comem carne se limita a salada mais elaborada ou massas recheadas. Para quem \u00e9 vegetariano fugir do b\u00e1sico nas comemora\u00e7\u00f5es de fim de\u2026","rel":"","context":"In &quot;Vagas de Emprego em Ribeir\u00e3o Preto-SP&quot;","block_context":{"text":"Vagas de Emprego em Ribeir\u00e3o Preto-SP","link":"https:\/\/noticiasribeiraopreto.com.br\/index.php\/category\/empregos-classificados-vagas-trabalho\/vagas-de-empregos-em-ribeirao-preto-regiao-brasil\/"},"img":{"alt_text":"","src":"https:\/\/i0.wp.com\/noticiasribeiraopreto.com.br\/wp-content\/uploads\/2023\/12\/5-Natal-sem-Carne.jpg?fit=1200%2C773&ssl=1&resize=350%2C200","width":350,"height":200,"srcset":"https:\/\/i0.wp.com\/noticiasribeiraopreto.com.br\/wp-content\/uploads\/2023\/12\/5-Natal-sem-Carne.jpg?fit=1200%2C773&ssl=1&resize=350%2C200 1x, https:\/\/i0.wp.com\/noticiasribeiraopreto.com.br\/wp-content\/uploads\/2023\/12\/5-Natal-sem-Carne.jpg?fit=1200%2C773&ssl=1&resize=525%2C300 1.5x, https:\/\/i0.wp.com\/noticiasribeiraopreto.com.br\/wp-content\/uploads\/2023\/12\/5-Natal-sem-Carne.jpg?fit=1200%2C773&ssl=1&resize=700%2C400 2x, https:\/\/i0.wp.com\/noticiasribeiraopreto.com.br\/wp-content\/uploads\/2023\/12\/5-Natal-sem-Carne.jpg?fit=1200%2C773&ssl=1&resize=1050%2C600 3x"},"classes":[]},{"id":67982,"url":"https:\/\/noticiasribeiraopreto.com.br\/index.php\/2025\/04\/21\/jornal-da-franca-arroz-e-um-milagre-para-as-orquideas-segredo-natural-para-as-plantas-exuberantes\/","url_meta":{"origin":9691,"position":5},"title":"Jornal da Franca &#8211; Arroz \u00e9 um milagre para as orqu\u00eddeas: Segredo natural para as plantas exuberantes","author":"noticiasribeiraopreto.com.br","date":"21 de April de 2025","format":false,"excerpt":"compartilhar no whatsapp compartilhar no telegram compartilhar no facebook compartilhar no linkedin Al\u00e9m da \u00e1gua de arroz, complemente os cuidados das orqu\u00eddeas com fertilizantes naturais, como ch\u00e1 verde dilu\u00eddo. As orqu\u00eddeas s\u00e3o plantas elegantes e delicadas que exigem cuidados espec\u00edficos para se desenvolverem plenamente. Entre os m\u00e9todos naturais para fortalecer\u2026","rel":"","context":"In &quot;Not\u00edcias de Franca-SP&quot;","block_context":{"text":"Not\u00edcias de Franca-SP","link":"https:\/\/noticiasribeiraopreto.com.br\/index.php\/category\/noticias-de-ribeirao-preto-sp-e-regiao-ismael-colosi\/noticias-franca-sp\/"},"img":{"alt_text":"","src":"https:\/\/i0.wp.com\/noticiasribeiraopreto.com.br\/wp-content\/uploads\/2025\/04\/flor-de-orquidea-em-fundo-gradiente.jpg?fit=1000%2C667&ssl=1&resize=350%2C200","width":350,"height":200,"srcset":"https:\/\/i0.wp.com\/noticiasribeiraopreto.com.br\/wp-content\/uploads\/2025\/04\/flor-de-orquidea-em-fundo-gradiente.jpg?fit=1000%2C667&ssl=1&resize=350%2C200 1x, https:\/\/i0.wp.com\/noticiasribeiraopreto.com.br\/wp-content\/uploads\/2025\/04\/flor-de-orquidea-em-fundo-gradiente.jpg?fit=1000%2C667&ssl=1&resize=525%2C300 1.5x, https:\/\/i0.wp.com\/noticiasribeiraopreto.com.br\/wp-content\/uploads\/2025\/04\/flor-de-orquidea-em-fundo-gradiente.jpg?fit=1000%2C667&ssl=1&resize=700%2C400 2x"},"classes":[]}],"jetpack_sharing_enabled":true,"jetpack_shortlink":"https:\/\/wp.me\/peQAOb-2wj","_links":{"self":[{"href":"https:\/\/noticiasribeiraopreto.com.br\/index.php\/wp-json\/wp\/v2\/posts\/9691","targetHints":{"allow":["GET"]}}],"collection":[{"href":"https:\/\/noticiasribeiraopreto.com.br\/index.php\/wp-json\/wp\/v2\/posts"}],"about":[{"href":"https:\/\/noticiasribeiraopreto.com.br\/index.php\/wp-json\/wp\/v2\/types\/post"}],"author":[{"embeddable":true,"href":"https:\/\/noticiasribeiraopreto.com.br\/index.php\/wp-json\/wp\/v2\/users\/1"}],"replies":[{"embeddable":true,"href":"https:\/\/noticiasribeiraopreto.com.br\/index.php\/wp-json\/wp\/v2\/comments?post=9691"}],"version-history":[{"count":0,"href":"https:\/\/noticiasribeiraopreto.com.br\/index.php\/wp-json\/wp\/v2\/posts\/9691\/revisions"}],"wp:featuredmedia":[{"embeddable":true,"href":"https:\/\/noticiasribeiraopreto.com.br\/index.php\/wp-json\/wp\/v2\/media\/9692"}],"wp:attachment":[{"href":"https:\/\/noticiasribeiraopreto.com.br\/index.php\/wp-json\/wp\/v2\/media?parent=9691"}],"wp:term":[{"taxonomy":"category","embeddable":true,"href":"https:\/\/noticiasribeiraopreto.com.br\/index.php\/wp-json\/wp\/v2\/categories?post=9691"},{"taxonomy":"post_tag","embeddable":true,"href":"https:\/\/noticiasribeiraopreto.com.br\/index.php\/wp-json\/wp\/v2\/tags?post=9691"}],"curies":[{"name":"wp","href":"https:\/\/api.w.org\/{rel}","templated":true}]}}