{"id":9705,"date":"2023-12-02T16:29:06","date_gmt":"2023-12-02T19:29:06","guid":{"rendered":"https:\/\/noticiasribeiraopreto.com.br\/index.php\/2023\/12\/02\/camara-no-interior-de-sp-tem-concurso-publico-com-salario-de-r-54-mil\/"},"modified":"2023-12-02T16:29:06","modified_gmt":"2023-12-02T19:29:06","slug":"camara-no-interior-de-sp-tem-concurso-publico-com-salario-de-r-54-mil","status":"publish","type":"post","link":"https:\/\/noticiasribeiraopreto.com.br\/index.php\/2023\/12\/02\/camara-no-interior-de-sp-tem-concurso-publico-com-salario-de-r-54-mil\/","title":{"rendered":"C\u00e2mara no interior de SP tem concurso p\u00fablico com sal\u00e1rio de R$ 5,4 mil"},"content":{"rendered":"<div class='code-block code-block-1' style='margin: 8px 0 8px auto; text-align: right; display: block; clear: both;'>\n<p><a href=\"https:\/\/wa.link\/vpicfd\"><img data-recalc-dims=\"1\" class=\"wp-image-4922\" style=\"aspect-ratio: 2.0253164556962027; width: 561px; height: auto;\" src=\"https:\/\/i0.wp.com\/ismaelcolosi.com.br\/wp-content\/uploads\/2023\/11\/grupo-de-empregos-whatsapp-e-facebook-ismael-colosi-vagas.jpg?ssl=1\" alt=\"\" \/><\/a><\/p>\n<!-- \/wp:image -->\n<\/div>\n<p> <br \/>\n<\/p>\n<div data-td-block-uid=\"tdi_104\">\n<div class=\"tdb-block-inner td-fix-index\">\n<p>A <strong>C\u00e2mara Municipal de Jaboticabal<\/strong>, na regi\u00e3o de <strong>Ribeir\u00e3o Preto<\/strong>, publicou o edital de abertura para inscri\u00e7\u00f5es de um concurso p\u00fablico.<\/p>\n<p>O edital foi publicado no jornal oficial \u2018A Gazeta\u2019, neste s\u00e1bado (2). No total, ser\u00e3o <strong>cinco vagas<\/strong> e o sal\u00e1rio inicial \u00e9 de <strong>R$ 5.452,93<\/strong>.<\/p>\n<p>Al\u00e9m do vencimento, a C\u00e2mara oferece aux\u00edlio-alimenta\u00e7\u00e3o no valor de R$ 1.483,19; aux\u00edlio-transporte de R$ 184,89; aux\u00edlio-sa\u00fade na propor\u00e7\u00e3o de 50% do valor base do plano ou seguros privados e assist\u00eancia \u00e0 sa\u00fade pago pelo servidor; e cesta b\u00e1sica.<\/p>\n<h4 class=\"wp-block-heading\"><strong>Quais s\u00e3o as vagas dispon\u00edveis?<\/strong><\/h4>\n<ul>\n<li><strong><mark style=\"background-color:#fcb900\" class=\"has-inline-color\">Agente de Controle Interno (uma vaga)<\/mark><\/strong>: necess\u00e1rio n\u00edvel superior completo em administra\u00e7\u00e3o, administra\u00e7\u00e3o p\u00fablica, ci\u00eancias cont\u00e1beis, direito ou ci\u00eancias econ\u00f4micas. A jornada de trabalho \u00e9 de 20 horas semanais;<\/li>\n<\/ul>\n<ul>\n<li><strong><mark style=\"background-color:#fcb900\" class=\"has-inline-color\">Operador Audiovisual (uma vaga)<\/mark><\/strong>: necess\u00e1rio ensino m\u00e9dio completo e experi\u00eancia na \u00e1rea comprovada de no m\u00ednimo um ano. A jornada de trabalho \u00e9 de 40 horas semanais;<\/li>\n<\/ul>\n<ul>\n<li><strong><mark style=\"background-color:#fcb900\" class=\"has-inline-color\">Assistente (tr\u00eas vagas)<\/mark><\/strong>: necess\u00e1rio ensino m\u00e9dio completo. A jornada de trabalho \u00e9 de 40 horas semanais.<\/li>\n<\/ul>\n<p>As atribui\u00e7\u00f5es de cada cargo est\u00e3o dispon\u00edveis no edital de abertura de inscri\u00e7\u00f5es (<a href=\"https:\/\/www.jaboticabal.sp.leg.br\/a-camara\/concursos-publicos\" target=\"_blank\" rel=\"noreferrer noopener\">clique aqui<\/a>).<\/p>\n<h4 class=\"wp-block-heading\"><strong>Como se inscrever?<\/strong><\/h4>\n<p>As inscri\u00e7\u00f5es<strong> come\u00e7am \u00e0s 10 horas do dia 18 de dezembro<\/strong> e <strong>terminam \u00e0s 23h59 do dia 22 de janeiro de 2024.<\/strong> Elas dever\u00e3o ser feitas exclusivamente pela internet, no site da Funda\u00e7\u00e3o VUNESP (<a href=\"https:\/\/www.vunesp.com.br\/\" target=\"_blank\" rel=\"noreferrer noopener\">clique aqui<\/a>).<\/p>\n<p>A taxa de inscri\u00e7\u00e3o \u00e9 de <strong>R$ 67,90<\/strong> para os cargos de <strong>Assistente e Operador Audiovisual<\/strong> e de <strong>R$ 98,80 <\/strong>para o cargo de <strong>Controlador Interno<\/strong>.<\/p>\n<p>A previs\u00e3o \u00e9 de que as provas objetivas sejam aplicadas para todos os cargos, no dia <strong>24 de mar\u00e7o de 2024<\/strong>, no per\u00edodo da tarde, em Jaboticabal.<\/p>\n<p>VEJA TAMB\u00c9M<\/p>\n<p>Ribeir\u00e3o Preto vai ser uma das sedes do Enem dos concursos p\u00fablicos; Veja a lista<\/p>\n<h4 class=\"wp-block-heading\"><strong><mark style=\"background-color:#fcb900\" class=\"has-inline-color\">FIQUE ON<\/mark><\/strong><\/h4>\n<p>Fique ligado em tudo que acontece em Ribeir\u00e3o Preto e regi\u00e3o. Siga os perfis do acidade on no\u00a0<a href=\"https:\/\/www.instagram.com\/acidadeonribeirao\/\" target=\"_blank\" rel=\"noreferrer noopener\">Instagram\u00a0<\/a>e no\u00a0<a href=\"https:\/\/www.facebook.com\/acidadeonribeirao\/\" target=\"_blank\" rel=\"noreferrer noopener\">Facebook<\/a>.<\/p>\n<p>Receba not\u00edcias do acidade on no WhatsApp.\u00a0<a href=\"https:\/\/chat.whatsapp.com\/Bnv2w66ZT4VDyZW3oiZ69n\" target=\"_blank\" rel=\"noreferrer noopener\">Para entrar no grupo, basta clicar aqui.<\/a><\/p>\n<p>Fa\u00e7a uma den\u00fancia ou sugira uma reportagem sobre Ribeir\u00e3o Preto e regi\u00e3o pelo WhatsApp: (16) 99117 7802.<\/p>\n<p>LEIA TAMB\u00c9M<\/p>\n<p><a href=\"https:\/\/www.tudoep.com\/tudo-inovacao\/NOT,0,0,1868449,amigo-oculto-saiba-como-fazer-sorteio-online-e-enviar-pelo-whatsapp.aspx\" target=\"_blank\" rel=\"noreferrer noopener\">Amigo oculto: saiba como fazer sorteio online e enviar pelo WhatsApp<\/a><\/p>\n<p><!-- AI CONTENT END 1 -->\n<\/div>\n<\/div>\n<p><script async src=\"\/\/www.instagram.com\/embed.js\"><\/script><br \/>\n<br \/><br \/>\n<br \/><a href=\"https:\/\/www.acidadeon.com\/ribeiraopreto\/economia\/camara-no-interior-de-sp-tem-concurso-publico-com-salario-de-r-54-mil\/\">Source link <\/a><\/p>\n<!-- CONTENT END 1 -->\n","protected":false},"excerpt":{"rendered":"<p>A C\u00e2mara Municipal de Jaboticabal, na regi\u00e3o de Ribeir\u00e3o Preto, publicou o edital de abertura para inscri\u00e7\u00f5es de um concurso p\u00fablico. O edital foi publicado&#8230;<\/p>\n","protected":false},"author":1,"featured_media":9706,"comment_status":"open","ping_status":"open","sticky":false,"template":"","format":"standard","meta":{"advanced_seo_description":"","jetpack_seo_html_title":"","jetpack_seo_noindex":false,"jetpack_post_was_ever_published":false,"_jetpack_newsletter_access":"","_jetpack_dont_email_post_to_subs":false,"_jetpack_newsletter_tier_id":0,"_jetpack_memberships_contains_paywalled_content":false,"_jetpack_memberships_contains_paid_content":false,"footnotes":"","jetpack_publicize_message":"","jetpack_publicize_feature_enabled":true,"jetpack_social_post_already_shared":true,"jetpack_social_options":{"image_generator_settings":{"template":"highway","default_image_id":0,"font":"","enabled":false},"version":2}},"categories":[11],"tags":[154,567,237,402,282,1245,162],"class_list":["post-9705","post","type-post","status-publish","format-standard","has-post-thumbnail","hentry","category-noticias-de-ribeirao-preto-sp-e-regiao-ismael-colosi","tag-camara","tag-concurso","tag-interior","tag-mil","tag-publico","tag-salario","tag-tem"],"jetpack_publicize_connections":[],"jetpack_featured_media_url":"https:\/\/i0.wp.com\/noticiasribeiraopreto.com.br\/wp-content\/uploads\/2023\/12\/concurso_publico_500x320_26052018171840.jpg?fit=500%2C322&ssl=1","jetpack-related-posts":[{"id":60509,"url":"https:\/\/noticiasribeiraopreto.com.br\/index.php\/2024\/11\/15\/camara-no-interior-de-sp-abre-concurso-publico-com-salarios-iniciais-de-r-52-mil\/","url_meta":{"origin":9705,"position":0},"title":"C\u00e2mara no interior de SP abre concurso p\u00fablico com sal\u00e1rios iniciais de R$ 5,2 mil","author":"noticiasribeiraopreto.com.br","date":"15 de November de 2024","format":false,"excerpt":"A C\u00e2mara Municipal de Gua\u00edra, cidade no interior de S\u00e3o Paulo, publicou edital de concurso p\u00fablico com tr\u00eas vagas de n\u00edvel fundamental e m\u00e9dio, com sal\u00e1rios iniciais de at\u00e9 R$ 5.245,84. As inscri\u00e7\u00f5es devem ser realizadas pela internet (clique aqui) entre os dias 18 de novembro e 13 de dezembro.\u2026","rel":"","context":"In &quot;Not\u00edcias de Ribeir\u00e3o Preto-SP e Regi\u00e3o&quot;","block_context":{"text":"Not\u00edcias de Ribeir\u00e3o Preto-SP e Regi\u00e3o","link":"https:\/\/noticiasribeiraopreto.com.br\/index.php\/category\/noticias-de-ribeirao-preto-sp-e-regiao-ismael-colosi\/"},"img":{"alt_text":"","src":"https:\/\/i0.wp.com\/noticiasribeiraopreto.com.br\/wp-content\/uploads\/2024\/06\/Copia-de-Copia-de-TAMANHO-EXATO-PARA-FOTOS-NO-SISTEMA-NOVO-2_2024-06-13_21-46-25_jpg_2024-06-13_21-46-26.webp.webp?fit=1200%2C675&ssl=1&resize=350%2C200","width":350,"height":200,"srcset":"https:\/\/i0.wp.com\/noticiasribeiraopreto.com.br\/wp-content\/uploads\/2024\/06\/Copia-de-Copia-de-TAMANHO-EXATO-PARA-FOTOS-NO-SISTEMA-NOVO-2_2024-06-13_21-46-25_jpg_2024-06-13_21-46-26.webp.webp?fit=1200%2C675&ssl=1&resize=350%2C200 1x, https:\/\/i0.wp.com\/noticiasribeiraopreto.com.br\/wp-content\/uploads\/2024\/06\/Copia-de-Copia-de-TAMANHO-EXATO-PARA-FOTOS-NO-SISTEMA-NOVO-2_2024-06-13_21-46-25_jpg_2024-06-13_21-46-26.webp.webp?fit=1200%2C675&ssl=1&resize=525%2C300 1.5x, https:\/\/i0.wp.com\/noticiasribeiraopreto.com.br\/wp-content\/uploads\/2024\/06\/Copia-de-Copia-de-TAMANHO-EXATO-PARA-FOTOS-NO-SISTEMA-NOVO-2_2024-06-13_21-46-25_jpg_2024-06-13_21-46-26.webp.webp?fit=1200%2C675&ssl=1&resize=700%2C400 2x, https:\/\/i0.wp.com\/noticiasribeiraopreto.com.br\/wp-content\/uploads\/2024\/06\/Copia-de-Copia-de-TAMANHO-EXATO-PARA-FOTOS-NO-SISTEMA-NOVO-2_2024-06-13_21-46-25_jpg_2024-06-13_21-46-26.webp.webp?fit=1200%2C675&ssl=1&resize=1050%2C600 3x"},"classes":[]},{"id":60890,"url":"https:\/\/noticiasribeiraopreto.com.br\/index.php\/2024\/11\/28\/camara-no-interior-de-sp-abre-concurso-publico-com-salarios-de-r-12-mil\/","url_meta":{"origin":9705,"position":1},"title":"C\u00e2mara no interior de SP abre concurso p\u00fablico com sal\u00e1rios de R$ 12 mil","author":"noticiasribeiraopreto.com.br","date":"28 de November de 2024","format":false,"excerpt":"A C\u00e2mara Municipal de Bebedouro, no interior de S\u00e3o Paulo, abriu concurso p\u00fablico com sete vagas de n\u00edvel superior e sal\u00e1rios entre R$ 2,9 mil e R$ 12 mil. As inscri\u00e7\u00f5es come\u00e7am nesta quinta-feira (28) e seguem at\u00e9 o dia 6 de janeiro de 2025 pela internet (clique aqui). O\u2026","rel":"","context":"In &quot;Not\u00edcias de Ribeir\u00e3o Preto-SP e Regi\u00e3o&quot;","block_context":{"text":"Not\u00edcias de Ribeir\u00e3o Preto-SP e Regi\u00e3o","link":"https:\/\/noticiasribeiraopreto.com.br\/index.php\/category\/noticias-de-ribeirao-preto-sp-e-regiao-ismael-colosi\/"},"img":{"alt_text":"","src":"https:\/\/i0.wp.com\/noticiasribeiraopreto.com.br\/wp-content\/uploads\/2024\/05\/AnyConv.com__concurso-publico-5.webp.webp?fit=1200%2C800&ssl=1&resize=350%2C200","width":350,"height":200,"srcset":"https:\/\/i0.wp.com\/noticiasribeiraopreto.com.br\/wp-content\/uploads\/2024\/05\/AnyConv.com__concurso-publico-5.webp.webp?fit=1200%2C800&ssl=1&resize=350%2C200 1x, https:\/\/i0.wp.com\/noticiasribeiraopreto.com.br\/wp-content\/uploads\/2024\/05\/AnyConv.com__concurso-publico-5.webp.webp?fit=1200%2C800&ssl=1&resize=525%2C300 1.5x, https:\/\/i0.wp.com\/noticiasribeiraopreto.com.br\/wp-content\/uploads\/2024\/05\/AnyConv.com__concurso-publico-5.webp.webp?fit=1200%2C800&ssl=1&resize=700%2C400 2x, https:\/\/i0.wp.com\/noticiasribeiraopreto.com.br\/wp-content\/uploads\/2024\/05\/AnyConv.com__concurso-publico-5.webp.webp?fit=1200%2C800&ssl=1&resize=1050%2C600 3x"},"classes":[]},{"id":57988,"url":"https:\/\/noticiasribeiraopreto.com.br\/index.php\/2024\/09\/16\/camara-no-interior-de-sp-abre-concurso-publico-com-salarios-de-r-7-mil\/","url_meta":{"origin":9705,"position":2},"title":"C\u00e2mara no interior de SP abre concurso p\u00fablico com sal\u00e1rios de R$ 7 mil","author":"noticiasribeiraopreto.com.br","date":"16 de September de 2024","format":false,"excerpt":"A C\u00e2mara Municipal de S\u00e3o Sim\u00e3o, no interior de S\u00e3o Paulo, abriu concurso p\u00fablico com quatro vagas de n\u00edvel m\u00e9dio e superior, al\u00e9m de oportunidades para cadastro de reserva. Os sal\u00e1rios para as fun\u00e7\u00f5es variam entre R$ 3 mil e R$ 7 mil. As inscri\u00e7\u00f5es devem ser realizadas pela internet\u2026","rel":"","context":"In &quot;Not\u00edcias de Ribeir\u00e3o Preto-SP e Regi\u00e3o&quot;","block_context":{"text":"Not\u00edcias de Ribeir\u00e3o Preto-SP e Regi\u00e3o","link":"https:\/\/noticiasribeiraopreto.com.br\/index.php\/category\/noticias-de-ribeirao-preto-sp-e-regiao-ismael-colosi\/"},"img":{"alt_text":"","src":"https:\/\/i0.wp.com\/noticiasribeiraopreto.com.br\/wp-content\/uploads\/2024\/08\/concurso-publico-ribeirao-preto_2024-08-13_10-44-40_jpg_2024-08-13_10-44-40.webp.webp?fit=1200%2C800&ssl=1&resize=350%2C200","width":350,"height":200,"srcset":"https:\/\/i0.wp.com\/noticiasribeiraopreto.com.br\/wp-content\/uploads\/2024\/08\/concurso-publico-ribeirao-preto_2024-08-13_10-44-40_jpg_2024-08-13_10-44-40.webp.webp?fit=1200%2C800&ssl=1&resize=350%2C200 1x, https:\/\/i0.wp.com\/noticiasribeiraopreto.com.br\/wp-content\/uploads\/2024\/08\/concurso-publico-ribeirao-preto_2024-08-13_10-44-40_jpg_2024-08-13_10-44-40.webp.webp?fit=1200%2C800&ssl=1&resize=525%2C300 1.5x, https:\/\/i0.wp.com\/noticiasribeiraopreto.com.br\/wp-content\/uploads\/2024\/08\/concurso-publico-ribeirao-preto_2024-08-13_10-44-40_jpg_2024-08-13_10-44-40.webp.webp?fit=1200%2C800&ssl=1&resize=700%2C400 2x, https:\/\/i0.wp.com\/noticiasribeiraopreto.com.br\/wp-content\/uploads\/2024\/08\/concurso-publico-ribeirao-preto_2024-08-13_10-44-40_jpg_2024-08-13_10-44-40.webp.webp?fit=1200%2C800&ssl=1&resize=1050%2C600 3x"},"classes":[]},{"id":59675,"url":"https:\/\/noticiasribeiraopreto.com.br\/index.php\/2024\/10\/28\/camara-no-interior-de-sp-abre-concurso-publico-com-salarios-de-r-4-mil-3\/","url_meta":{"origin":9705,"position":3},"title":"C\u00e2mara no interior de SP abre concurso p\u00fablico com sal\u00e1rios de R$ 4 mil","author":"noticiasribeiraopreto.com.br","date":"28 de October de 2024","format":false,"excerpt":"A C\u00e2mara Municipal de Barretos, no interior de S\u00e3o Paulo, publicou edital de concurso p\u00fablico com quatro vagas de n\u00edvel m\u00e9dio e t\u00e9cnico e sal\u00e1rios de R$ 4.869,26. Al\u00e9m dos sal\u00e1rios, os aprovados no concurso p\u00fablico ter\u00e3o direito ao vale-alimenta\u00e7\u00e3o de R$ 1.171,48. As inscri\u00e7\u00f5es devem ser realizadas pela internet\u2026","rel":"","context":"In &quot;Not\u00edcias de Ribeir\u00e3o Preto-SP e Regi\u00e3o&quot;","block_context":{"text":"Not\u00edcias de Ribeir\u00e3o Preto-SP e Regi\u00e3o","link":"https:\/\/noticiasribeiraopreto.com.br\/index.php\/category\/noticias-de-ribeirao-preto-sp-e-regiao-ismael-colosi\/"},"img":{"alt_text":"","src":"https:\/\/i0.wp.com\/noticiasribeiraopreto.com.br\/wp-content\/uploads\/2024\/10\/concurso-publico-6_2024-08-26_18-49-03_jpg_2024-08-26_18-49-03.webp.webp?fit=1200%2C800&ssl=1&resize=350%2C200","width":350,"height":200,"srcset":"https:\/\/i0.wp.com\/noticiasribeiraopreto.com.br\/wp-content\/uploads\/2024\/10\/concurso-publico-6_2024-08-26_18-49-03_jpg_2024-08-26_18-49-03.webp.webp?fit=1200%2C800&ssl=1&resize=350%2C200 1x, https:\/\/i0.wp.com\/noticiasribeiraopreto.com.br\/wp-content\/uploads\/2024\/10\/concurso-publico-6_2024-08-26_18-49-03_jpg_2024-08-26_18-49-03.webp.webp?fit=1200%2C800&ssl=1&resize=525%2C300 1.5x, https:\/\/i0.wp.com\/noticiasribeiraopreto.com.br\/wp-content\/uploads\/2024\/10\/concurso-publico-6_2024-08-26_18-49-03_jpg_2024-08-26_18-49-03.webp.webp?fit=1200%2C800&ssl=1&resize=700%2C400 2x, https:\/\/i0.wp.com\/noticiasribeiraopreto.com.br\/wp-content\/uploads\/2024\/10\/concurso-publico-6_2024-08-26_18-49-03_jpg_2024-08-26_18-49-03.webp.webp?fit=1200%2C800&ssl=1&resize=1050%2C600 3x"},"classes":[]},{"id":56176,"url":"https:\/\/noticiasribeiraopreto.com.br\/index.php\/2024\/08\/10\/camara-no-interior-de-sp-abre-concurso-publico-com-salarios-de-r-4-mil-2\/","url_meta":{"origin":9705,"position":4},"title":"C\u00e2mara no interior de SP abre concurso p\u00fablico com sal\u00e1rios de R$ 4 mil","author":"noticiasribeiraopreto.com.br","date":"10 de August de 2024","format":false,"excerpt":"A C\u00e2mara Municipal de Restinga, no interior de S\u00e3o Paulo, abriu concurso p\u00fablico com quatro vagas e sal\u00e1rios que variam entre R$ 2 mil e R$ 4,2 mil. As vagas s\u00e3o de n\u00edvel m\u00e9dio e superior. As inscri\u00e7\u00f5es devem ser realizadas pela internet (clique aqui) no per\u00edodo entre 12 de\u2026","rel":"","context":"In &quot;Not\u00edcias de Ribeir\u00e3o Preto-SP e Regi\u00e3o&quot;","block_context":{"text":"Not\u00edcias de Ribeir\u00e3o Preto-SP e Regi\u00e3o","link":"https:\/\/noticiasribeiraopreto.com.br\/index.php\/category\/noticias-de-ribeirao-preto-sp-e-regiao-ismael-colosi\/"},"img":{"alt_text":"","src":"https:\/\/i0.wp.com\/noticiasribeiraopreto.com.br\/wp-content\/uploads\/2024\/08\/1723312149_prova-concurso-publico-3.jpg?fit=1200%2C800&ssl=1&resize=350%2C200","width":350,"height":200,"srcset":"https:\/\/i0.wp.com\/noticiasribeiraopreto.com.br\/wp-content\/uploads\/2024\/08\/1723312149_prova-concurso-publico-3.jpg?fit=1200%2C800&ssl=1&resize=350%2C200 1x, https:\/\/i0.wp.com\/noticiasribeiraopreto.com.br\/wp-content\/uploads\/2024\/08\/1723312149_prova-concurso-publico-3.jpg?fit=1200%2C800&ssl=1&resize=525%2C300 1.5x, https:\/\/i0.wp.com\/noticiasribeiraopreto.com.br\/wp-content\/uploads\/2024\/08\/1723312149_prova-concurso-publico-3.jpg?fit=1200%2C800&ssl=1&resize=700%2C400 2x, https:\/\/i0.wp.com\/noticiasribeiraopreto.com.br\/wp-content\/uploads\/2024\/08\/1723312149_prova-concurso-publico-3.jpg?fit=1200%2C800&ssl=1&resize=1050%2C600 3x"},"classes":[]},{"id":79257,"url":"https:\/\/noticiasribeiraopreto.com.br\/index.php\/2025\/10\/28\/camara-no-interior-de-sp-abre-concurso-publico-com-salarios-de-r-83-mil\/","url_meta":{"origin":9705,"position":5},"title":"C\u00e2mara no interior de SP abre concurso p\u00fablico com sal\u00e1rios de R$ 8,3 mil","author":"noticiasribeiraopreto.com.br","date":"28 de October de 2025","format":false,"excerpt":"A C\u00e2mara de Miguel\u00f3polis, no interior de S\u00e3o Paulo, publicou edital de concurso p\u00fablico com duas vagas e sal\u00e1rios que variam entre R$ 4.111,89 e R$ 8.354,93. As vagas s\u00e3o de n\u00edvel m\u00e9dio e superior, com jornadas de 30 horas semanais. As inscri\u00e7\u00f5es para o concurso p\u00fablico devem ser realizadas\u2026","rel":"","context":"In &quot;Not\u00edcias de Ribeir\u00e3o Preto-SP e Regi\u00e3o&quot;","block_context":{"text":"Not\u00edcias de Ribeir\u00e3o Preto-SP e Regi\u00e3o","link":"https:\/\/noticiasribeiraopreto.com.br\/index.php\/category\/noticias-de-ribeirao-preto-sp-e-regiao-ismael-colosi\/"},"img":{"alt_text":"","src":"https:\/\/i0.wp.com\/noticiasribeiraopreto.com.br\/wp-content\/uploads\/2025\/07\/concurso-publico_2025-07-09_13-50-45.webp.webp?fit=1200%2C798&ssl=1&resize=350%2C200","width":350,"height":200,"srcset":"https:\/\/i0.wp.com\/noticiasribeiraopreto.com.br\/wp-content\/uploads\/2025\/07\/concurso-publico_2025-07-09_13-50-45.webp.webp?fit=1200%2C798&ssl=1&resize=350%2C200 1x, https:\/\/i0.wp.com\/noticiasribeiraopreto.com.br\/wp-content\/uploads\/2025\/07\/concurso-publico_2025-07-09_13-50-45.webp.webp?fit=1200%2C798&ssl=1&resize=525%2C300 1.5x, https:\/\/i0.wp.com\/noticiasribeiraopreto.com.br\/wp-content\/uploads\/2025\/07\/concurso-publico_2025-07-09_13-50-45.webp.webp?fit=1200%2C798&ssl=1&resize=700%2C400 2x, https:\/\/i0.wp.com\/noticiasribeiraopreto.com.br\/wp-content\/uploads\/2025\/07\/concurso-publico_2025-07-09_13-50-45.webp.webp?fit=1200%2C798&ssl=1&resize=1050%2C600 3x"},"classes":[]}],"jetpack_sharing_enabled":true,"jetpack_shortlink":"https:\/\/wp.me\/peQAOb-2wx","_links":{"self":[{"href":"https:\/\/noticiasribeiraopreto.com.br\/index.php\/wp-json\/wp\/v2\/posts\/9705","targetHints":{"allow":["GET"]}}],"collection":[{"href":"https:\/\/noticiasribeiraopreto.com.br\/index.php\/wp-json\/wp\/v2\/posts"}],"about":[{"href":"https:\/\/noticiasribeiraopreto.com.br\/index.php\/wp-json\/wp\/v2\/types\/post"}],"author":[{"embeddable":true,"href":"https:\/\/noticiasribeiraopreto.com.br\/index.php\/wp-json\/wp\/v2\/users\/1"}],"replies":[{"embeddable":true,"href":"https:\/\/noticiasribeiraopreto.com.br\/index.php\/wp-json\/wp\/v2\/comments?post=9705"}],"version-history":[{"count":0,"href":"https:\/\/noticiasribeiraopreto.com.br\/index.php\/wp-json\/wp\/v2\/posts\/9705\/revisions"}],"wp:featuredmedia":[{"embeddable":true,"href":"https:\/\/noticiasribeiraopreto.com.br\/index.php\/wp-json\/wp\/v2\/media\/9706"}],"wp:attachment":[{"href":"https:\/\/noticiasribeiraopreto.com.br\/index.php\/wp-json\/wp\/v2\/media?parent=9705"}],"wp:term":[{"taxonomy":"category","embeddable":true,"href":"https:\/\/noticiasribeiraopreto.com.br\/index.php\/wp-json\/wp\/v2\/categories?post=9705"},{"taxonomy":"post_tag","embeddable":true,"href":"https:\/\/noticiasribeiraopreto.com.br\/index.php\/wp-json\/wp\/v2\/tags?post=9705"}],"curies":[{"name":"wp","href":"https:\/\/api.w.org\/{rel}","templated":true}]}}