{"id":9715,"date":"2023-12-02T18:06:04","date_gmt":"2023-12-02T21:06:04","guid":{"rendered":"https:\/\/noticiasribeiraopreto.com.br\/index.php\/2023\/12\/02\/estes-sinais-indicam-problema-na-tireoide\/"},"modified":"2023-12-02T18:06:04","modified_gmt":"2023-12-02T21:06:04","slug":"estes-sinais-indicam-problema-na-tireoide","status":"publish","type":"post","link":"https:\/\/noticiasribeiraopreto.com.br\/index.php\/2023\/12\/02\/estes-sinais-indicam-problema-na-tireoide\/","title":{"rendered":"estes sinais indicam problema na tireoide"},"content":{"rendered":"<div class='code-block code-block-1' style='margin: 8px 0 8px auto; text-align: right; display: block; clear: both;'>\n<p><a href=\"https:\/\/wa.link\/vpicfd\"><img data-recalc-dims=\"1\" class=\"wp-image-4922\" style=\"aspect-ratio: 2.0253164556962027; width: 561px; height: auto;\" src=\"https:\/\/i0.wp.com\/ismaelcolosi.com.br\/wp-content\/uploads\/2023\/11\/grupo-de-empregos-whatsapp-e-facebook-ismael-colosi-vagas.jpg?ssl=1\" alt=\"\" \/><\/a><\/p>\n<!-- \/wp:image -->\n<\/div>\n<p> <br \/>\n<\/p>\n<div>\n<div id=\"attachment_2314829\" class=\"wp-caption alignnone\">\n<div class=\"d-flex justify-content-center\" data-attachment-id=\"2314829\">\n<div class=\"position-relative d-inline-block\"><img data-recalc-dims=\"1\" data-portal-copyright=\"Getty Images\" fetchpriority=\"high\" decoding=\"async\" class=\"size-full wp-image-2314829\" src=\"https:\/\/i0.wp.com\/catracalivre.com.br\/wp-content\/uploads\/2023\/11\/istock-1311222514.jpg?resize=1254%2C836&#038;ssl=1\" alt=\"Hipertireoidismo est\u00e1 associado uma s\u00e9rie de sinais e sintomas, que incluem a sensa\u00e7\u00e3o de calor excessivo e transpira\u00e7\u00e3o em excesso \u2013 iStock\/Getty Images\" width=\"1254\" height=\"836\" srcset=\"https:\/\/catracalivre.com.br\/wp-content\/uploads\/2023\/11\/istock-1311222514.jpg 1254w, https:\/\/catracalivre.com.br\/wp-content\/uploads\/2023\/11\/istock-1311222514-450x300.jpg 450w, https:\/\/catracalivre.com.br\/wp-content\/uploads\/2023\/11\/istock-1311222514-768x512.jpg 768w\" sizes=\"(max-width: 1254px) 100vw, 1254px\"\/><\/p>\n<p>Cr\u00e9ditos: Getty Images<\/p>\n<\/div>\n<\/div>\n<p><span class=\"post-imagem__legenda\">Hipertireoidismo est\u00e1 associado uma s\u00e9rie de sinais e sintomas, que incluem a sensa\u00e7\u00e3o de calor excessivo e transpira\u00e7\u00e3o em excesso \u2013 iStock\/Getty Images<\/span><\/p>\n<\/div>\n<p>Condi\u00e7\u00e3o que afeta a tireoide, o hipertireoidismo afeta uma gl\u00e2ndula vital que regula o funcionamento de \u00f3rg\u00e3os importantes como o <strong><a href=\"https:\/\/catracalivre.com.br\/equilibre-se\/infografico-oferece-dicas-para-cuidar-da-saude-do-seu-coracao\/\" target=\"_blank\" rel=\"noopener\">cora\u00e7\u00e3o<\/a><\/strong>, c\u00e9rebro, f\u00edgado e os rins.<\/p>\n<p>Muitas s\u00e3o as causas associadas ao hipertireoidismo, como o excesso de iodo em alguns medicamentos, o surgimento de n\u00f3dulos na gl\u00e2ndula tireoide, o funcionamento acelerado da tireoide ou a ingest\u00e3o de<strong><a href=\"https:\/\/www.gov.br\/saude\/pt-br\/assuntos\/noticias\/2022\/maio\/informacao-e-conscientizacao-ministerio-da-saude-alerta-sobre-alteracoes-na-tireoide\" target=\"_blank\" rel=\"noopener\"> horm\u00f4nios tireoidianos<\/a><\/strong>.<\/p>\n<p>Segundo especialistas, essa condi\u00e7\u00e3o acontece por conta da produ\u00e7\u00e3o excessiva dos horm\u00f4nios tireoidianos T3 e T4, levando a uma s\u00e9rie de sintomas, que incluem a sensa\u00e7\u00e3o de calor excessivo e transpira\u00e7\u00e3o em excesso.<\/p>\n<h2>Sinais de alerta para o hipertireoidismo<\/h2>\n<p>Confundidos muitas vezes com outras condi\u00e7\u00f5es de sa\u00fade, a sensa\u00e7\u00e3o de calor excessivo e a transpira\u00e7\u00e3o intensa s\u00e3o sintomas comuns do hipertireoidismo.<\/p>\n<p>Isso porque o aumento do metabolismo, causado pelos horm\u00f4nios tireoidianos em excesso, estimula o corpo produzir mais calor, resultando em uma sensa\u00e7\u00e3o de maior temperatura constante, mesmo em ambientes com temperaturas amenas.<\/p>\n<p>Outra resposta do corpo provocada pelo hipertireoidismo \u00e9 a transpira\u00e7\u00e3o excessiva, causada pelo esfor\u00e7o para manter a temperatura corporal em equil\u00edbrio.<\/p>\n<h2>Outros sintomas<\/h2>\n<p>Segundo o Minist\u00e9rio da Sa\u00fade, o hipertireoidismo apresenta uma s\u00e9rie de outros sintomas que podem indicar a presen\u00e7a da doen\u00e7a:<\/p>\n<ul>\n<li>Um dos sintomas mais frequentes da Doen\u00e7a de Graves ocorre nos olhos. Podem ocorrer dor na movimenta\u00e7\u00e3o, inc\u00f4modo com a luz, olhos vermelhos e saltados;<\/li>\n<li>Nervosismo, ansiedade e irrita\u00e7\u00e3o, assim como m\u00e3os tr\u00eamulas e suor nas m\u00e3os;<\/li>\n<li>Podem ocorrer de perda de apetite, intoler\u00e2ncia a temperaturas quentes, intestino solto, fraqueza nos m\u00fasculos, queda de cabelo, perda de c\u00e1lcio nos ossos;<\/li>\n<li>Aumento do volume da tireoide;<br \/>Ins\u00f4nia;<\/li>\n<li>Perda de peso resultante da queima de m\u00fasculos e prote\u00ednas.<\/li>\n<\/ul>\n<h2>Diagn\u00f3stico<\/h2>\n<p>O diagn\u00f3stico do hipertireoidismo \u00e9 realizado atrav\u00e9s de exames de sangue, que avaliam os n\u00edveis dos horm\u00f4nios tireoidianos T3 e T4, geralmente elevados, e do horm\u00f4nio regulador da tireoide, o TSH, que normalmente est\u00e1 suprimido.<\/p>\n<h2>Tratamento<\/h2>\n<p>O tratamento do hipertireoidismo \u00e9 orientado pelo endocrinologista e depende das causas espec\u00edficas da doen\u00e7a em cada paciente.\u00a0Assim, pode incluir o uso de medicamentos antitireoidianos para bloquear a produ\u00e7\u00e3o excessiva de horm\u00f4nios, tratamento com iodo radioativo ou at\u00e9 mesmo cirurgia. O acompanhamento m\u00e9dico \u00e9 essencial, com dosagens hormonais verificadas periodicamente para garantir a efic\u00e1cia do tratamento.<\/p>\n<\/div>\n<p><script>\n\t\t! function(f, b, e, v, n, t, s) {\n\t\t\tif (f.fbq) return;\n\t\t\tn = f.fbq = function() {\n\t\t\t\tn.callMethod ?\n\t\t\t\t\tn.callMethod.apply(n, arguments) : n.queue.push(arguments)\n\t\t\t};\n\t\t\tif (!f._fbq) f._fbq = n;\n\t\t\tn.push = n;\n\t\t\tn.loaded = !0;\n\t\t\tn.version = '2.0';\n\t\t\tn.queue = [];\n\t\t\tt = b.createElement(e);\n\t\t\tt.async = !0;\n\t\t\tt.src = v;\n\t\t\ts = b.getElementsByTagName(e)[0];\n\t\t\ts.parentNode.insertBefore(t, s)\n\t\t}(window, document, 'script',\n\t\t\t'https:\/\/connect.facebook.net\/en_US\/fbevents.js');\n\t\tfbq('init', '338315473262380');\n\t\tfbq('track', 'PageView');\n\t<\/script><br \/>\n<br \/><br \/>\n<br \/><a href=\"https:\/\/catracalivre.com.br\/saude-bem-estar\/hipertireoidismo-estes-sinais-indicam-problema-na-tireoide\/\">Source link <\/a><\/p>\n<!-- CONTENT END 1 -->\n","protected":false},"excerpt":{"rendered":"<p>Cr\u00e9ditos: Getty Images Hipertireoidismo est\u00e1 associado uma s\u00e9rie de sinais e sintomas, que incluem a sensa\u00e7\u00e3o de calor excessivo e transpira\u00e7\u00e3o em excesso \u2013 iStock\/Getty&#8230;<\/p>\n","protected":false},"author":1,"featured_media":9716,"comment_status":"open","ping_status":"open","sticky":false,"template":"","format":"standard","meta":{"advanced_seo_description":"","jetpack_seo_html_title":"","jetpack_seo_noindex":false,"jetpack_post_was_ever_published":false,"_jetpack_newsletter_access":"","_jetpack_dont_email_post_to_subs":false,"_jetpack_newsletter_tier_id":0,"_jetpack_memberships_contains_paywalled_content":false,"_jetpack_memberships_contains_paid_content":false,"footnotes":"","jetpack_publicize_message":"","jetpack_publicize_feature_enabled":true,"jetpack_social_post_already_shared":true,"jetpack_social_options":{"image_generator_settings":{"template":"highway","default_image_id":0,"font":"","enabled":false},"version":2}},"categories":[19],"tags":[],"class_list":["post-9715","post","type-post","status-publish","format-standard","has-post-thumbnail","hentry","category-variedades"],"jetpack_publicize_connections":[],"jetpack_featured_media_url":"https:\/\/i0.wp.com\/noticiasribeiraopreto.com.br\/wp-content\/uploads\/2023\/12\/istock-1311222514.jpg?fit=1200%2C638&ssl=1","jetpack-related-posts":[{"id":66428,"url":"https:\/\/noticiasribeiraopreto.com.br\/index.php\/2025\/04\/01\/mais-de-100-servidores-municipais-fazem-curso-de-lingua-de-sinais-para-atendimento-na-prefeitura-de-franca\/","url_meta":{"origin":9715,"position":0},"title":"Mais de 100 servidores municipais fazem curso de L\u00edngua de Sinais para atendimento na Prefeitura de Franca","author":"noticiasribeiraopreto.com.br","date":"1 de April de 2025","format":false,"excerpt":"A Prefeitura de Franca est\u00e1 oferecendo, gratuitamente, para 128 servidores de diferentes departamentos o curso de L\u00edngua de Sinais com aulas ministradas duas vezes por semana, \u00e0s segundas e quartas-feiras, pela professora Let\u00edcia de Souza Lima Veloso, no CEFAP (Centro de Forma\u00e7\u00e3o e Aperfei\u00e7oamento Profissional), localizado no bairro Cidade Nova.\u2026","rel":"","context":"In &quot;Not\u00edcias de Franca-SP&quot;","block_context":{"text":"Not\u00edcias de Franca-SP","link":"https:\/\/noticiasribeiraopreto.com.br\/index.php\/category\/noticias-de-ribeirao-preto-sp-e-regiao-ismael-colosi\/noticias-franca-sp\/"},"img":{"alt_text":"","src":"https:\/\/i0.wp.com\/noticiasribeiraopreto.com.br\/wp-content\/uploads\/2025\/04\/lingua_sinais-e1632402690788.jpg?fit=600%2C359&ssl=1&resize=350%2C200","width":350,"height":200,"srcset":"https:\/\/i0.wp.com\/noticiasribeiraopreto.com.br\/wp-content\/uploads\/2025\/04\/lingua_sinais-e1632402690788.jpg?fit=600%2C359&ssl=1&resize=350%2C200 1x, https:\/\/i0.wp.com\/noticiasribeiraopreto.com.br\/wp-content\/uploads\/2025\/04\/lingua_sinais-e1632402690788.jpg?fit=600%2C359&ssl=1&resize=525%2C300 1.5x"},"classes":[]},{"id":20135,"url":"https:\/\/noticiasribeiraopreto.com.br\/index.php\/2023\/12\/24\/atencao-estes-sao-os-sinais-de-demencia-que-pouca-gente-conhece\/","url_meta":{"origin":9715,"position":1},"title":"Aten\u00e7\u00e3o! Estes s\u00e3o os sinais de dem\u00eancia que pouca gente conhece","author":"noticiasribeiraopreto.com.br","date":"24 de December de 2023","format":false,"excerpt":"A dem\u00eancia \u00e9 uma condi\u00e7\u00e3o da sa\u00fade que vai al\u00e9m de simples esquecimentos e confus\u00f5es moment\u00e2neas. Trata-se de uma perda progressiva e relevante das fun\u00e7\u00f5es cognitivas, impactando \u00e1reas fundamentais como a mem\u00f3ria, o racioc\u00ednio, o pensamento e a linguagem. No entanto, alguns dos sinais mais expressivos dessa situa\u00e7\u00e3o s\u00e3o pouco\u2026","rel":"","context":"In &quot;Variedades&quot;","block_context":{"text":"Variedades","link":"https:\/\/noticiasribeiraopreto.com.br\/index.php\/category\/variedades\/"},"img":{"alt_text":"","src":"https:\/\/i0.wp.com\/noticiasribeiraopreto.com.br\/wp-content\/uploads\/2023\/12\/depositphotos-232757040-xl-scaled.jpg?fit=1200%2C638&ssl=1&resize=350%2C200","width":350,"height":200,"srcset":"https:\/\/i0.wp.com\/noticiasribeiraopreto.com.br\/wp-content\/uploads\/2023\/12\/depositphotos-232757040-xl-scaled.jpg?fit=1200%2C638&ssl=1&resize=350%2C200 1x, https:\/\/i0.wp.com\/noticiasribeiraopreto.com.br\/wp-content\/uploads\/2023\/12\/depositphotos-232757040-xl-scaled.jpg?fit=1200%2C638&ssl=1&resize=525%2C300 1.5x, https:\/\/i0.wp.com\/noticiasribeiraopreto.com.br\/wp-content\/uploads\/2023\/12\/depositphotos-232757040-xl-scaled.jpg?fit=1200%2C638&ssl=1&resize=700%2C400 2x, https:\/\/i0.wp.com\/noticiasribeiraopreto.com.br\/wp-content\/uploads\/2023\/12\/depositphotos-232757040-xl-scaled.jpg?fit=1200%2C638&ssl=1&resize=1050%2C600 3x"},"classes":[]},{"id":20526,"url":"https:\/\/noticiasribeiraopreto.com.br\/index.php\/2023\/12\/25\/7-sinais-de-alerta-para-a-doenca\/","url_meta":{"origin":9715,"position":2},"title":"7 sinais de alerta para a doen\u00e7a","author":"noticiasribeiraopreto.com.br","date":"25 de December de 2023","format":false,"excerpt":"Cr\u00e9ditos: Getty Images\/iStockphotoO tumor de f\u00edgado \u00e9 a terceira principal causa de morte por c\u00e2ncer em todo o mundo. Veja os sinais \u2013 iStock\/Getty Images Conhecido como carcinoma hepatocelular, o c\u00e2ncer de f\u00edgado \u00e9 uma condi\u00e7\u00e3o de sa\u00fade s\u00e9ria que afeta as c\u00e9lulas do \u00f3rg\u00e3o. A doen\u00e7a se divide em\u2026","rel":"","context":"In &quot;Variedades&quot;","block_context":{"text":"Variedades","link":"https:\/\/noticiasribeiraopreto.com.br\/index.php\/category\/variedades\/"},"img":{"alt_text":"","src":"https:\/\/i0.wp.com\/noticiasribeiraopreto.com.br\/wp-content\/uploads\/2023\/12\/istock-1345447265-1.jpg?fit=1200%2C638&ssl=1&resize=350%2C200","width":350,"height":200,"srcset":"https:\/\/i0.wp.com\/noticiasribeiraopreto.com.br\/wp-content\/uploads\/2023\/12\/istock-1345447265-1.jpg?fit=1200%2C638&ssl=1&resize=350%2C200 1x, https:\/\/i0.wp.com\/noticiasribeiraopreto.com.br\/wp-content\/uploads\/2023\/12\/istock-1345447265-1.jpg?fit=1200%2C638&ssl=1&resize=525%2C300 1.5x, https:\/\/i0.wp.com\/noticiasribeiraopreto.com.br\/wp-content\/uploads\/2023\/12\/istock-1345447265-1.jpg?fit=1200%2C638&ssl=1&resize=700%2C400 2x, https:\/\/i0.wp.com\/noticiasribeiraopreto.com.br\/wp-content\/uploads\/2023\/12\/istock-1345447265-1.jpg?fit=1200%2C638&ssl=1&resize=1050%2C600 3x"},"classes":[]},{"id":18327,"url":"https:\/\/noticiasribeiraopreto.com.br\/index.php\/2023\/12\/20\/tres-sinais-na-pele-que-podem-indicar-doenca-cardiovascular\/","url_meta":{"origin":9715,"position":3},"title":"Tr\u00eas sinais na pele que podem indicar doen\u00e7a cardiovascular","author":"noticiasribeiraopreto.com.br","date":"20 de December de 2023","format":false,"excerpt":"Se n\u00e3o forem detectadas precocemente e tratadas, as doen\u00e7as cardiovasculares podem ser fatais. Portanto, detectar quaisquer sinais de alerta \u00e9 muito importante. Alguns dos sinais de doen\u00e7a card\u00edaca s\u00e3o bastante conhecidos, como dor no peito. No entanto, outros s\u00e3o menos. De acordo com um especialista, existem mais alguns sintomas inesperados\u2026","rel":"","context":"In &quot;Variedades&quot;","block_context":{"text":"Variedades","link":"https:\/\/noticiasribeiraopreto.com.br\/index.php\/category\/variedades\/"},"img":{"alt_text":"","src":"https:\/\/i0.wp.com\/noticiasribeiraopreto.com.br\/wp-content\/uploads\/2023\/12\/istock-174688223.jpg?fit=1200%2C638&ssl=1&resize=350%2C200","width":350,"height":200,"srcset":"https:\/\/i0.wp.com\/noticiasribeiraopreto.com.br\/wp-content\/uploads\/2023\/12\/istock-174688223.jpg?fit=1200%2C638&ssl=1&resize=350%2C200 1x, https:\/\/i0.wp.com\/noticiasribeiraopreto.com.br\/wp-content\/uploads\/2023\/12\/istock-174688223.jpg?fit=1200%2C638&ssl=1&resize=525%2C300 1.5x, https:\/\/i0.wp.com\/noticiasribeiraopreto.com.br\/wp-content\/uploads\/2023\/12\/istock-174688223.jpg?fit=1200%2C638&ssl=1&resize=700%2C400 2x, https:\/\/i0.wp.com\/noticiasribeiraopreto.com.br\/wp-content\/uploads\/2023\/12\/istock-174688223.jpg?fit=1200%2C638&ssl=1&resize=1050%2C600 3x"},"classes":[]},{"id":71670,"url":"https:\/\/noticiasribeiraopreto.com.br\/index.php\/2025\/06\/08\/jornal-da-franca-veja-os-sinais-silenciosos-dados-pelos-cachorros-quando-estao-ficando-doentes\/","url_meta":{"origin":9715,"position":4},"title":"Jornal da Franca &#8211; Veja os sinais silenciosos dados pelos cachorros quando est\u00e3o ficando doentes","author":"noticiasribeiraopreto.com.br","date":"8 de June de 2025","format":false,"excerpt":"compartilhar no whatsapp compartilhar no telegram compartilhar no facebook compartilhar no linkedin Especialista explica os sinais sutis que podem indicar doen\u00e7as em cachorros para voc\u00ea ficar de olho e cuidar bem do seu Sintomas como tosse leve, perda de apetite espor\u00e1dica e sonol\u00eancia fora do habitual podem passar despercebidos em\u2026","rel":"","context":"In &quot;Not\u00edcias de Franca-SP&quot;","block_context":{"text":"Not\u00edcias de Franca-SP","link":"https:\/\/noticiasribeiraopreto.com.br\/index.php\/category\/noticias-de-ribeirao-preto-sp-e-regiao-ismael-colosi\/noticias-franca-sp\/"},"img":{"alt_text":"","src":"https:\/\/i0.wp.com\/noticiasribeiraopreto.com.br\/wp-content\/uploads\/2025\/06\/freepik__the-style-is-candid-image-photography-with-natural__46519.jpeg?fit=1200%2C686&ssl=1&resize=350%2C200","width":350,"height":200,"srcset":"https:\/\/i0.wp.com\/noticiasribeiraopreto.com.br\/wp-content\/uploads\/2025\/06\/freepik__the-style-is-candid-image-photography-with-natural__46519.jpeg?fit=1200%2C686&ssl=1&resize=350%2C200 1x, https:\/\/i0.wp.com\/noticiasribeiraopreto.com.br\/wp-content\/uploads\/2025\/06\/freepik__the-style-is-candid-image-photography-with-natural__46519.jpeg?fit=1200%2C686&ssl=1&resize=525%2C300 1.5x, https:\/\/i0.wp.com\/noticiasribeiraopreto.com.br\/wp-content\/uploads\/2025\/06\/freepik__the-style-is-candid-image-photography-with-natural__46519.jpeg?fit=1200%2C686&ssl=1&resize=700%2C400 2x, https:\/\/i0.wp.com\/noticiasribeiraopreto.com.br\/wp-content\/uploads\/2025\/06\/freepik__the-style-is-candid-image-photography-with-natural__46519.jpeg?fit=1200%2C686&ssl=1&resize=1050%2C600 3x"},"classes":[]},{"id":19770,"url":"https:\/\/noticiasribeiraopreto.com.br\/index.php\/2023\/12\/23\/10-sinais-de-alerta-de-desidratacao-descubra-os-sintomas\/","url_meta":{"origin":9715,"position":5},"title":"10 sinais de alerta de desidrata\u00e7\u00e3o; descubra os sintomas","author":"noticiasribeiraopreto.com.br","date":"23 de December de 2023","format":false,"excerpt":"Cr\u00e9ditos: iStock\/PraewBlackWhileQuando ocorre a elimina\u00e7\u00e3o de l\u00edquido, o corpo reage por meio de uma s\u00e9rie de sintomas e d\u00e1 sinais de desidrata\u00e7\u00e3o \u2013 iStock\/Getty Images Em dias muito quentes, \u00e9 comum que o nosso corpo indique alguns sinais de desidrata\u00e7\u00e3o, principalmente nos idosos que sentem menos sede. Justamente por isso\u2026","rel":"","context":"In &quot;Variedades&quot;","block_context":{"text":"Variedades","link":"https:\/\/noticiasribeiraopreto.com.br\/index.php\/category\/variedades\/"},"img":{"alt_text":"","src":"https:\/\/i0.wp.com\/noticiasribeiraopreto.com.br\/wp-content\/uploads\/2023\/12\/istock-1073787222.jpg?fit=1200%2C638&ssl=1&resize=350%2C200","width":350,"height":200,"srcset":"https:\/\/i0.wp.com\/noticiasribeiraopreto.com.br\/wp-content\/uploads\/2023\/12\/istock-1073787222.jpg?fit=1200%2C638&ssl=1&resize=350%2C200 1x, https:\/\/i0.wp.com\/noticiasribeiraopreto.com.br\/wp-content\/uploads\/2023\/12\/istock-1073787222.jpg?fit=1200%2C638&ssl=1&resize=525%2C300 1.5x, https:\/\/i0.wp.com\/noticiasribeiraopreto.com.br\/wp-content\/uploads\/2023\/12\/istock-1073787222.jpg?fit=1200%2C638&ssl=1&resize=700%2C400 2x, https:\/\/i0.wp.com\/noticiasribeiraopreto.com.br\/wp-content\/uploads\/2023\/12\/istock-1073787222.jpg?fit=1200%2C638&ssl=1&resize=1050%2C600 3x"},"classes":[]}],"jetpack_sharing_enabled":true,"jetpack_shortlink":"https:\/\/wp.me\/peQAOb-2wH","_links":{"self":[{"href":"https:\/\/noticiasribeiraopreto.com.br\/index.php\/wp-json\/wp\/v2\/posts\/9715","targetHints":{"allow":["GET"]}}],"collection":[{"href":"https:\/\/noticiasribeiraopreto.com.br\/index.php\/wp-json\/wp\/v2\/posts"}],"about":[{"href":"https:\/\/noticiasribeiraopreto.com.br\/index.php\/wp-json\/wp\/v2\/types\/post"}],"author":[{"embeddable":true,"href":"https:\/\/noticiasribeiraopreto.com.br\/index.php\/wp-json\/wp\/v2\/users\/1"}],"replies":[{"embeddable":true,"href":"https:\/\/noticiasribeiraopreto.com.br\/index.php\/wp-json\/wp\/v2\/comments?post=9715"}],"version-history":[{"count":0,"href":"https:\/\/noticiasribeiraopreto.com.br\/index.php\/wp-json\/wp\/v2\/posts\/9715\/revisions"}],"wp:featuredmedia":[{"embeddable":true,"href":"https:\/\/noticiasribeiraopreto.com.br\/index.php\/wp-json\/wp\/v2\/media\/9716"}],"wp:attachment":[{"href":"https:\/\/noticiasribeiraopreto.com.br\/index.php\/wp-json\/wp\/v2\/media?parent=9715"}],"wp:term":[{"taxonomy":"category","embeddable":true,"href":"https:\/\/noticiasribeiraopreto.com.br\/index.php\/wp-json\/wp\/v2\/categories?post=9715"},{"taxonomy":"post_tag","embeddable":true,"href":"https:\/\/noticiasribeiraopreto.com.br\/index.php\/wp-json\/wp\/v2\/tags?post=9715"}],"curies":[{"name":"wp","href":"https:\/\/api.w.org\/{rel}","templated":true}]}}