{"id":9719,"date":"2023-12-02T18:00:21","date_gmt":"2023-12-02T21:00:21","guid":{"rendered":"https:\/\/noticiasribeiraopreto.com.br\/index.php\/2023\/12\/02\/jovens-de-15-anos-podem-solicitar-o-titulo-de-eleitor\/"},"modified":"2023-12-02T18:00:21","modified_gmt":"2023-12-02T21:00:21","slug":"jovens-de-15-anos-podem-solicitar-o-titulo-de-eleitor","status":"publish","type":"post","link":"https:\/\/noticiasribeiraopreto.com.br\/index.php\/2023\/12\/02\/jovens-de-15-anos-podem-solicitar-o-titulo-de-eleitor\/","title":{"rendered":"Jovens de 15 anos podem solicitar o t\u00edtulo de eleitor"},"content":{"rendered":"<div class='code-block code-block-1' style='margin: 8px 0 8px auto; text-align: right; display: block; clear: both;'>\n<p><a href=\"https:\/\/wa.link\/vpicfd\"><img data-recalc-dims=\"1\" class=\"wp-image-4922\" style=\"aspect-ratio: 2.0253164556962027; width: 561px; height: auto;\" src=\"https:\/\/i0.wp.com\/ismaelcolosi.com.br\/wp-content\/uploads\/2023\/11\/grupo-de-empregos-whatsapp-e-facebook-ismael-colosi-vagas.jpg?ssl=1\" alt=\"\" \/><\/a><\/p>\n<!-- \/wp:image -->\n<\/div>\n<p> <br \/>\n<\/p>\n<div id=\"post-366013\">\n<header class=\"entry-header penci-entry-header penci-title-center\">\n<p> <span class=\"entry-meta-item penci-posted-on\"><i class=\"fa fa-clock-o\"\/><time class=\"entry-date published\" datetime=\"2023-12-02T18:00:21-03:00\">2 de dezembro de 2023 | 18:00<\/time><time class=\"updated\" datetime=\"2023-12-02T12:45:34-03:00\">2 de dezembro de 2023 | 12:45<\/time><\/span><\/p>\n<p> <span class=\"penci-social-buttons penci-social-share-footer\"><a href=\"#\" class=\"penci-post-like penci_post-meta_item  single-like-button penci-social-item like\" data-post_id=\"366013\" title=\"Like\" data-like=\"Like\" data-unlike=\"Unlike\"><i class=\"fa fa-thumbs-o-up\"\/><span class=\"penci-share-number\">0<\/span><\/a><i class=\"fa fa-facebook\"\/><a class=\"penci-social-item twitter\" target=\"_blank\" rel=\"noopener\" title=\"\" href=\"https:\/\/twitter.com\/intent\/tweet?text=Jovens%20de%2015%20anos%20podem%20solicitar%20o%20t\u00edtulo%20de%20eleitor%20-%20https:\/\/www.tribunaribeirao.com.br\/site\/jovens-de-15-anos-podem-solicitar-o-titulo-de-eleitor\/\"><i class=\"fa fa-twitter\"\/><\/a><i class=\"fa fa-whatsapp\"\/><\/span><\/header>\n<div class=\"penci-entry-content entry-content\">\n<div id=\"Corpo\">\n<p>Os jovens que j\u00e1 completaram 15 anos podem solicitar o seu t\u00edtulo de eleitor. Por meio do servi\u00e7o de autoatendimento do site do Tribunal Superior Eleitoral (TSE), os interessados devem selecionar a op\u00e7\u00e3o \u201cTire seu T\u00edtulo Eleitoral\u201d na p\u00e1gina eletr\u00f4nica da institui\u00e7\u00e3o, e preencher os campos indicados com seus dados pessoais. O sistema ainda vai solicitar o envio de pelo menos quatro fotografias para a comprova\u00e7\u00e3o da identidade do eleitor.<\/p>\n<p>Para agilizar o cadastro eleitoral e outros servi\u00e7os para as elei\u00e7\u00f5es do ano que vem, o TSE liberou o cadastro eleitoral dos jovens que j\u00e1 completaram 15 anos. Por\u00e9m, o documento emitido nessas condi\u00e7\u00f5es somente ter\u00e1 efeito quando o eleitor completar 16 anos, idade em que o artigo 14 da Constitui\u00e7\u00e3o Federal permite voto facultativo. A partir dos 18 anos, o voto se torna obrigat\u00f3rio.<\/p>\n<p>O TSE ainda informa que o prazo de solicita\u00e7\u00e3o ser\u00e1 encerrado no dia 8 de maio do ano que vem, 150 dias antes do pleito de outubro. Depois desta data, n\u00e3o ser\u00e3o permitidas novas inscri\u00e7\u00f5es eleitorais no cadastro, entre outros procedimentos.<\/p>\n<p>Nas Elei\u00e7\u00f5es de 2024, eleitoras e eleitores v\u00e3o decidir quem ser\u00e3o os prefeitos, os vice-prefeito e os vereadores de seus respectivos munic\u00edpios. O primeiro turno est\u00e1 marcado para o dia 6 de outubro. J\u00e1 o segundo turno, onde for necess\u00e1rio, para a escolha de prefeito em cidades com mais de 200 mil eleitores, ocorrer\u00e1 no dia 27 de outubro.<\/p>\n<\/div>\n<\/div>\n<footer class=\"penci-entry-footer\"\/><\/div>\n<p><script async src=\"\/\/platform.twitter.com\/widgets.js\" charset=\"utf-8\"><\/script><br \/>\n<br \/><br \/>\n<br \/><a href=\"https:\/\/www.tribunaribeirao.com.br\/site\/jovens-de-15-anos-podem-solicitar-o-titulo-de-eleitor\/\">Source link <\/a><\/p>\n<!-- CONTENT END 1 -->\n","protected":false},"excerpt":{"rendered":"<p>2 de dezembro de 2023 | 18:002 de dezembro de 2023 | 12:45 0 Os jovens que j\u00e1 completaram 15 anos podem solicitar o seu&#8230;<\/p>\n","protected":false},"author":1,"featured_media":9720,"comment_status":"open","ping_status":"open","sticky":false,"template":"","format":"standard","meta":{"advanced_seo_description":"","jetpack_seo_html_title":"","jetpack_seo_noindex":false,"jetpack_post_was_ever_published":false,"_jetpack_newsletter_access":"","_jetpack_dont_email_post_to_subs":false,"_jetpack_newsletter_tier_id":0,"_jetpack_memberships_contains_paywalled_content":false,"_jetpack_memberships_contains_paid_content":false,"footnotes":"","jetpack_publicize_message":"","jetpack_publicize_feature_enabled":true,"jetpack_social_post_already_shared":true,"jetpack_social_options":{"image_generator_settings":{"template":"highway","default_image_id":0,"font":"","enabled":false},"version":2}},"categories":[11],"tags":[84,1319,1242,1214,1317,1318],"class_list":["post-9719","post","type-post","status-publish","format-standard","has-post-thumbnail","hentry","category-noticias-de-ribeirao-preto-sp-e-regiao-ismael-colosi","tag-anos","tag-eleitor","tag-jovens","tag-podem","tag-solicitar","tag-titulo"],"jetpack_publicize_connections":[],"jetpack_featured_media_url":"https:\/\/i0.wp.com\/noticiasribeiraopreto.com.br\/wp-content\/uploads\/2023\/12\/titulo.jpeg?fit=620%2C300&ssl=1","jetpack-related-posts":[{"id":35233,"url":"https:\/\/noticiasribeiraopreto.com.br\/index.php\/2024\/02\/05\/veja-ate-quando-menores-de-idade-podem-solicitar-titulo-de-eleitor-on-line\/","url_meta":{"origin":9719,"position":0},"title":"Veja at\u00e9 quando menores de idade podem solicitar T\u00edtulo de Eleitor on-line","author":"noticiasribeiraopreto.com.br","date":"5 de February de 2024","format":false,"excerpt":"O TER-SP (Tribunal Eleitoral Regional de S\u00e3o Paulo) est\u00e1 divulgando em suas redes sociais oficiais, uma campanha para atrair jovens entre 15 e 16 anos para tirarem o T\u00edtulo de Eleitor. De acordo com o TER-SP, quem tiver 15 anos e completar 16 anos at\u00e9 o dia da elei\u00e7\u00e3o \u2013\u2026","rel":"","context":"In &quot;Not\u00edcias de Ribeir\u00e3o Preto-SP e Regi\u00e3o&quot;","block_context":{"text":"Not\u00edcias de Ribeir\u00e3o Preto-SP e Regi\u00e3o","link":"https:\/\/noticiasribeiraopreto.com.br\/index.php\/category\/noticias-de-ribeirao-preto-sp-e-regiao-ismael-colosi\/"},"img":{"alt_text":"","src":"https:\/\/i0.wp.com\/noticiasribeiraopreto.com.br\/wp-content\/uploads\/2024\/02\/WhatsApp-Image-2024-02-05-at-16.26.05.jpeg?fit=1170%2C700&ssl=1&resize=350%2C200","width":350,"height":200,"srcset":"https:\/\/i0.wp.com\/noticiasribeiraopreto.com.br\/wp-content\/uploads\/2024\/02\/WhatsApp-Image-2024-02-05-at-16.26.05.jpeg?fit=1170%2C700&ssl=1&resize=350%2C200 1x, https:\/\/i0.wp.com\/noticiasribeiraopreto.com.br\/wp-content\/uploads\/2024\/02\/WhatsApp-Image-2024-02-05-at-16.26.05.jpeg?fit=1170%2C700&ssl=1&resize=525%2C300 1.5x, https:\/\/i0.wp.com\/noticiasribeiraopreto.com.br\/wp-content\/uploads\/2024\/02\/WhatsApp-Image-2024-02-05-at-16.26.05.jpeg?fit=1170%2C700&ssl=1&resize=700%2C400 2x, https:\/\/i0.wp.com\/noticiasribeiraopreto.com.br\/wp-content\/uploads\/2024\/02\/WhatsApp-Image-2024-02-05-at-16.26.05.jpeg?fit=1170%2C700&ssl=1&resize=1050%2C600 3x"},"classes":[]},{"id":45399,"url":"https:\/\/noticiasribeiraopreto.com.br\/index.php\/2024\/04\/04\/jovens-de-16-a-18-anos-podem-tirar-1o-titulo-de-eleitor-ate-8-de-maio\/","url_meta":{"origin":9719,"position":1},"title":"Jovens de 16 a 18 anos podem tirar 1\u00ba t\u00edtulo de eleitor at\u00e9 8 de maio","author":"noticiasribeiraopreto.com.br","date":"4 de April de 2024","format":false,"excerpt":"Jovens de 16 a 18 anos que querem participar das elei\u00e7\u00f5es municipais deste ano t\u00eam at\u00e9 8 de maio para tirar o t\u00edtulo eleitoral, que habilita o cidad\u00e3o ou a cidad\u00e3 a exercer o direito do voto. Em outubro, as elei\u00e7\u00f5es ser\u00e3o para escolher os representantes que ocupar\u00e3o pelos pr\u00f3ximos\u2026","rel":"","context":"In &quot;Not\u00edcias de Ribeir\u00e3o Preto-SP e Regi\u00e3o&quot;","block_context":{"text":"Not\u00edcias de Ribeir\u00e3o Preto-SP e Regi\u00e3o","link":"https:\/\/noticiasribeiraopreto.com.br\/index.php\/category\/noticias-de-ribeirao-preto-sp-e-regiao-ismael-colosi\/"},"img":{"alt_text":"","src":"","width":0,"height":0},"classes":[]},{"id":84171,"url":"https:\/\/noticiasribeiraopreto.com.br\/index.php\/2026\/04\/03\/eleitor-tem-um-mes-para-regularizar-o-titulo-ou-mudar-local-de-votacao\/","url_meta":{"origin":9719,"position":2},"title":"Eleitor tem um m\u00eas para regularizar o t\u00edtulo ou mudar local de vota\u00e7\u00e3o","author":"noticiasribeiraopreto.com.br","date":"3 de April de 2026","format":false,"excerpt":"Ler o resumo da not\u00edcia Eleitor tem um m\u00eas para regularizar o t\u00edtulo ou mudar local de vota\u00e7\u00e3o O cidad\u00e3o que pretende tirar o t\u00edtulo de eleitor pela primeira vez ou alterar o local de vota\u00e7\u00e3o tem at\u00e9 o dia 6 de maio para regularizar suas pend\u00eancias na Justi\u00e7a Eleitoral.\u2026","rel":"","context":"In &quot;Not\u00edcias de Ribeir\u00e3o Preto-SP e Regi\u00e3o&quot;","block_context":{"text":"Not\u00edcias de Ribeir\u00e3o Preto-SP e Regi\u00e3o","link":"https:\/\/noticiasribeiraopreto.com.br\/index.php\/category\/noticias-de-ribeirao-preto-sp-e-regiao-ismael-colosi\/"},"img":{"alt_text":"","src":"https:\/\/i0.wp.com\/noticiasribeiraopreto.com.br\/wp-content\/uploads\/2024\/10\/votacao_2024-10-04_13-06-05_jpg_2024-10-04_13-06-05.webp.webp?fit=1170%2C700&ssl=1&resize=350%2C200","width":350,"height":200,"srcset":"https:\/\/i0.wp.com\/noticiasribeiraopreto.com.br\/wp-content\/uploads\/2024\/10\/votacao_2024-10-04_13-06-05_jpg_2024-10-04_13-06-05.webp.webp?fit=1170%2C700&ssl=1&resize=350%2C200 1x, https:\/\/i0.wp.com\/noticiasribeiraopreto.com.br\/wp-content\/uploads\/2024\/10\/votacao_2024-10-04_13-06-05_jpg_2024-10-04_13-06-05.webp.webp?fit=1170%2C700&ssl=1&resize=525%2C300 1.5x, https:\/\/i0.wp.com\/noticiasribeiraopreto.com.br\/wp-content\/uploads\/2024\/10\/votacao_2024-10-04_13-06-05_jpg_2024-10-04_13-06-05.webp.webp?fit=1170%2C700&ssl=1&resize=700%2C400 2x, https:\/\/i0.wp.com\/noticiasribeiraopreto.com.br\/wp-content\/uploads\/2024\/10\/votacao_2024-10-04_13-06-05_jpg_2024-10-04_13-06-05.webp.webp?fit=1170%2C700&ssl=1&resize=1050%2C600 3x"},"classes":[]},{"id":43000,"url":"https:\/\/noticiasribeiraopreto.com.br\/index.php\/2024\/03\/18\/justica-eleitoral-quer-incentivar-jovem-eleitor\/","url_meta":{"origin":9719,"position":3},"title":"Justi\u00e7a Eleitoral promove Semana do Jovem Eleitor","author":"noticiasribeiraopreto.com.br","date":"18 de March de 2024","format":false,"excerpt":"18 de mar\u00e7o de 2024 | 16:0018 de mar\u00e7o de 2024 | 12:41 0A Justi\u00e7a Eleitoral lan\u00e7ou nesta segunda-feira (18) a Semana do Jovem Eleitoral 2024, voltada a incentivar o alistamento eleitoral de jovens entre 15 e 17 anos, que n\u00e3o s\u00e3o obrigados, mas j\u00e1 podem votar nas elei\u00e7\u00f5es municipais\u2026","rel":"","context":"In &quot;Not\u00edcias de Ribeir\u00e3o Preto-SP e Regi\u00e3o&quot;","block_context":{"text":"Not\u00edcias de Ribeir\u00e3o Preto-SP e Regi\u00e3o","link":"https:\/\/noticiasribeiraopreto.com.br\/index.php\/category\/noticias-de-ribeirao-preto-sp-e-regiao-ismael-colosi\/"},"img":{"alt_text":"","src":"https:\/\/i0.wp.com\/noticiasribeiraopreto.com.br\/wp-content\/uploads\/2024\/03\/IMG_2381-JPG-scaled.jpg?fit=1000%2C562&ssl=1&resize=350%2C200","width":350,"height":200,"srcset":"https:\/\/i0.wp.com\/noticiasribeiraopreto.com.br\/wp-content\/uploads\/2024\/03\/IMG_2381-JPG-scaled.jpg?fit=1000%2C562&ssl=1&resize=350%2C200 1x, https:\/\/i0.wp.com\/noticiasribeiraopreto.com.br\/wp-content\/uploads\/2024\/03\/IMG_2381-JPG-scaled.jpg?fit=1000%2C562&ssl=1&resize=525%2C300 1.5x, https:\/\/i0.wp.com\/noticiasribeiraopreto.com.br\/wp-content\/uploads\/2024\/03\/IMG_2381-JPG-scaled.jpg?fit=1000%2C562&ssl=1&resize=700%2C400 2x"},"classes":[]},{"id":85319,"url":"https:\/\/noticiasribeiraopreto.com.br\/index.php\/2026\/04\/29\/mais-de-mil-adolescentes-pedem-o-titulo\/","url_meta":{"origin":9719,"position":4},"title":"Mais de mil adolescentes pedem o t\u00edtulo","author":"noticiasribeiraopreto.com.br","date":"29 de April de 2026","format":false,"excerpt":"Segundo dados do Tribunal Superior Eleitoral, 1.027 jovens da cidade com menos de 18 anos, solicitaram o documento nos tr\u00eas primeiros meses do ano Dados disponibilizados pelo portal do Tribunal Superior Eleitoral (TSE) revelam que 1.027 adolescentes de Ribeir\u00e3o Preto, com idades entre 16 e 17 anos, decidiram tirar o\u2026","rel":"","context":"In &quot;Not\u00edcias de Ribeir\u00e3o Preto-SP e Regi\u00e3o&quot;","block_context":{"text":"Not\u00edcias de Ribeir\u00e3o Preto-SP e Regi\u00e3o","link":"https:\/\/noticiasribeiraopreto.com.br\/index.php\/category\/noticias-de-ribeirao-preto-sp-e-regiao-ismael-colosi\/"},"img":{"alt_text":"","src":"https:\/\/i0.wp.com\/noticiasribeiraopreto.com.br\/wp-content\/uploads\/2026\/04\/EleitorRP-Tania-Rego-Ag.Br_.jpg?fit=1167%2C702&ssl=1&resize=350%2C200","width":350,"height":200,"srcset":"https:\/\/i0.wp.com\/noticiasribeiraopreto.com.br\/wp-content\/uploads\/2026\/04\/EleitorRP-Tania-Rego-Ag.Br_.jpg?fit=1167%2C702&ssl=1&resize=350%2C200 1x, https:\/\/i0.wp.com\/noticiasribeiraopreto.com.br\/wp-content\/uploads\/2026\/04\/EleitorRP-Tania-Rego-Ag.Br_.jpg?fit=1167%2C702&ssl=1&resize=525%2C300 1.5x, https:\/\/i0.wp.com\/noticiasribeiraopreto.com.br\/wp-content\/uploads\/2026\/04\/EleitorRP-Tania-Rego-Ag.Br_.jpg?fit=1167%2C702&ssl=1&resize=700%2C400 2x, https:\/\/i0.wp.com\/noticiasribeiraopreto.com.br\/wp-content\/uploads\/2026\/04\/EleitorRP-Tania-Rego-Ag.Br_.jpg?fit=1167%2C702&ssl=1&resize=1050%2C600 3x"},"classes":[]},{"id":41669,"url":"https:\/\/noticiasribeiraopreto.com.br\/index.php\/2024\/03\/10\/prazo-esta-acabando-veja-ate-quando-voce-pode-regularizar-o-titulo-de-eleitor\/","url_meta":{"origin":9719,"position":5},"title":"Prazo est\u00e1 acabando! Veja at\u00e9 quando voc\u00ea pode regularizar o t\u00edtulo de eleitor","author":"noticiasribeiraopreto.com.br","date":"10 de March de 2024","format":false,"excerpt":"O primeiro turno das elei\u00e7\u00f5es municipais de 2024 est\u00e1 marcado para o dia 6 de outubro. Por isso, os eleitores t\u00eam at\u00e9 o dia 8 de abril para regularizar a situa\u00e7\u00e3o eleitoral pelo autoatendimento pela internet. De acordo com o TSE (Tribunal Superior Eleitoral), Ribeir\u00e3o Preto tem 474.634 eleitores registrados,\u2026","rel":"","context":"In &quot;Not\u00edcias de Ribeir\u00e3o Preto-SP e Regi\u00e3o&quot;","block_context":{"text":"Not\u00edcias de Ribeir\u00e3o Preto-SP e Regi\u00e3o","link":"https:\/\/noticiasribeiraopreto.com.br\/index.php\/category\/noticias-de-ribeirao-preto-sp-e-regiao-ismael-colosi\/"},"img":{"alt_text":"","src":"https:\/\/i0.wp.com\/noticiasribeiraopreto.com.br\/wp-content\/uploads\/2024\/03\/AnyConv.com__titulo-eleitor.webp.webp?fit=717%2C409&ssl=1&resize=350%2C200","width":350,"height":200,"srcset":"https:\/\/i0.wp.com\/noticiasribeiraopreto.com.br\/wp-content\/uploads\/2024\/03\/AnyConv.com__titulo-eleitor.webp.webp?fit=717%2C409&ssl=1&resize=350%2C200 1x, https:\/\/i0.wp.com\/noticiasribeiraopreto.com.br\/wp-content\/uploads\/2024\/03\/AnyConv.com__titulo-eleitor.webp.webp?fit=717%2C409&ssl=1&resize=525%2C300 1.5x, https:\/\/i0.wp.com\/noticiasribeiraopreto.com.br\/wp-content\/uploads\/2024\/03\/AnyConv.com__titulo-eleitor.webp.webp?fit=717%2C409&ssl=1&resize=700%2C400 2x"},"classes":[]}],"jetpack_sharing_enabled":true,"jetpack_shortlink":"https:\/\/wp.me\/peQAOb-2wL","_links":{"self":[{"href":"https:\/\/noticiasribeiraopreto.com.br\/index.php\/wp-json\/wp\/v2\/posts\/9719","targetHints":{"allow":["GET"]}}],"collection":[{"href":"https:\/\/noticiasribeiraopreto.com.br\/index.php\/wp-json\/wp\/v2\/posts"}],"about":[{"href":"https:\/\/noticiasribeiraopreto.com.br\/index.php\/wp-json\/wp\/v2\/types\/post"}],"author":[{"embeddable":true,"href":"https:\/\/noticiasribeiraopreto.com.br\/index.php\/wp-json\/wp\/v2\/users\/1"}],"replies":[{"embeddable":true,"href":"https:\/\/noticiasribeiraopreto.com.br\/index.php\/wp-json\/wp\/v2\/comments?post=9719"}],"version-history":[{"count":0,"href":"https:\/\/noticiasribeiraopreto.com.br\/index.php\/wp-json\/wp\/v2\/posts\/9719\/revisions"}],"wp:featuredmedia":[{"embeddable":true,"href":"https:\/\/noticiasribeiraopreto.com.br\/index.php\/wp-json\/wp\/v2\/media\/9720"}],"wp:attachment":[{"href":"https:\/\/noticiasribeiraopreto.com.br\/index.php\/wp-json\/wp\/v2\/media?parent=9719"}],"wp:term":[{"taxonomy":"category","embeddable":true,"href":"https:\/\/noticiasribeiraopreto.com.br\/index.php\/wp-json\/wp\/v2\/categories?post=9719"},{"taxonomy":"post_tag","embeddable":true,"href":"https:\/\/noticiasribeiraopreto.com.br\/index.php\/wp-json\/wp\/v2\/tags?post=9719"}],"curies":[{"name":"wp","href":"https:\/\/api.w.org\/{rel}","templated":true}]}}