{"id":9925,"date":"2023-12-03T08:25:34","date_gmt":"2023-12-03T11:25:34","guid":{"rendered":"https:\/\/noticiasribeiraopreto.com.br\/index.php\/2023\/12\/03\/gacc-de-ribeirao-preto-realiza-feira-de-arte-solidaria\/"},"modified":"2023-12-03T08:25:34","modified_gmt":"2023-12-03T11:25:34","slug":"gacc-de-ribeirao-preto-realiza-feira-de-arte-solidaria","status":"publish","type":"post","link":"https:\/\/noticiasribeiraopreto.com.br\/index.php\/2023\/12\/03\/gacc-de-ribeirao-preto-realiza-feira-de-arte-solidaria\/","title":{"rendered":"GACC de Ribeir\u00e3o Preto realiza feira de arte solid\u00e1ria\u00a0"},"content":{"rendered":"<div class='code-block code-block-1' style='margin: 8px 0 8px auto; text-align: right; display: block; clear: both;'>\n<p><a href=\"https:\/\/wa.link\/vpicfd\"><img data-recalc-dims=\"1\" class=\"wp-image-4922\" style=\"aspect-ratio: 2.0253164556962027; width: 561px; height: auto;\" src=\"https:\/\/i0.wp.com\/ismaelcolosi.com.br\/wp-content\/uploads\/2023\/11\/grupo-de-empregos-whatsapp-e-facebook-ismael-colosi-vagas.jpg?ssl=1\" alt=\"\" \/><\/a><\/p>\n<!-- \/wp:image -->\n<\/div>\n<p> <br \/>\n<\/p>\n<div data-td-block-uid=\"tdi_104\">\n<div class=\"tdb-block-inner td-fix-index\">\n<p>O <strong>Grupo de Apoio \u00e0 Crian\u00e7a com C\u00e2ncer<\/strong> (GAAC) ir\u00e1 realizar, no dia 16 de dezembro, a \u2018GACCor\u2019, uma feira de arte solid\u00e1ria, no Jardim Sumar\u00e9, na zona Sul de Ribeir\u00e3o Preto. \u00a0<\/p>\n<p>O evento acontece das 13h \u00e0s 19h e ter\u00e1 aquarelas, telas, gravuras, serigrafias de artistas locais. <\/p>\n<h4 class=\"wp-block-heading\"><strong>Doa\u00e7\u00e3o <\/strong>\u00a0<\/h4>\n<p>Ao adquirir os trabalhos expostos, 50% do valor ser\u00e1 doado para contribuir com as a\u00e7\u00f5es do GACC ao combate do c\u00e2ncer infantojuvenil. \u00a0<\/p>\n<p><strong>SERVI\u00c7O\u00a0<br \/><\/strong>Feira de Arte Solid\u00e1ria\u00a0<br \/>Data: 16 de dezembro\u00a0<br \/>Hor\u00e1rio: 13h \u00e0s 19h\u00a0<br \/>Local: Rotary Club \u2013 Rua Cel. Luiz da Silva Batista, 285, Jardim Iraj\u00e1\u00a0<\/p>\n<p>VEJA TAMB\u00c9M<br \/>Ribeir\u00e3o Preto est\u00e1 sobre um vulc\u00e3o adormecido? Veja a explica\u00e7\u00e3o<\/p>\n<h4 class=\"wp-block-heading\"><strong><span style=\"background-color:#f7cc62\" class=\"td_text_highlight_marker\">FIQUE ON \u00a0<\/span><\/strong><\/h4>\n<p>Fique ligado em tudo que acontece em Ribeir\u00e3o Preto e regi\u00e3o. Siga os perfis do<strong>\u00a0acidade on<\/strong>\u00a0no\u00a0<a href=\"https:\/\/www.instagram.com\/acidadeonribeirao\" target=\"_blank\" rel=\"noreferrer noopener\">Instagram<\/a>\u00a0e no\u00a0<a href=\"https:\/\/www.facebook.com\/acidadeonribeirao\" target=\"_blank\" rel=\"noreferrer noopener\">Facebook.<\/a><\/p>\n<p>Receba not\u00edcias do\u00a0<strong>acidade on\u00a0<\/strong>no WhatsApp.<a href=\"https:\/\/chat.whatsapp.com\/Bnv2w66ZT4VDyZW3oiZ69n\" target=\"_blank\" rel=\"noreferrer noopener\">\u00a0Para entrar no grupo, basta clicar aqui.<\/a><\/p>\n<p>Fa\u00e7a uma den\u00fancia ou sugira uma reportagem sobre Ribeir\u00e3o Preto e regi\u00e3o pelo WhatsApp: <strong>16 99117 7802.<\/strong><\/p>\n<p>LEIA MAIS \u00a0<br \/><a href=\"https:\/\/www.tudoep.com\/tudo-inovacao\/NOT,0,0,1868330,retrospectiva-spotify-2023-saiba-como-fazer-a-sua.aspx\" target=\"_blank\" rel=\"noreferrer noopener\">Retrospectiva Spotify 2023: saiba como fazer a sua<\/a><\/p>\n<p><!-- AI CONTENT END 1 -->\n<\/div>\n<\/div>\n<p><script async src=\"\/\/www.instagram.com\/embed.js\"><\/script><br \/>\n<br \/><br \/>\n<br \/><a href=\"https:\/\/www.acidadeon.com\/ribeiraopreto\/lazer-e-cultura\/gacc-de-ribeirao-preto-realiza-feira-de-arte-solidaria\/\">Source link <\/a><\/p>\n<!-- CONTENT END 1 -->\n","protected":false},"excerpt":{"rendered":"<p>O Grupo de Apoio \u00e0 Crian\u00e7a com C\u00e2ncer (GAAC) ir\u00e1 realizar, no dia 16 de dezembro, a \u2018GACCor\u2019, uma feira de arte solid\u00e1ria, no Jardim&#8230;<\/p>\n","protected":false},"author":1,"featured_media":9926,"comment_status":"open","ping_status":"open","sticky":false,"template":"","format":"standard","meta":{"advanced_seo_description":"","jetpack_seo_html_title":"","jetpack_seo_noindex":false,"jetpack_seo_schema_type":"","_jetpack_newsletter_access":"","_jetpack_dont_email_post_to_subs":false,"_jetpack_newsletter_tier_id":0,"_jetpack_memberships_contains_paywalled_content":false,"_jetpack_feature_clip_id":0,"_jetpack_memberships_contains_paid_content":false,"footnotes":"","jetpack_publicize_message":"","jetpack_publicize_feature_enabled":true,"jetpack_social_post_already_shared":true,"jetpack_social_options":{"image_generator_settings":{"template":"highway","default_image_id":0,"font":"","enabled":false},"version":2},"jetpack_post_was_ever_published":false},"categories":[11],"tags":[1344,202,1343,27,415,26,1345],"class_list":["post-9925","post","type-post","status-publish","format-standard","has-post-thumbnail","hentry","category-noticias-de-ribeirao-preto-sp-e-regiao-ismael-colosi","tag-arte","tag-feira","tag-gacc","tag-preto","tag-realiza","tag-ribeirao","tag-solidaria"],"jetpack_publicize_connections":[],"jetpack-related-posts":[{"id":15341,"url":"https:\/\/noticiasribeiraopreto.com.br\/index.php\/2023\/12\/13\/natal-quinteto-de-cordas-se-apresenta-em-shopping-de-ribeirao-preto\/","url_meta":{"origin":9925,"position":0},"title":"Natal: Quinteto de Cordas se apresenta em shopping de Ribeir\u00e3o Preto\u00a0","author":"noticiasribeiraopreto.com.br","date":"13 de December de 2023","format":false,"excerpt":"O Quinteto de Cordas da Orquestra Sinf\u00f4nica de Ribeir\u00e3o Preto, realiza, nesta quarta-feira (13), uma apresenta\u00e7\u00e3o no Ribeir\u00e3oShopping, localizado na zona Sul da cidade. O evento \u00e9 gratuito ao p\u00fablico. O evento tem entrada gratuita e acontece \u00e0s 18h30, pr\u00f3ximo ao cinema. O espet\u00e1culo faz parte da s\u00e9rie \u2018M\u00fasica Solid\u00e1ria\u2019.\u2026","rel":"","context":"In &quot;Not\u00edcias de Ribeir\u00e3o Preto-SP e Regi\u00e3o&quot;","block_context":{"text":"Not\u00edcias de Ribeir\u00e3o Preto-SP e Regi\u00e3o","link":"https:\/\/noticiasribeiraopreto.com.br\/index.php\/category\/noticias-de-ribeirao-preto-sp-e-regiao-ismael-colosi\/"},"img":{"alt_text":"","src":"https:\/\/i0.wp.com\/noticiasribeiraopreto.com.br\/wp-content\/uploads\/2023\/12\/sinfxnica-1068x629-1.jpg?fit=1068%2C629&ssl=1&resize=350%2C200","width":350,"height":200,"srcset":"https:\/\/i0.wp.com\/noticiasribeiraopreto.com.br\/wp-content\/uploads\/2023\/12\/sinfxnica-1068x629-1.jpg?fit=1068%2C629&ssl=1&resize=350%2C200 1x, https:\/\/i0.wp.com\/noticiasribeiraopreto.com.br\/wp-content\/uploads\/2023\/12\/sinfxnica-1068x629-1.jpg?fit=1068%2C629&ssl=1&resize=525%2C300 1.5x, https:\/\/i0.wp.com\/noticiasribeiraopreto.com.br\/wp-content\/uploads\/2023\/12\/sinfxnica-1068x629-1.jpg?fit=1068%2C629&ssl=1&resize=700%2C400 2x, https:\/\/i0.wp.com\/noticiasribeiraopreto.com.br\/wp-content\/uploads\/2023\/12\/sinfxnica-1068x629-1.jpg?fit=1068%2C629&ssl=1&resize=1050%2C600 3x"},"classes":[]},{"id":79805,"url":"https:\/\/noticiasribeiraopreto.com.br\/index.php\/2025\/11\/07\/evento-com-entrada-gratuita-reune-gastronomia-rock-e-acao-solidaria-no-centro-de-ribeirao\/","url_meta":{"origin":9925,"position":1},"title":"Evento com entrada gratuita re\u00fane gastronomia, rock e a\u00e7\u00e3o solid\u00e1ria no Centro de Ribeir\u00e3o","author":"noticiasribeiraopreto.com.br","date":"7 de November de 2025","format":false,"excerpt":"Ribeir\u00e3o Preto recebe neste domingo (9), mais uma edi\u00e7\u00e3o do Rock in Rua, evento gratuito que promete agitar o Centro da cidade com m\u00fasica, gastronomia e solidariedade. A programa\u00e7\u00e3o ser\u00e1 no cruzamento das ruas Am\u00e9rico Brasiliense e S\u00e3o Jos\u00e9, das 13h \u00e0s 22h, com bandas de destaque da cena musical\u2026","rel":"","context":"In &quot;Not\u00edcias de Ribeir\u00e3o Preto-SP e Regi\u00e3o&quot;","block_context":{"text":"Not\u00edcias de Ribeir\u00e3o Preto-SP e Regi\u00e3o","link":"https:\/\/noticiasribeiraopreto.com.br\/index.php\/category\/noticias-de-ribeirao-preto-sp-e-regiao-ismael-colosi\/"},"img":{"alt_text":"","src":"https:\/\/i0.wp.com\/noticiasribeiraopreto.com.br\/wp-content\/uploads\/2025\/11\/3_2024-06-06_14-17-47_jpg_2024-06-06_14-17-47-1024x576.webp.webp?fit=1024%2C576&ssl=1&resize=350%2C200","width":350,"height":200,"srcset":"https:\/\/i0.wp.com\/noticiasribeiraopreto.com.br\/wp-content\/uploads\/2025\/11\/3_2024-06-06_14-17-47_jpg_2024-06-06_14-17-47-1024x576.webp.webp?fit=1024%2C576&ssl=1&resize=350%2C200 1x, https:\/\/i0.wp.com\/noticiasribeiraopreto.com.br\/wp-content\/uploads\/2025\/11\/3_2024-06-06_14-17-47_jpg_2024-06-06_14-17-47-1024x576.webp.webp?fit=1024%2C576&ssl=1&resize=525%2C300 1.5x, https:\/\/i0.wp.com\/noticiasribeiraopreto.com.br\/wp-content\/uploads\/2025\/11\/3_2024-06-06_14-17-47_jpg_2024-06-06_14-17-47-1024x576.webp.webp?fit=1024%2C576&ssl=1&resize=700%2C400 2x"},"classes":[]},{"id":58581,"url":"https:\/\/noticiasribeiraopreto.com.br\/index.php\/2024\/10\/01\/ribeirao-preto-recebe-show-da-luna-no-dia-das-criancas\/","url_meta":{"origin":9925,"position":2},"title":"Ribeir\u00e3o Preto recebe \u2018Show da Luna\u2019 no Dia das Crian\u00e7as","author":"noticiasribeiraopreto.com.br","date":"1 de October de 2024","format":false,"excerpt":"O desenho que conquistou as crian\u00e7as agora se prepara para subir ao palco do Multiplan Hall, no Ribeir\u00e3o Shopping, em Ribeir\u00e3o Preto. No dia 12 de outubro, Dia das Crian\u00e7as, a partir das 19h, o espet\u00e1culo \u201cShow da Luna\u201d promete muita m\u00fasica, divers\u00e3o e descobertas. Ao lado de seu amigo\u2026","rel":"","context":"In &quot;Not\u00edcias de Ribeir\u00e3o Preto-SP e Regi\u00e3o&quot;","block_context":{"text":"Not\u00edcias de Ribeir\u00e3o Preto-SP e Regi\u00e3o","link":"https:\/\/noticiasribeiraopreto.com.br\/index.php\/category\/noticias-de-ribeirao-preto-sp-e-regiao-ismael-colosi\/"},"img":{"alt_text":"","src":"https:\/\/i0.wp.com\/noticiasribeiraopreto.com.br\/wp-content\/uploads\/2024\/10\/Copia-de-Copia-de-Copia-de-TAMANHO-EXATO-PARA-FOTOS-NO-SISTEMA-NOVO-18_2024-10-01_14-31-29_jpg_2024-10-01_14-31-29.webp.webp?fit=1200%2C675&ssl=1&resize=350%2C200","width":350,"height":200,"srcset":"https:\/\/i0.wp.com\/noticiasribeiraopreto.com.br\/wp-content\/uploads\/2024\/10\/Copia-de-Copia-de-Copia-de-TAMANHO-EXATO-PARA-FOTOS-NO-SISTEMA-NOVO-18_2024-10-01_14-31-29_jpg_2024-10-01_14-31-29.webp.webp?fit=1200%2C675&ssl=1&resize=350%2C200 1x, https:\/\/i0.wp.com\/noticiasribeiraopreto.com.br\/wp-content\/uploads\/2024\/10\/Copia-de-Copia-de-Copia-de-TAMANHO-EXATO-PARA-FOTOS-NO-SISTEMA-NOVO-18_2024-10-01_14-31-29_jpg_2024-10-01_14-31-29.webp.webp?fit=1200%2C675&ssl=1&resize=525%2C300 1.5x, https:\/\/i0.wp.com\/noticiasribeiraopreto.com.br\/wp-content\/uploads\/2024\/10\/Copia-de-Copia-de-Copia-de-TAMANHO-EXATO-PARA-FOTOS-NO-SISTEMA-NOVO-18_2024-10-01_14-31-29_jpg_2024-10-01_14-31-29.webp.webp?fit=1200%2C675&ssl=1&resize=700%2C400 2x, https:\/\/i0.wp.com\/noticiasribeiraopreto.com.br\/wp-content\/uploads\/2024\/10\/Copia-de-Copia-de-Copia-de-TAMANHO-EXATO-PARA-FOTOS-NO-SISTEMA-NOVO-18_2024-10-01_14-31-29_jpg_2024-10-01_14-31-29.webp.webp?fit=1200%2C675&ssl=1&resize=1050%2C600 3x"},"classes":[]},{"id":75388,"url":"https:\/\/noticiasribeiraopreto.com.br\/index.php\/2025\/08\/07\/ribeirao-preto-recebe-bazar-solidario-com-brinquedos-roupas-e-moveis-veja-quando\/","url_meta":{"origin":9925,"position":3},"title":"Ribeir\u00e3o Preto recebe bazar solid\u00e1rio com brinquedos, roupas e m\u00f3veis; veja quando","author":"noticiasribeiraopreto.com.br","date":"7 de August de 2025","format":false,"excerpt":"A Fraternidade Solid\u00e1ria S\u00e3o Francisco de Assis \u2013 Padre Jo\u00e3o R\u00edpoli (Frasol) realiza, nos dias 8 e 9 de agosto, um bazar beneficente no bairro Parque Ribeir\u00e3o, em Ribeir\u00e3o Preto. O evento re\u00fane brinquedos, roupas, cal\u00e7ados, m\u00f3veis, bolsas, bijuterias, livros e utens\u00edlios dom\u00e9sticos em bom estado, com pre\u00e7os acess\u00edveis ao\u2026","rel":"","context":"In &quot;Not\u00edcias de Ribeir\u00e3o Preto-SP e Regi\u00e3o&quot;","block_context":{"text":"Not\u00edcias de Ribeir\u00e3o Preto-SP e Regi\u00e3o","link":"https:\/\/noticiasribeiraopreto.com.br\/index.php\/category\/noticias-de-ribeirao-preto-sp-e-regiao-ismael-colosi\/"},"img":{"alt_text":"","src":"https:\/\/i0.wp.com\/noticiasribeiraopreto.com.br\/wp-content\/uploads\/2025\/08\/Copia-de-Copia-de-Copia-de-TAMANHO-EXATO-PARA-FOTOS-NO-SISTEMA-NOVO-2025-08-07T145623.771_2025-08-07_18-01-16.webp.webp?fit=1200%2C675&ssl=1&resize=350%2C200","width":350,"height":200,"srcset":"https:\/\/i0.wp.com\/noticiasribeiraopreto.com.br\/wp-content\/uploads\/2025\/08\/Copia-de-Copia-de-Copia-de-TAMANHO-EXATO-PARA-FOTOS-NO-SISTEMA-NOVO-2025-08-07T145623.771_2025-08-07_18-01-16.webp.webp?fit=1200%2C675&ssl=1&resize=350%2C200 1x, https:\/\/i0.wp.com\/noticiasribeiraopreto.com.br\/wp-content\/uploads\/2025\/08\/Copia-de-Copia-de-Copia-de-TAMANHO-EXATO-PARA-FOTOS-NO-SISTEMA-NOVO-2025-08-07T145623.771_2025-08-07_18-01-16.webp.webp?fit=1200%2C675&ssl=1&resize=525%2C300 1.5x, https:\/\/i0.wp.com\/noticiasribeiraopreto.com.br\/wp-content\/uploads\/2025\/08\/Copia-de-Copia-de-Copia-de-TAMANHO-EXATO-PARA-FOTOS-NO-SISTEMA-NOVO-2025-08-07T145623.771_2025-08-07_18-01-16.webp.webp?fit=1200%2C675&ssl=1&resize=700%2C400 2x, https:\/\/i0.wp.com\/noticiasribeiraopreto.com.br\/wp-content\/uploads\/2025\/08\/Copia-de-Copia-de-Copia-de-TAMANHO-EXATO-PARA-FOTOS-NO-SISTEMA-NOVO-2025-08-07T145623.771_2025-08-07_18-01-16.webp.webp?fit=1200%2C675&ssl=1&resize=1050%2C600 3x"},"classes":[]},{"id":80848,"url":"https:\/\/noticiasribeiraopreto.com.br\/index.php\/2025\/12\/16\/show-de-clayton-e-romario-com-entrada-solidaria-acontece-nesta-semana-veja-como-retirar-o-ingresso\/","url_meta":{"origin":9925,"position":4},"title":"Show de Clayton e Rom\u00e1rio com entrada solid\u00e1ria acontece nesta semana; Veja como retirar o ingresso","author":"noticiasribeiraopreto.com.br","date":"16 de December de 2025","format":false,"excerpt":"O show da dupla Clayton e Rom\u00e1rio com entrada solid\u00e1ria acontece nesta semana no est\u00e1dio Palma Travassos, em Ribeir\u00e3o Preto. A apresenta\u00e7\u00e3o faz parte da programa\u00e7\u00e3o do Agita Ribeir\u00e3o \u2013 M\u00fasica que Alimenta, que ainda conta com o show de Jo\u00e3o Pedro e Cristiano e a discotecagem o DJ Freddy.\u2026","rel":"","context":"In &quot;Not\u00edcias de Ribeir\u00e3o Preto-SP e Regi\u00e3o&quot;","block_context":{"text":"Not\u00edcias de Ribeir\u00e3o Preto-SP e Regi\u00e3o","link":"https:\/\/noticiasribeiraopreto.com.br\/index.php\/category\/noticias-de-ribeirao-preto-sp-e-regiao-ismael-colosi\/"},"img":{"alt_text":"","src":"https:\/\/i0.wp.com\/noticiasribeiraopreto.com.br\/wp-content\/uploads\/2025\/12\/clayton-e-romario_2025-04-29_12-43-56.webp.webp?fit=1200%2C800&ssl=1&resize=350%2C200","width":350,"height":200,"srcset":"https:\/\/i0.wp.com\/noticiasribeiraopreto.com.br\/wp-content\/uploads\/2025\/12\/clayton-e-romario_2025-04-29_12-43-56.webp.webp?fit=1200%2C800&ssl=1&resize=350%2C200 1x, https:\/\/i0.wp.com\/noticiasribeiraopreto.com.br\/wp-content\/uploads\/2025\/12\/clayton-e-romario_2025-04-29_12-43-56.webp.webp?fit=1200%2C800&ssl=1&resize=525%2C300 1.5x, https:\/\/i0.wp.com\/noticiasribeiraopreto.com.br\/wp-content\/uploads\/2025\/12\/clayton-e-romario_2025-04-29_12-43-56.webp.webp?fit=1200%2C800&ssl=1&resize=700%2C400 2x, https:\/\/i0.wp.com\/noticiasribeiraopreto.com.br\/wp-content\/uploads\/2025\/12\/clayton-e-romario_2025-04-29_12-43-56.webp.webp?fit=1200%2C800&ssl=1&resize=1050%2C600 3x"},"classes":[]},{"id":58874,"url":"https:\/\/noticiasribeiraopreto.com.br\/index.php\/2024\/10\/08\/regiao-de-ribeirao-preto-recebe-oktoberfest-nesta-semana\/","url_meta":{"origin":9925,"position":5},"title":"Regi\u00e3o de Ribeir\u00e3o Preto recebe oktoberfest nesta semana","author":"noticiasribeiraopreto.com.br","date":"8 de October de 2024","format":false,"excerpt":"Sert\u00e3ozinho, na regi\u00e3o de Ribeir\u00e3o Preto, recebe a oktoberfest entre os dias 11 e 12 de outubro. O evento acontece no Parque Linear Urbano \u201cGuiomar Carvalho Benelli\u201d e contar\u00e1 com diversas atra\u00e7\u00f5es. A entrada \u00e9 solid\u00e1ria. Para participar, basta doar 1kg de alimento n\u00e3o perec\u00edvel (exceto sal) e, dentro do\u2026","rel":"","context":"In &quot;Not\u00edcias de Ribeir\u00e3o Preto-SP e Regi\u00e3o&quot;","block_context":{"text":"Not\u00edcias de Ribeir\u00e3o Preto-SP e Regi\u00e3o","link":"https:\/\/noticiasribeiraopreto.com.br\/index.php\/category\/noticias-de-ribeirao-preto-sp-e-regiao-ismael-colosi\/"},"img":{"alt_text":"","src":"https:\/\/i0.wp.com\/noticiasribeiraopreto.com.br\/wp-content\/uploads\/2024\/10\/pexels-pavel-danilyuk-5858056_2024-10-08_13-19-25_jpg_2024-10-08_13-19-29-scaled.webp.webp?fit=1200%2C801&ssl=1&resize=350%2C200","width":350,"height":200,"srcset":"https:\/\/i0.wp.com\/noticiasribeiraopreto.com.br\/wp-content\/uploads\/2024\/10\/pexels-pavel-danilyuk-5858056_2024-10-08_13-19-25_jpg_2024-10-08_13-19-29-scaled.webp.webp?fit=1200%2C801&ssl=1&resize=350%2C200 1x, https:\/\/i0.wp.com\/noticiasribeiraopreto.com.br\/wp-content\/uploads\/2024\/10\/pexels-pavel-danilyuk-5858056_2024-10-08_13-19-25_jpg_2024-10-08_13-19-29-scaled.webp.webp?fit=1200%2C801&ssl=1&resize=525%2C300 1.5x, https:\/\/i0.wp.com\/noticiasribeiraopreto.com.br\/wp-content\/uploads\/2024\/10\/pexels-pavel-danilyuk-5858056_2024-10-08_13-19-25_jpg_2024-10-08_13-19-29-scaled.webp.webp?fit=1200%2C801&ssl=1&resize=700%2C400 2x, https:\/\/i0.wp.com\/noticiasribeiraopreto.com.br\/wp-content\/uploads\/2024\/10\/pexels-pavel-danilyuk-5858056_2024-10-08_13-19-25_jpg_2024-10-08_13-19-29-scaled.webp.webp?fit=1200%2C801&ssl=1&resize=1050%2C600 3x"},"classes":[]}],"jetpack_sharing_enabled":true,"jetpack_shortlink":"https:\/\/wp.me\/peQAOb-2A5","jetpack_featured_media_url":"https:\/\/i0.wp.com\/noticiasribeiraopreto.com.br\/wp-content\/uploads\/2023\/12\/pinceis-sujos-em-lata-metalica-scaled.jpg?fit=2560%2C1707&ssl=1","_links":{"self":[{"href":"https:\/\/noticiasribeiraopreto.com.br\/index.php\/wp-json\/wp\/v2\/posts\/9925","targetHints":{"allow":["GET"]}}],"collection":[{"href":"https:\/\/noticiasribeiraopreto.com.br\/index.php\/wp-json\/wp\/v2\/posts"}],"about":[{"href":"https:\/\/noticiasribeiraopreto.com.br\/index.php\/wp-json\/wp\/v2\/types\/post"}],"author":[{"embeddable":true,"href":"https:\/\/noticiasribeiraopreto.com.br\/index.php\/wp-json\/wp\/v2\/users\/1"}],"replies":[{"embeddable":true,"href":"https:\/\/noticiasribeiraopreto.com.br\/index.php\/wp-json\/wp\/v2\/comments?post=9925"}],"version-history":[{"count":0,"href":"https:\/\/noticiasribeiraopreto.com.br\/index.php\/wp-json\/wp\/v2\/posts\/9925\/revisions"}],"wp:featuredmedia":[{"embeddable":true,"href":"https:\/\/noticiasribeiraopreto.com.br\/index.php\/wp-json\/wp\/v2\/media\/9926"}],"wp:attachment":[{"href":"https:\/\/noticiasribeiraopreto.com.br\/index.php\/wp-json\/wp\/v2\/media?parent=9925"}],"wp:term":[{"taxonomy":"category","embeddable":true,"href":"https:\/\/noticiasribeiraopreto.com.br\/index.php\/wp-json\/wp\/v2\/categories?post=9925"},{"taxonomy":"post_tag","embeddable":true,"href":"https:\/\/noticiasribeiraopreto.com.br\/index.php\/wp-json\/wp\/v2\/tags?post=9925"}],"curies":[{"name":"wp","href":"https:\/\/api.w.org\/{rel}","templated":true}]}}