{"id":9953,"date":"2023-12-03T11:01:45","date_gmt":"2023-12-03T14:01:45","guid":{"rendered":"https:\/\/noticiasribeiraopreto.com.br\/index.php\/2023\/12\/03\/petrobras-arabia-vem-ai-estatal-estudara-criacao-de-subsidiaria-no-oriente-medio-apos-convite-da-opep-ao-brasil\/"},"modified":"2023-12-03T11:01:45","modified_gmt":"2023-12-03T14:01:45","slug":"petrobras-arabia-vem-ai-estatal-estudara-criacao-de-subsidiaria-no-oriente-medio-apos-convite-da-opep-ao-brasil","status":"publish","type":"post","link":"https:\/\/noticiasribeiraopreto.com.br\/index.php\/2023\/12\/03\/petrobras-arabia-vem-ai-estatal-estudara-criacao-de-subsidiaria-no-oriente-medio-apos-convite-da-opep-ao-brasil\/","title":{"rendered":"&#8216;Petrobras Ar\u00e1bia&#8217; vem a\u00ed? Estatal estudar\u00e1 cria\u00e7\u00e3o de subsidi\u00e1ria no Oriente M\u00e9dio ap\u00f3s convite da Opep+ ao Brasil"},"content":{"rendered":"<div class='code-block code-block-1' style='margin: 8px 0 8px auto; text-align: right; display: block; clear: both;'>\n<p><a href=\"https:\/\/wa.link\/vpicfd\"><img data-recalc-dims=\"1\" class=\"wp-image-4922\" style=\"aspect-ratio: 2.0253164556962027; width: 561px; height: auto;\" src=\"https:\/\/i0.wp.com\/ismaelcolosi.com.br\/wp-content\/uploads\/2023\/11\/grupo-de-empregos-whatsapp-e-facebook-ismael-colosi-vagas.jpg?ssl=1\" alt=\"\" \/><\/a><\/p>\n<!-- \/wp:image -->\n<\/div>\n<p> <br \/>\n<\/p>\n<div id=\"js-first-letter\">\n<p> A <strong>Petrobras (PETR4)<\/strong> dever\u00e1 come\u00e7ar um estudo neste m\u00eas para analisar a viabilidade de abrir uma subsidi\u00e1ria da empresa no Oriente M\u00e9dio.<\/p>\n<p>A declara\u00e7\u00e3o foi feita pelo presidente da estatal, Jean Paul Prates, \u00e0 Bloomberg L\u00ednea, na sexta-feira (1\u00ba). Ele se referiu \u00e0 iniciativa como &#8220;Petrobras Ar\u00e1bia&#8221;. A ideia seria fortalecer os la\u00e7os comerciais da companhia na regi\u00e3o do Golfo P\u00e9rsico.<\/p>\n<p>O an\u00fancio ocorre ap\u00f3s a sinaliza\u00e7\u00e3o de ades\u00e3o do Brasil \u00e0 Opep+. A entidade \u00e9 um grupo formado por 23 pa\u00edses entre membros da Organiza\u00e7\u00e3o dos Pa\u00edses Exportadores de Petr\u00f3leo (Opep) e aliados.<\/p>\n<p>No caso da Opep, os pa\u00edses t\u00eam obriga\u00e7\u00f5es a cumprir, como o aumento ou a redu\u00e7\u00e3o da produ\u00e7\u00e3o de petr\u00f3leo, o que n\u00e3o ocorre com os membros da Opep+. Atualmente, entre os aliados que comp\u00f5em a entidade est\u00e3o pa\u00edses como Azerbaij\u00e3o, Bahrein, Mal\u00e1sia, M\u00e9xico e R\u00fassia.<\/p>\n<h2 class=\"wp-block-heading\" id=\"h-lula-diz-que-brasil-nao-vai-apitar-nada-na-opep\">Lula diz que Brasil n\u00e3o vai &#8220;apitar nada&#8221; na Opep+<\/h2>\n<p>Neste s\u00e1bado (2) o presidente Luiz In\u00e1cio Lula da Silva afirmou que o Brasil vai participar do grupo Opep+, mas n\u00e3o vai &#8220;apitar nada&#8221; nas decis\u00f5es do bloco.<\/p>\n<div class=\"banner banner-inArticle banner-inArticle--mobile\">\n<div>\n<p>Publicidade<\/p>\n<div class=\"banner-side\">\n<p class=\"borderAD\" style=\"display: none;\">CONTINUA DEPOIS DA PUBLICIDADE<\/p>\n<\/div>\n<\/div>\n<\/div>\n<div class=\"banner banner-inArticle banner-inArticle--desktop\">\n<div>\n<div class=\"banner-side\">\n<p class=\"borderAD\" style=\"display: none;\">CONTINUA DEPOIS DA PUBLICIDADE<\/p>\n<\/div>\n<\/div>\n<\/div>\n<p>Ele argumentou que a participa\u00e7\u00e3o brasileira \u00e9 importante para convencer pa\u00edses produtores de petr\u00f3leo a reduzirem a explora\u00e7\u00e3o de combust\u00edveis f\u00f3sseis. Segundo o Minist\u00e9rio de Minas e Energia, Alexandre Silveira, a ades\u00e3o n\u00e3o vai impor ao Pa\u00eds nenhuma cota m\u00e1xima de produ\u00e7\u00e3o.<\/p>\n<p>Lula participou de um encontro com a sociedade civil durante a C\u00fapula do Clima da ONU, COP-28, em Dubai, nos Emirados \u00c1rabes Unidos. Durante a reuni\u00e3o, representantes de organiza\u00e7\u00f5es n\u00e3o governamentais defenderam postura enf\u00e1tica contra os combust\u00edveis f\u00f3sseis.<\/p>\n<p>Silveira j\u00e1 havia sinalizado a entrada do Pa\u00eds na entidade durante a semana. &#8220;A Opep+ \u00e9 uma plataforma de discuss\u00e3o da ind\u00fastria petroleira, onde poderemos discutir transi\u00e7\u00e3o energ\u00e9tica&#8221;, disse, acrescentando ser necess\u00e1rio e urgente avan\u00e7ar nesse tema. Ele argumentou que o Brasil foi convidado porque o governo Lula \u00e9 reconhecido por &#8220;ser do di\u00e1logo&#8221;.<\/p>\n<p>Ainda neste s\u00e1bado, Prates defendeu que as receitas petrol\u00edferas sejam aplicadas em esfor\u00e7os de transi\u00e7\u00e3o energ\u00e9tica numa crescente.<\/p>\n<p>&#8220;\u00c9 preciso compreender que o mundo simplesmente n\u00e3o pode parar de usar petr\u00f3leo de um dia para o outro. N\u00f3s ainda vamos precisar dele. \u00c9 importante tamb\u00e9m que as receitas petrol\u00edferas dos Estados e empresas sejam usadas gradualmente cada vez mais para a transi\u00e7\u00e3o energ\u00e9tica&#8221;, disse em v\u00eddeo gravado na COP-28, em Dubai.<\/p>\n<div class=\"banner banner-inArticle banner-inArticle--mobile\">\n<div>\n<p>Publicidade<\/p>\n<div class=\"banner-side\">\n<p class=\"borderAD\" style=\"display: none;\">CONTINUA DEPOIS DA PUBLICIDADE<\/p>\n<\/div>\n<\/div>\n<\/div>\n<div class=\"banner banner-inArticle banner-inArticle--desktop\">\n<div>\n<div class=\"banner-side\">\n<p class=\"borderAD\" style=\"display: none;\">CONTINUA DEPOIS DA PUBLICIDADE<\/p>\n<\/div>\n<\/div>\n<\/div>\n<p>Segundo ele, o debate sobre o papel das petroleiras na transi\u00e7\u00e3o, previsto para quarta-feira (6) ser\u00e1 a principal contribui\u00e7\u00e3o da Petrobras e suas pares globais, estatais e privadas, na confer\u00eancia.<\/p>\n<h2 class=\"wp-block-heading\" id=\"h-parcerias-entre-petrobras-petr4-e-sauditas-estao-avancando-diz-prates\"><strong>Parcerias entre Petrobras (PETR4) e sauditas est\u00e3o avan\u00e7ando, diz Prates<\/strong><\/h2>\n<p>Na quarta-feira,(29) Prates havia afirmado em uma rede social que a estatal estava avan\u00e7ando em parcerias com os sauditas, para &#8220;garantir que possamos trabalhar conjuntamente em projetos de seguran\u00e7a, acessibilidade e sustentabilidade energ\u00e9tica&#8221;. Ele n\u00e3o deu mais detalhes.<\/p>\n<p>O presidente da Petrobras participou da mesa de debates do F\u00f3rum Empresarial Ar\u00e1bia Saudita-Brasil, em Riade, na Ar\u00e1bia Saudita, com Lula. O evento promovido pela Apex Brasil reuniu as principais empresas e entidades brasileiras e sauditas para promover a prospec\u00e7\u00e3o econ\u00f4mica entre ambos os pa\u00edses.<\/p>\n<p>&#8220;Na mesa sobre energia, defendi que o Brasil possui grande potencial na lideran\u00e7a operacional da transi\u00e7\u00e3o energ\u00e9tica, que j\u00e1 est\u00e1 em curso. Nosso Pa\u00eds det\u00e9m uma matriz energ\u00e9tica e el\u00e9trica importantemente renov\u00e1vel. E isso serve tanto de desafio como de refer\u00eancia para nossas rela\u00e7\u00f5es com a Ar\u00e1bia Saudita e demais pa\u00edses&#8221;, disse Prates.<\/p>\n<h3 class=\"wp-block-heading\" id=\"h-veja-tambem-onde-investir-em-dezembro-recomendacoes-gratuitas-em-acoes-fiis-bdrs-e-criptomoedas\"><a href=\"https:\/\/www.youtube.com\/watch?v=uCCxJxG3GoQ\" target=\"_blank\" rel=\"noreferrer noopener\">VEJA TAMB\u00c9M<\/a>\u00a0&#8211; ONDE INVESTIR EM DEZEMBRO: RECOMENDA\u00c7\u00d5ES GRATUITAS EM A\u00c7\u00d5ES, FIIS, BDRs E CRIPTOMOEDAS<\/h3>\n<figure class=\"wp-block-embed is-type-video is-provider-youtube wp-block-embed-youtube wp-embed-aspect-16-9 wp-has-aspect-ratio\">\n<p>\n<iframe loading=\"lazy\" title=\"ONDE INVESTIR EM DEZEMBRO DE 2023: VEJA RECOMENDA\u00c7\u00d5ES GRATUITAS EM A\u00c7\u00d5ES, FIIS, BDRs E CRIPTOMOEDAS\" width=\"500\" height=\"281\" src=\"https:\/\/www.youtube.com\/embed\/uCCxJxG3GoQ?feature=oembed\" frameborder=\"0\" allow=\"accelerometer; autoplay; clipboard-write; encrypted-media; gyroscope; picture-in-picture; web-share\" referrerpolicy=\"strict-origin-when-cross-origin\" allowfullscreen><\/iframe>\n<\/p>\n<\/figure>\n<p>No encontro, Lula tamb\u00e9m convocou a Ar\u00e1bia Saudita a avaliar parcerias na \u00e1rea de fertilizantes. O Brasil \u00e9 o maior importador do insumo, ao mesmo tempo que \u00e9 uma dos maiores fornecedores de alimentos do planeta.<\/p>\n<div class=\"banner banner-inArticle banner-inArticle--mobile\">\n<div>\n<p>Publicidade<\/p>\n<div class=\"banner-side\">\n<p class=\"borderAD\" style=\"display: none;\">CONTINUA DEPOIS DA PUBLICIDADE<\/p>\n<\/div>\n<\/div>\n<\/div>\n<div class=\"banner banner-inArticle banner-inArticle--desktop\">\n<div>\n<div class=\"banner-side\">\n<p class=\"borderAD\" style=\"display: none;\">CONTINUA DEPOIS DA PUBLICIDADE<\/p>\n<\/div>\n<\/div>\n<\/div>\n<p>A Petrobras possui quatro f\u00e1bricas de fertilizantes, sendo uma em constru\u00e7\u00e3o, a UFN III, em Tr\u00eas Lagoas, Mato Grosso do Sul, que chegou a ter a venda anunciada pelo governo Bolsonaro para o grupo russo Acron, mas n\u00e3o foi adiante; e outras tr\u00eas que foram hibernadas (Fafen-PR) e arrendadas (Fafen-BA e Fafen-SE) entre 2019 e 2020.<\/p>\n<p>Segundo Prates, a inten\u00e7\u00e3o da Petrobras agora \u00e9 retomar todas as unidades. A primeira que dever\u00e1 voltar \u00e0 opera\u00e7\u00e3o \u00e9 a unidade do Paran\u00e1, que est\u00e1 hibernando, e conversas j\u00e1 est\u00e3o sendo feitas para poss\u00edveis projetos conjuntos nas f\u00e1bricas arrendadas na Bahia e Sergipe. J\u00e1 a f\u00e1brica de Tr\u00eas Lagoas tem previs\u00e3o de iniciar a opera\u00e7\u00e3o em 2028, com possibilidade de ter o prazo antecipado.<\/p>\n<\/div>\n<p><br \/>\n<br \/><a href=\"https:\/\/www.seudinheiro.com\/2023\/empresas\/petrobras-arabia-vem-ai-estatal-estudara-criacao-de-subsidiaria-no-oriente-medio-apos-convite-da-opep-ao-brasil-lvit\/\">Source link <\/a><\/p>\n<!-- CONTENT END 1 -->\n","protected":false},"excerpt":{"rendered":"<p>A Petrobras (PETR4) dever\u00e1 come\u00e7ar um estudo neste m\u00eas para analisar a viabilidade de abrir uma subsidi\u00e1ria da empresa no Oriente M\u00e9dio. A declara\u00e7\u00e3o foi&#8230;<\/p>\n","protected":false},"author":1,"featured_media":9954,"comment_status":"open","ping_status":"open","sticky":false,"template":"","format":"standard","meta":{"advanced_seo_description":"","jetpack_seo_html_title":"","jetpack_seo_noindex":false,"jetpack_post_was_ever_published":false,"_jetpack_newsletter_access":"","_jetpack_dont_email_post_to_subs":false,"_jetpack_newsletter_tier_id":0,"_jetpack_memberships_contains_paywalled_content":false,"_jetpack_memberships_contains_paid_content":false,"footnotes":"","jetpack_publicize_message":"","jetpack_publicize_feature_enabled":true,"jetpack_social_post_already_shared":true,"jetpack_social_options":{"image_generator_settings":{"template":"highway","default_image_id":0,"font":"","enabled":false},"version":2}},"categories":[1235],"tags":[],"class_list":["post-9953","post","type-post","status-publish","format-standard","has-post-thumbnail","hentry","category-dinheiro-e-investimento-como-fazer-como-ganhar"],"jetpack_publicize_connections":[],"jetpack_featured_media_url":"https:\/\/i0.wp.com\/noticiasribeiraopreto.com.br\/wp-content\/uploads\/2023\/12\/Petrobras-PETR3-PETR4-fachada-715x402.jpg?fit=715%2C402&ssl=1","jetpack-related-posts":[{"id":18997,"url":"https:\/\/noticiasribeiraopreto.com.br\/index.php\/2023\/12\/21\/crise-na-opep-angola-anuncia-saida-por-divergencia\/","url_meta":{"origin":9953,"position":0},"title":"Crise na Opep? Angola anuncia sa\u00edda por diverg\u00eancia","author":"noticiasribeiraopreto.com.br","date":"21 de December de 2023","format":false,"excerpt":"A Angola decidiu sair da Organiza\u00e7\u00e3o dos Pa\u00edses Exportadores de Petr\u00f3leo (Opep). O an\u00fancio foi feito nesta quinta-feira (21), pelo minist\u00e9rio de Recursos Minerais, Petr\u00f3leo e G\u00e1s do pa\u00eds. A na\u00e7\u00e3o africana ingressou no cartel de produtores de petr\u00f3leo em 2007. Em comunicado, o chefe da pasta, Diamantino Azevedo, afirmou\u2026","rel":"","context":"In &quot;Dinheiro e Investimento&quot;","block_context":{"text":"Dinheiro e Investimento","link":"https:\/\/noticiasribeiraopreto.com.br\/index.php\/category\/dinheiro-e-investimento-como-fazer-como-ganhar\/"},"img":{"alt_text":"","src":"https:\/\/i0.wp.com\/noticiasribeiraopreto.com.br\/wp-content\/uploads\/2023\/12\/Fim-do-petroleo-SD-628x353.png?fit=628%2C353&ssl=1&resize=350%2C200","width":350,"height":200,"srcset":"https:\/\/i0.wp.com\/noticiasribeiraopreto.com.br\/wp-content\/uploads\/2023\/12\/Fim-do-petroleo-SD-628x353.png?fit=628%2C353&ssl=1&resize=350%2C200 1x, https:\/\/i0.wp.com\/noticiasribeiraopreto.com.br\/wp-content\/uploads\/2023\/12\/Fim-do-petroleo-SD-628x353.png?fit=628%2C353&ssl=1&resize=525%2C300 1.5x"},"classes":[]},{"id":19926,"url":"https:\/\/noticiasribeiraopreto.com.br\/index.php\/2023\/12\/23\/por-que-o-poderoso-cartel-de-petroleo-precisou-de-socorro\/","url_meta":{"origin":9953,"position":1},"title":"por que o poderoso cartel de petr\u00f3leo precisou de socorro","author":"noticiasribeiraopreto.com.br","date":"23 de December de 2023","format":false,"excerpt":"Tudo o que a Organiza\u00e7\u00e3o dos Pa\u00edses Exportadores de Petr\u00f3leo (Opep) n\u00e3o precisava era de uma deser\u00e7\u00e3o nesse momento. Mas a Angola decidiu deixar a entidade nesta semana, colocando o cartel em xeque.\u00a0 A explica\u00e7\u00e3o dada pelo pa\u00eds foi formal: as ideias e contribui\u00e7\u00f5es angolanas j\u00e1 n\u00e3o mais surtiam os\u2026","rel":"","context":"In &quot;Dinheiro e Investimento&quot;","block_context":{"text":"Dinheiro e Investimento","link":"https:\/\/noticiasribeiraopreto.com.br\/index.php\/category\/dinheiro-e-investimento-como-fazer-como-ganhar\/"},"img":{"alt_text":"","src":"https:\/\/i0.wp.com\/noticiasribeiraopreto.com.br\/wp-content\/uploads\/2023\/12\/Opep-Baldes-628x353.jpg?fit=628%2C353&ssl=1&resize=350%2C200","width":350,"height":200,"srcset":"https:\/\/i0.wp.com\/noticiasribeiraopreto.com.br\/wp-content\/uploads\/2023\/12\/Opep-Baldes-628x353.jpg?fit=628%2C353&ssl=1&resize=350%2C200 1x, https:\/\/i0.wp.com\/noticiasribeiraopreto.com.br\/wp-content\/uploads\/2023\/12\/Opep-Baldes-628x353.jpg?fit=628%2C353&ssl=1&resize=525%2C300 1.5x"},"classes":[]},{"id":14802,"url":"https:\/\/noticiasribeiraopreto.com.br\/index.php\/2023\/12\/12\/preco-do-petroleo-atinge-menor-patamar-em-5-meses-afetando-a-petrobras-queda-no-mercado-de-combustiveis-impacta-acoes-da-petroleira\/","url_meta":{"origin":9953,"position":2},"title":"Pre\u00e7o do petr\u00f3leo atinge menor patamar em 5 meses, afetando a Petrobras: queda no mercado de combust\u00edveis impacta a\u00e7\u00f5es da petroleira.","author":"noticiasribeiraopreto.com.br","date":"12 de December de 2023","format":false,"excerpt":"O petr\u00f3leo Brent atingiu nesta ter\u00e7a (12) o menor n\u00edvel em cinco meses, cotado a menos de US$ 74. No dia, a queda chegou a mais de 3%, afetando Petrobras \u2013 Todos os direitos: MoneyTimes \u201cO petr\u00f3leo Brent cai para menos de US$ 74, n\u00edvel mais baixo em 5 meses.\u2026","rel":"","context":"In &quot;Vagas de Emprego em Ribeir\u00e3o Preto-SP&quot;","block_context":{"text":"Vagas de Emprego em Ribeir\u00e3o Preto-SP","link":"https:\/\/noticiasribeiraopreto.com.br\/index.php\/category\/empregos-classificados-vagas-trabalho\/vagas-de-empregos-em-ribeirao-preto-regiao-brasil\/"},"img":{"alt_text":"","src":"https:\/\/i0.wp.com\/noticiasribeiraopreto.com.br\/wp-content\/uploads\/2023\/12\/preco-do-petroleo-atinge-menor-patamar-em-5-meses-afetando-a-petrobras-queda-no-mercado-de-combustiveis-impacta-acoes-da-petroleira-830x450.jpg?fit=830%2C450&ssl=1&resize=350%2C200","width":350,"height":200,"srcset":"https:\/\/i0.wp.com\/noticiasribeiraopreto.com.br\/wp-content\/uploads\/2023\/12\/preco-do-petroleo-atinge-menor-patamar-em-5-meses-afetando-a-petrobras-queda-no-mercado-de-combustiveis-impacta-acoes-da-petroleira-830x450.jpg?fit=830%2C450&ssl=1&resize=350%2C200 1x, https:\/\/i0.wp.com\/noticiasribeiraopreto.com.br\/wp-content\/uploads\/2023\/12\/preco-do-petroleo-atinge-menor-patamar-em-5-meses-afetando-a-petrobras-queda-no-mercado-de-combustiveis-impacta-acoes-da-petroleira-830x450.jpg?fit=830%2C450&ssl=1&resize=525%2C300 1.5x, https:\/\/i0.wp.com\/noticiasribeiraopreto.com.br\/wp-content\/uploads\/2023\/12\/preco-do-petroleo-atinge-menor-patamar-em-5-meses-afetando-a-petrobras-queda-no-mercado-de-combustiveis-impacta-acoes-da-petroleira-830x450.jpg?fit=830%2C450&ssl=1&resize=700%2C400 2x"},"classes":[]},{"id":11685,"url":"https:\/\/noticiasribeiraopreto.com.br\/index.php\/2023\/12\/06\/faltou-combustivel-petroleo-engasga-o-rali-do-ibovespa-e-derruba-acoes-da-petrobras-petr4-na-b3\/","url_meta":{"origin":9953,"position":3},"title":"Faltou combust\u00edvel? Petr\u00f3leo engasga o rali do Ibovespa e derruba a\u00e7\u00f5es da Petrobras (PETR4) na B3","author":"noticiasribeiraopreto.com.br","date":"6 de December de 2023","format":false,"excerpt":"O desempenho do petr\u00f3leo, por vezes, \u00e9 considerado um dos term\u00f4metros da avers\u00e3o ou apetite ao risco dos mercados internacionais. Mas nesta quarta-feira (6) a queda da commodity no mercado internacional n\u00e3o reflete o humor dos investidores.\u00a0 Os contratos mais l\u00edquidos do petr\u00f3leo recuam quase 4%, em meio \u00e0s incertezas\u2026","rel":"","context":"In &quot;Dinheiro e Investimento&quot;","block_context":{"text":"Dinheiro e Investimento","link":"https:\/\/noticiasribeiraopreto.com.br\/index.php\/category\/dinheiro-e-investimento-como-fazer-como-ganhar\/"},"img":{"alt_text":"","src":"https:\/\/i0.wp.com\/noticiasribeiraopreto.com.br\/wp-content\/uploads\/2023\/12\/shutterstock_1066809551-e1696880632524-715x402.jpg?fit=715%2C402&ssl=1&resize=350%2C200","width":350,"height":200,"srcset":"https:\/\/i0.wp.com\/noticiasribeiraopreto.com.br\/wp-content\/uploads\/2023\/12\/shutterstock_1066809551-e1696880632524-715x402.jpg?fit=715%2C402&ssl=1&resize=350%2C200 1x, https:\/\/i0.wp.com\/noticiasribeiraopreto.com.br\/wp-content\/uploads\/2023\/12\/shutterstock_1066809551-e1696880632524-715x402.jpg?fit=715%2C402&ssl=1&resize=525%2C300 1.5x, https:\/\/i0.wp.com\/noticiasribeiraopreto.com.br\/wp-content\/uploads\/2023\/12\/shutterstock_1066809551-e1696880632524-715x402.jpg?fit=715%2C402&ssl=1&resize=700%2C400 2x"},"classes":[]},{"id":15257,"url":"https:\/\/noticiasribeiraopreto.com.br\/index.php\/2023\/12\/13\/opep-preve-aumento-na-oferta-de-combustiveis-do-brasil-em-2023\/","url_meta":{"origin":9953,"position":4},"title":"Opep prev\u00ea aumento na oferta de combust\u00edveis do Brasil em 2023","author":"noticiasribeiraopreto.com.br","date":"13 de December de 2023","format":false,"excerpt":"09\/04\/2020REUTERS\/Leonhard Foeger \u2013 Todos os direitos: CNN Brasil Nova proje\u00e7\u00e3o impulsionada por produ\u00e7\u00e3o mais forte que o esperado em outubro, segundo relat\u00f3rio mensal da OPEP. A Opep elevou em 30 mil barris por dia (bpd) sua expectativa para a oferta de combust\u00edveis l\u00edquidos do Brasil em 2023, para uma m\u00e9dia\u2026","rel":"","context":"In &quot;Vagas de Emprego em Ribeir\u00e3o Preto-SP&quot;","block_context":{"text":"Vagas de Emprego em Ribeir\u00e3o Preto-SP","link":"https:\/\/noticiasribeiraopreto.com.br\/index.php\/category\/empregos-classificados-vagas-trabalho\/vagas-de-empregos-em-ribeirao-preto-regiao-brasil\/"},"img":{"alt_text":"","src":"https:\/\/i0.wp.com\/noticiasribeiraopreto.com.br\/wp-content\/uploads\/2023\/12\/opep-preve-aumento-na-oferta-de-combustiveis-do-brasil-em-2023-830x450.jpg?fit=830%2C450&ssl=1&resize=350%2C200","width":350,"height":200,"srcset":"https:\/\/i0.wp.com\/noticiasribeiraopreto.com.br\/wp-content\/uploads\/2023\/12\/opep-preve-aumento-na-oferta-de-combustiveis-do-brasil-em-2023-830x450.jpg?fit=830%2C450&ssl=1&resize=350%2C200 1x, https:\/\/i0.wp.com\/noticiasribeiraopreto.com.br\/wp-content\/uploads\/2023\/12\/opep-preve-aumento-na-oferta-de-combustiveis-do-brasil-em-2023-830x450.jpg?fit=830%2C450&ssl=1&resize=525%2C300 1.5x, https:\/\/i0.wp.com\/noticiasribeiraopreto.com.br\/wp-content\/uploads\/2023\/12\/opep-preve-aumento-na-oferta-de-combustiveis-do-brasil-em-2023-830x450.jpg?fit=830%2C450&ssl=1&resize=700%2C400 2x"},"classes":[]},{"id":69356,"url":"https:\/\/noticiasribeiraopreto.com.br\/index.php\/2025\/05\/05\/petrobras-anuncia-reducao-de-46-no-preco-do-diesel-nas-refinarias\/","url_meta":{"origin":9953,"position":5},"title":"Petrobras anuncia redu\u00e7\u00e3o de 4,6% no pre\u00e7o do diesel nas refinarias","author":"noticiasribeiraopreto.com.br","date":"5 de May de 2025","format":false,"excerpt":"A Petrobras anunciou nesta segunda-feira, 5, que reduziu em 4,6% o pre\u00e7o do diesel no mercado brasileiro, o que equivale a R$ 0,16, com o litro do produto passando a custar R$ 3,27 nas refinarias da estatal a partir da ter\u00e7a-feira, 6. O reajuste segue outras duas redu\u00e7\u00f5es recentes, de\u2026","rel":"","context":"In &quot;Not\u00edcias de Ribeir\u00e3o Preto-SP e Regi\u00e3o&quot;","block_context":{"text":"Not\u00edcias de Ribeir\u00e3o Preto-SP e Regi\u00e3o","link":"https:\/\/noticiasribeiraopreto.com.br\/index.php\/category\/noticias-de-ribeirao-preto-sp-e-regiao-ismael-colosi\/"},"img":{"alt_text":"","src":"https:\/\/i0.wp.com\/noticiasribeiraopreto.com.br\/wp-content\/uploads\/2025\/05\/diesel.jpg?fit=699%2C420&ssl=1&resize=350%2C200","width":350,"height":200,"srcset":"https:\/\/i0.wp.com\/noticiasribeiraopreto.com.br\/wp-content\/uploads\/2025\/05\/diesel.jpg?fit=699%2C420&ssl=1&resize=350%2C200 1x, https:\/\/i0.wp.com\/noticiasribeiraopreto.com.br\/wp-content\/uploads\/2025\/05\/diesel.jpg?fit=699%2C420&ssl=1&resize=525%2C300 1.5x"},"classes":[]}],"jetpack_sharing_enabled":true,"jetpack_shortlink":"https:\/\/wp.me\/peQAOb-2Ax","_links":{"self":[{"href":"https:\/\/noticiasribeiraopreto.com.br\/index.php\/wp-json\/wp\/v2\/posts\/9953","targetHints":{"allow":["GET"]}}],"collection":[{"href":"https:\/\/noticiasribeiraopreto.com.br\/index.php\/wp-json\/wp\/v2\/posts"}],"about":[{"href":"https:\/\/noticiasribeiraopreto.com.br\/index.php\/wp-json\/wp\/v2\/types\/post"}],"author":[{"embeddable":true,"href":"https:\/\/noticiasribeiraopreto.com.br\/index.php\/wp-json\/wp\/v2\/users\/1"}],"replies":[{"embeddable":true,"href":"https:\/\/noticiasribeiraopreto.com.br\/index.php\/wp-json\/wp\/v2\/comments?post=9953"}],"version-history":[{"count":0,"href":"https:\/\/noticiasribeiraopreto.com.br\/index.php\/wp-json\/wp\/v2\/posts\/9953\/revisions"}],"wp:featuredmedia":[{"embeddable":true,"href":"https:\/\/noticiasribeiraopreto.com.br\/index.php\/wp-json\/wp\/v2\/media\/9954"}],"wp:attachment":[{"href":"https:\/\/noticiasribeiraopreto.com.br\/index.php\/wp-json\/wp\/v2\/media?parent=9953"}],"wp:term":[{"taxonomy":"category","embeddable":true,"href":"https:\/\/noticiasribeiraopreto.com.br\/index.php\/wp-json\/wp\/v2\/categories?post=9953"},{"taxonomy":"post_tag","embeddable":true,"href":"https:\/\/noticiasribeiraopreto.com.br\/index.php\/wp-json\/wp\/v2\/tags?post=9953"}],"curies":[{"name":"wp","href":"https:\/\/api.w.org\/{rel}","templated":true}]}}