{"id":9955,"date":"2023-12-03T11:05:13","date_gmt":"2023-12-03T14:05:13","guid":{"rendered":"https:\/\/noticiasribeiraopreto.com.br\/index.php\/2023\/12\/03\/mudanca-no-rosto-pode-indicar-sinal-da-doenca\/"},"modified":"2023-12-03T11:05:13","modified_gmt":"2023-12-03T14:05:13","slug":"mudanca-no-rosto-pode-indicar-sinal-da-doenca","status":"publish","type":"post","link":"https:\/\/noticiasribeiraopreto.com.br\/index.php\/2023\/12\/03\/mudanca-no-rosto-pode-indicar-sinal-da-doenca\/","title":{"rendered":"mudan\u00e7a no rosto pode indicar sinal da doen\u00e7a"},"content":{"rendered":"<div class='code-block code-block-1' style='margin: 8px 0 8px auto; text-align: right; display: block; clear: both;'>\n<p><a href=\"https:\/\/wa.link\/vpicfd\"><img data-recalc-dims=\"1\" class=\"wp-image-4922\" style=\"aspect-ratio: 2.0253164556962027; width: 561px; height: auto;\" src=\"https:\/\/i0.wp.com\/ismaelcolosi.com.br\/wp-content\/uploads\/2023\/11\/grupo-de-empregos-whatsapp-e-facebook-ismael-colosi-vagas.jpg?ssl=1\" alt=\"\" \/><\/a><\/p>\n<!-- \/wp:image -->\n<\/div>\n<p> <br \/>\n<\/p>\n<div>\n<div id=\"attachment_2315547\" class=\"wp-caption alignnone\">\n<div class=\"d-flex justify-content-center\" data-attachment-id=\"2315547\">\n<div class=\"position-relative d-inline-block\"><img data-recalc-dims=\"1\" data-portal-copyright=\"Getty Images\/iStockphoto\" fetchpriority=\"high\" decoding=\"async\" class=\"wp-image-2315547 size-full\" src=\"https:\/\/i0.wp.com\/catracalivre.com.br\/wp-content\/uploads\/2023\/11\/istock-1197121773.jpg?resize=1254%2C836&#038;ssl=1\" alt=\"Apesar de eventualmente sinalizar a doen\u00e7a, \u00e9 importante ressaltar que nem todos os casos de incha\u00e7o facial s\u00e3o causados pelo c\u00e2ncer de pulm\u00e3o \u2013 iStock\/Getty Images\" width=\"1254\" height=\"836\" srcset=\"https:\/\/catracalivre.com.br\/wp-content\/uploads\/2023\/11\/istock-1197121773.jpg 1254w, https:\/\/catracalivre.com.br\/wp-content\/uploads\/2023\/11\/istock-1197121773-450x300.jpg 450w, https:\/\/catracalivre.com.br\/wp-content\/uploads\/2023\/11\/istock-1197121773-768x512.jpg 768w\" sizes=\"(max-width: 1254px) 100vw, 1254px\"\/><\/p>\n<p>Cr\u00e9ditos: Getty Images\/iStockphoto<\/p>\n<\/div>\n<\/div>\n<p><span class=\"post-imagem__legenda\">Apesar de eventualmente sinalizar a doen\u00e7a, \u00e9 importante ressaltar que nem todos os casos de incha\u00e7o facial s\u00e3o causados pelo c\u00e2ncer de pulm\u00e3o \u2013 iStock\/Getty Images<\/span><\/p>\n<\/div>\n<p>Geralmente associado a sintomas como tosse, falta de ar e rouquid\u00e3o, o c\u00e2ncer de pulm\u00e3o pode se manifestar por meio de sinais menos \u00f3bvios. Um deles \u00e9 o incha\u00e7o no rosto, pesco\u00e7o, bra\u00e7os e parte superior do t\u00f3rax.<\/p>\n<p>Para os especialistas, isso acontece quando o tumor exerce press\u00e3o sobre a veia cava superior (VCS) ou se espalha para os g\u00e2nglios linf\u00e1ticos pr\u00f3ximos.<\/p>\n<p>Consequentemente, a veia cava superior leva o sangue da cabe\u00e7a e bra\u00e7os de volta ao cora\u00e7\u00e3o, passando ao lado da parte superior do pulm\u00e3o direito e dos linfonodos no interior do t\u00f3rax. Por isso tumores nessa \u00e1rea podem pressionar a veia cava superior, fazendo com que o sangue retorne para as veias, provocando o <strong><a href=\"https:\/\/catracalivre.com.br\/saude-bem-estar\/adeus-inchaco-alimentos-e-bebidas-que-combatem-a-retencao-de-liquidos\/\" target=\"_blank\" rel=\"noopener\">incha\u00e7o<\/a><\/strong>.<\/p>\n<p>Apesar das evid\u00eancias, \u00e9 importante ressaltar que nem todos os casos de incha\u00e7o facial s\u00e3o causados pelo c\u00e2ncer de pulm\u00e3o. Na maioria das vezes outras condi\u00e7\u00f5es podem levar a sintomas semelhantes.<\/p>\n<h2>Outros sinais de c\u00e2ncer de pulm\u00e3o<\/h2>\n<p>De acordo com o<strong><a href=\"https:\/\/www.gov.br\/inca\/pt-br\" target=\"_blank\" rel=\"noopener\"> Instituto Nacional de C\u00e2ncer (INCA)<\/a><\/strong>, a doen\u00e7a, na maioria das vezes, come\u00e7a de maneira silenciosa, n\u00e3o provocando quaisquer sintomas at\u00e9 que se dissemina. Por\u00e9m, em em est\u00e1gios mais avan\u00e7ados, a pessoa pode apresentar os seguintes sinais:<\/p>\n<ul>\n<li>tosse com expectora\u00e7\u00e3o mucosa<\/li>\n<li>tosse com expectora\u00e7\u00e3o com sangue<\/li>\n<li>dor no peito<\/li>\n<li>rouquid\u00e3o<\/li>\n<li>perda de apetite<\/li>\n<li>perda de peso n\u00e3o intencional<\/li>\n<li>fadiga<\/li>\n<li>infec\u00e7\u00f5es de repeti\u00e7\u00e3o<\/li>\n<\/ul>\n<h2>Causas do c\u00e2ncer de pulm\u00e3o<\/h2>\n<p>Respons\u00e1vel por 80% dos casos, o cigarro \u00e9 o principal causador do c\u00e2ncer de pulm\u00e3o.\u00a0Entre as pessoas que n\u00e3o fumam, nem nunca fumaram, um dos maiores fatores de risco de c\u00e2ncer de pulm\u00e3o \u00e9 o fumo passivo, segundo relat\u00f3rio da American Cancer Society descobriu que cerca de 7.000 adultos morrem de c\u00e2ncer de pulm\u00e3o por ano devido ao fumo passivo.<\/p>\n<p>O fumo passivo, tamb\u00e9m conhecido como fuma\u00e7a ambiental do tabaco, possui maior concentra\u00e7\u00e3o de nicotina e carcin\u00f3geno. Tamb\u00e9m pode causar c\u00e2ncer de laringe, nasofaringe, seios nasais e at\u00e9 de mama.<\/p>\n<p>Al\u00e9m disso, embora pouco falado, o g\u00e1s rad\u00f4nio, naturalmente presente no solo, nas rochas e na \u00e1gua, \u00e9 apontado pela OMS como a segunda maior causa para o desenvolvimento de c\u00e2ncer de pulm\u00e3o, ficando atr\u00e1s do cigarro.<\/p>\n<p>Outro fator que faz com que muitos n\u00e3o fumantes desenvolvam a doen\u00e7a tem a ver com risco ocupacional. S\u00e3o pessoas que t\u00eam contato com agentes cancer\u00edgenos no trabalho, como ars\u00eanico, ur\u00e2nio, amianto e exaust\u00e3o de diesel.<\/p>\n<\/div>\n<p><script>\n\t\t! function(f, b, e, v, n, t, s) {\n\t\t\tif (f.fbq) return;\n\t\t\tn = f.fbq = function() {\n\t\t\t\tn.callMethod ?\n\t\t\t\t\tn.callMethod.apply(n, arguments) : n.queue.push(arguments)\n\t\t\t};\n\t\t\tif (!f._fbq) f._fbq = n;\n\t\t\tn.push = n;\n\t\t\tn.loaded = !0;\n\t\t\tn.version = '2.0';\n\t\t\tn.queue = [];\n\t\t\tt = b.createElement(e);\n\t\t\tt.async = !0;\n\t\t\tt.src = v;\n\t\t\ts = b.getElementsByTagName(e)[0];\n\t\t\ts.parentNode.insertBefore(t, s)\n\t\t}(window, document, 'script',\n\t\t\t'https:\/\/connect.facebook.net\/en_US\/fbevents.js');\n\t\tfbq('init', '338315473262380');\n\t\tfbq('track', 'PageView');\n\t<\/script><br \/>\n<br \/><br \/>\n<br \/><a href=\"https:\/\/catracalivre.com.br\/saude-bem-estar\/cancer-de-pulmao-mudanca-no-rosto-pode-indicar-sinal-da-doenca\/\">Source link <\/a><\/p>\n<!-- CONTENT END 1 -->\n","protected":false},"excerpt":{"rendered":"<p>Cr\u00e9ditos: Getty Images\/iStockphoto Apesar de eventualmente sinalizar a doen\u00e7a, \u00e9 importante ressaltar que nem todos os casos de incha\u00e7o facial s\u00e3o causados pelo c\u00e2ncer de&#8230;<\/p>\n","protected":false},"author":1,"featured_media":9956,"comment_status":"open","ping_status":"open","sticky":false,"template":"","format":"standard","meta":{"advanced_seo_description":"","jetpack_seo_html_title":"","jetpack_seo_noindex":false,"jetpack_post_was_ever_published":false,"_jetpack_newsletter_access":"","_jetpack_dont_email_post_to_subs":false,"_jetpack_newsletter_tier_id":0,"_jetpack_memberships_contains_paywalled_content":false,"_jetpack_memberships_contains_paid_content":false,"footnotes":"","jetpack_publicize_message":"","jetpack_publicize_feature_enabled":true,"jetpack_social_post_already_shared":true,"jetpack_social_options":{"image_generator_settings":{"template":"highway","default_image_id":0,"font":"","enabled":false},"version":2}},"categories":[19],"tags":[],"class_list":["post-9955","post","type-post","status-publish","format-standard","has-post-thumbnail","hentry","category-variedades"],"jetpack_publicize_connections":[],"jetpack_featured_media_url":"https:\/\/i0.wp.com\/noticiasribeiraopreto.com.br\/wp-content\/uploads\/2023\/12\/istock-1197121773.jpg?fit=1200%2C638&ssl=1","jetpack-related-posts":[{"id":22550,"url":"https:\/\/noticiasribeiraopreto.com.br\/index.php\/2023\/12\/30\/doencas-relacionadas-ao-trabalho-veja-nova-lista-atualizada\/","url_meta":{"origin":9955,"position":0},"title":"Doen\u00e7as relacionadas ao trabalho: Veja nova lista atualizada!","author":"noticiasribeiraopreto.com.br","date":"30 de December de 2023","format":false,"excerpt":"A portaria do Minist\u00e9rio da Sa\u00fade, atualizando a lista de doen\u00e7as ligadas ao ambiente de trabalho no pa\u00eds desde 1999, entrou em vigor nesta sexta-feira (29). O n\u00famero de patologias aumentou quase para o dobro, passando de 182 para 347, com a inclus\u00e3o de doen\u00e7as como Covid-19, burnout, abuso de\u2026","rel":"","context":"In &quot;Vagas de Emprego em Ribeir\u00e3o Preto-SP&quot;","block_context":{"text":"Vagas de Emprego em Ribeir\u00e3o Preto-SP","link":"https:\/\/noticiasribeiraopreto.com.br\/index.php\/category\/empregos-classificados-vagas-trabalho\/vagas-de-empregos-em-ribeirao-preto-regiao-brasil\/"},"img":{"alt_text":"","src":"","width":0,"height":0},"classes":[]},{"id":15030,"url":"https:\/\/noticiasribeiraopreto.com.br\/index.php\/2023\/12\/12\/cancer-de-mama-saiba-o-que-voce-precisa-saber-sobre-a-doenca-meu-valor-digital\/","url_meta":{"origin":9955,"position":1},"title":"C\u00e2ncer de Mama: saiba o que voc\u00ea precisa saber sobre a doen\u00e7a &#8211; Meu Valor Digital","author":"noticiasribeiraopreto.com.br","date":"12 de December de 2023","format":false,"excerpt":"C\u00e2ncer de Mama: saiba o que voc\u00ea precisa saber sobre a doen\u00e7a - Meu Valor Digital - Not\u00edcias atualizadas In\u00edcioChamadasC\u00e2ncer de Mama: saiba o que voc\u00ea precisa saber sobre a doen\u00e7a Source link","rel":"","context":"In &quot;Vagas de Emprego em Ribeir\u00e3o Preto-SP&quot;","block_context":{"text":"Vagas de Emprego em Ribeir\u00e3o Preto-SP","link":"https:\/\/noticiasribeiraopreto.com.br\/index.php\/category\/empregos-classificados-vagas-trabalho\/vagas-de-empregos-em-ribeirao-preto-regiao-brasil\/"},"img":{"alt_text":"","src":"https:\/\/i0.wp.com\/noticiasribeiraopreto.com.br\/wp-content\/uploads\/2023\/12\/Cancer-de-Mama-1.jpg?fit=1200%2C773&ssl=1&resize=350%2C200","width":350,"height":200,"srcset":"https:\/\/i0.wp.com\/noticiasribeiraopreto.com.br\/wp-content\/uploads\/2023\/12\/Cancer-de-Mama-1.jpg?fit=1200%2C773&ssl=1&resize=350%2C200 1x, https:\/\/i0.wp.com\/noticiasribeiraopreto.com.br\/wp-content\/uploads\/2023\/12\/Cancer-de-Mama-1.jpg?fit=1200%2C773&ssl=1&resize=525%2C300 1.5x, https:\/\/i0.wp.com\/noticiasribeiraopreto.com.br\/wp-content\/uploads\/2023\/12\/Cancer-de-Mama-1.jpg?fit=1200%2C773&ssl=1&resize=700%2C400 2x, https:\/\/i0.wp.com\/noticiasribeiraopreto.com.br\/wp-content\/uploads\/2023\/12\/Cancer-de-Mama-1.jpg?fit=1200%2C773&ssl=1&resize=1050%2C600 3x"},"classes":[]},{"id":60796,"url":"https:\/\/noticiasribeiraopreto.com.br\/index.php\/2024\/11\/25\/estudo-visa-identificar-doencas-em-8-mil-habitantes-de-ribeirao-preto\/","url_meta":{"origin":9955,"position":2},"title":"Estudo visa identificar doen\u00e7as em 8 mil habitantes de Ribeir\u00e3o Preto","author":"noticiasribeiraopreto.com.br","date":"25 de November de 2024","format":false,"excerpt":"Pesquisadores iniciaram, neste ano, um estudo nacional de sequenciamento gen\u00e9tico para identificar doen\u00e7as heredit\u00e1rias. A Universidade de S\u00e3o Paulo (USP) de Ribeir\u00e3o Preto foi selecionada como um dos principais centros de pesquisa e ser\u00e1 respons\u00e1vel pela an\u00e1lise do material gen\u00e9tico de at\u00e9 8 mil moradores da cidade. O objetivo do\u2026","rel":"","context":"In &quot;Not\u00edcias de Ribeir\u00e3o Preto-SP e Regi\u00e3o&quot;","block_context":{"text":"Not\u00edcias de Ribeir\u00e3o Preto-SP e Regi\u00e3o","link":"https:\/\/noticiasribeiraopreto.com.br\/index.php\/category\/noticias-de-ribeirao-preto-sp-e-regiao-ismael-colosi\/"},"img":{"alt_text":"","src":"https:\/\/i0.wp.com\/noticiasribeiraopreto.com.br\/wp-content\/uploads\/2024\/11\/Sem-titulo_2024-11-25_18-03-01_png_2024-11-25_18-03-01.webp.webp?fit=1200%2C527&ssl=1&resize=350%2C200","width":350,"height":200,"srcset":"https:\/\/i0.wp.com\/noticiasribeiraopreto.com.br\/wp-content\/uploads\/2024\/11\/Sem-titulo_2024-11-25_18-03-01_png_2024-11-25_18-03-01.webp.webp?fit=1200%2C527&ssl=1&resize=350%2C200 1x, https:\/\/i0.wp.com\/noticiasribeiraopreto.com.br\/wp-content\/uploads\/2024\/11\/Sem-titulo_2024-11-25_18-03-01_png_2024-11-25_18-03-01.webp.webp?fit=1200%2C527&ssl=1&resize=525%2C300 1.5x, https:\/\/i0.wp.com\/noticiasribeiraopreto.com.br\/wp-content\/uploads\/2024\/11\/Sem-titulo_2024-11-25_18-03-01_png_2024-11-25_18-03-01.webp.webp?fit=1200%2C527&ssl=1&resize=700%2C400 2x, https:\/\/i0.wp.com\/noticiasribeiraopreto.com.br\/wp-content\/uploads\/2024\/11\/Sem-titulo_2024-11-25_18-03-01_png_2024-11-25_18-03-01.webp.webp?fit=1200%2C527&ssl=1&resize=1050%2C600 3x"},"classes":[]},{"id":36701,"url":"https:\/\/noticiasribeiraopreto.com.br\/index.php\/2024\/02\/11\/ribeirao-preto-e-uma-das-cidades-prioritarias-para-eliminacao-de-14-doencas-entenda\/","url_meta":{"origin":9955,"position":3},"title":"Ribeir\u00e3o Preto \u00e9 uma das cidades priorit\u00e1rias para elimina\u00e7\u00e3o de 14 doen\u00e7as; Entenda","author":"noticiasribeiraopreto.com.br","date":"11 de February de 2024","format":false,"excerpt":"O Minist\u00e9rio da Sa\u00fade informou que Ribeir\u00e3o Preto \u00e9 uma das 23 cidades do Estado de S\u00e3o Paulo na lista de prioridades para elimina\u00e7\u00e3o, ou redu\u00e7\u00e3o, de 14 doen\u00e7as que afetam as popula\u00e7\u00f5es em situa\u00e7\u00e3o de vulnerabilidade social. O que \u00e9? As cidades foram definidas como priorit\u00e1rias pelo programa Brasil\u2026","rel":"","context":"In &quot;Not\u00edcias de Ribeir\u00e3o Preto-SP e Regi\u00e3o&quot;","block_context":{"text":"Not\u00edcias de Ribeir\u00e3o Preto-SP e Regi\u00e3o","link":"https:\/\/noticiasribeiraopreto.com.br\/index.php\/category\/noticias-de-ribeirao-preto-sp-e-regiao-ismael-colosi\/"},"img":{"alt_text":"","src":"https:\/\/i0.wp.com\/noticiasribeiraopreto.com.br\/wp-content\/uploads\/2024\/02\/aerea-ribeirao-preto.jpg?fit=1200%2C800&ssl=1&resize=350%2C200","width":350,"height":200,"srcset":"https:\/\/i0.wp.com\/noticiasribeiraopreto.com.br\/wp-content\/uploads\/2024\/02\/aerea-ribeirao-preto.jpg?fit=1200%2C800&ssl=1&resize=350%2C200 1x, https:\/\/i0.wp.com\/noticiasribeiraopreto.com.br\/wp-content\/uploads\/2024\/02\/aerea-ribeirao-preto.jpg?fit=1200%2C800&ssl=1&resize=525%2C300 1.5x, https:\/\/i0.wp.com\/noticiasribeiraopreto.com.br\/wp-content\/uploads\/2024\/02\/aerea-ribeirao-preto.jpg?fit=1200%2C800&ssl=1&resize=700%2C400 2x, https:\/\/i0.wp.com\/noticiasribeiraopreto.com.br\/wp-content\/uploads\/2024\/02\/aerea-ribeirao-preto.jpg?fit=1200%2C800&ssl=1&resize=1050%2C600 3x"},"classes":[]},{"id":16874,"url":"https:\/\/noticiasribeiraopreto.com.br\/index.php\/2023\/12\/16\/comer-nestes-horarios-reduz-risco-de-doenca-cardiovascular-diz-estudo\/","url_meta":{"origin":9955,"position":4},"title":"Comer nestes hor\u00e1rios reduz risco de doen\u00e7a cardiovascular, diz estudo","author":"noticiasribeiraopreto.com.br","date":"16 de December de 2023","format":false,"excerpt":"Cr\u00e9ditos: Depositphotos\/pressmasterFazer refei\u00e7\u00f5es mais cedo reduz risco de doen\u00e7a cardiovascular O cotidiano do ser humano \u00e9 marcado por rituais alimentares que, muitas vezes, s\u00e3o influenciados por h\u00e1bitos pessoais, pela cultura local e at\u00e9 mesmo pelo ritmo de trabalho e lazer. Mas voc\u00ea j\u00e1 parou para pensar que o hor\u00e1rio em\u2026","rel":"","context":"In &quot;Variedades&quot;","block_context":{"text":"Variedades","link":"https:\/\/noticiasribeiraopreto.com.br\/index.php\/category\/variedades\/"},"img":{"alt_text":"","src":"https:\/\/i0.wp.com\/noticiasribeiraopreto.com.br\/wp-content\/uploads\/2023\/12\/depositphotos-115722702-xl-scaled.jpg?fit=1200%2C638&ssl=1&resize=350%2C200","width":350,"height":200,"srcset":"https:\/\/i0.wp.com\/noticiasribeiraopreto.com.br\/wp-content\/uploads\/2023\/12\/depositphotos-115722702-xl-scaled.jpg?fit=1200%2C638&ssl=1&resize=350%2C200 1x, https:\/\/i0.wp.com\/noticiasribeiraopreto.com.br\/wp-content\/uploads\/2023\/12\/depositphotos-115722702-xl-scaled.jpg?fit=1200%2C638&ssl=1&resize=525%2C300 1.5x, https:\/\/i0.wp.com\/noticiasribeiraopreto.com.br\/wp-content\/uploads\/2023\/12\/depositphotos-115722702-xl-scaled.jpg?fit=1200%2C638&ssl=1&resize=700%2C400 2x, https:\/\/i0.wp.com\/noticiasribeiraopreto.com.br\/wp-content\/uploads\/2023\/12\/depositphotos-115722702-xl-scaled.jpg?fit=1200%2C638&ssl=1&resize=1050%2C600 3x"},"classes":[]},{"id":22820,"url":"https:\/\/noticiasribeiraopreto.com.br\/index.php\/2023\/12\/31\/7-vegetais-que-ajudam-a-prevenir-doencas-cronicas\/","url_meta":{"origin":9955,"position":5},"title":"7 vegetais que ajudam a prevenir doen\u00e7as cr\u00f4nicas","author":"noticiasribeiraopreto.com.br","date":"31 de December de 2023","format":false,"excerpt":"Cr\u00e9ditos: Hispanolistic\/istockFontes de vitaminas e minerais, vegetais ajudam a prevenir uma s\u00e9rie de doen\u00e7as cr\u00f4nicas \u2013 iStock\/Getty Images A preven\u00e7\u00e3o de doen\u00e7as cr\u00f4nicas se tornou uma prioridade para a sa\u00fade p\u00fablica. Por isso, adotar um estilo de vida saud\u00e1vel \u00e9 fundamental nos dias de hoje. \u00c9 a\u00ed que entra o\u2026","rel":"","context":"In &quot;Variedades&quot;","block_context":{"text":"Variedades","link":"https:\/\/noticiasribeiraopreto.com.br\/index.php\/category\/variedades\/"},"img":{"alt_text":"","src":"https:\/\/i0.wp.com\/noticiasribeiraopreto.com.br\/wp-content\/uploads\/2023\/12\/istock-1172975655.jpg?fit=1200%2C638&ssl=1&resize=350%2C200","width":350,"height":200,"srcset":"https:\/\/i0.wp.com\/noticiasribeiraopreto.com.br\/wp-content\/uploads\/2023\/12\/istock-1172975655.jpg?fit=1200%2C638&ssl=1&resize=350%2C200 1x, https:\/\/i0.wp.com\/noticiasribeiraopreto.com.br\/wp-content\/uploads\/2023\/12\/istock-1172975655.jpg?fit=1200%2C638&ssl=1&resize=525%2C300 1.5x, https:\/\/i0.wp.com\/noticiasribeiraopreto.com.br\/wp-content\/uploads\/2023\/12\/istock-1172975655.jpg?fit=1200%2C638&ssl=1&resize=700%2C400 2x, https:\/\/i0.wp.com\/noticiasribeiraopreto.com.br\/wp-content\/uploads\/2023\/12\/istock-1172975655.jpg?fit=1200%2C638&ssl=1&resize=1050%2C600 3x"},"classes":[]}],"jetpack_sharing_enabled":true,"jetpack_shortlink":"https:\/\/wp.me\/peQAOb-2Az","_links":{"self":[{"href":"https:\/\/noticiasribeiraopreto.com.br\/index.php\/wp-json\/wp\/v2\/posts\/9955","targetHints":{"allow":["GET"]}}],"collection":[{"href":"https:\/\/noticiasribeiraopreto.com.br\/index.php\/wp-json\/wp\/v2\/posts"}],"about":[{"href":"https:\/\/noticiasribeiraopreto.com.br\/index.php\/wp-json\/wp\/v2\/types\/post"}],"author":[{"embeddable":true,"href":"https:\/\/noticiasribeiraopreto.com.br\/index.php\/wp-json\/wp\/v2\/users\/1"}],"replies":[{"embeddable":true,"href":"https:\/\/noticiasribeiraopreto.com.br\/index.php\/wp-json\/wp\/v2\/comments?post=9955"}],"version-history":[{"count":0,"href":"https:\/\/noticiasribeiraopreto.com.br\/index.php\/wp-json\/wp\/v2\/posts\/9955\/revisions"}],"wp:featuredmedia":[{"embeddable":true,"href":"https:\/\/noticiasribeiraopreto.com.br\/index.php\/wp-json\/wp\/v2\/media\/9956"}],"wp:attachment":[{"href":"https:\/\/noticiasribeiraopreto.com.br\/index.php\/wp-json\/wp\/v2\/media?parent=9955"}],"wp:term":[{"taxonomy":"category","embeddable":true,"href":"https:\/\/noticiasribeiraopreto.com.br\/index.php\/wp-json\/wp\/v2\/categories?post=9955"},{"taxonomy":"post_tag","embeddable":true,"href":"https:\/\/noticiasribeiraopreto.com.br\/index.php\/wp-json\/wp\/v2\/tags?post=9955"}],"curies":[{"name":"wp","href":"https:\/\/api.w.org\/{rel}","templated":true}]}}