{"id":9957,"date":"2023-12-03T11:08:59","date_gmt":"2023-12-03T14:08:59","guid":{"rendered":"https:\/\/noticiasribeiraopreto.com.br\/index.php\/2023\/12\/03\/amor-venceu-lucas-lima-e-sandy-cantam-juntos-musica-que-escreveram-enquanto-eram-casados\/"},"modified":"2023-12-03T11:08:59","modified_gmt":"2023-12-03T14:08:59","slug":"amor-venceu-lucas-lima-e-sandy-cantam-juntos-musica-que-escreveram-enquanto-eram-casados","status":"publish","type":"post","link":"https:\/\/noticiasribeiraopreto.com.br\/index.php\/2023\/12\/03\/amor-venceu-lucas-lima-e-sandy-cantam-juntos-musica-que-escreveram-enquanto-eram-casados\/","title":{"rendered":"Amor venceu? Lucas Lima e Sandy cantam juntos m\u00fasica que escreveram enquanto eram casados"},"content":{"rendered":"<div class='code-block code-block-1' style='margin: 8px 0 8px auto; text-align: right; display: block; clear: both;'>\n<p><a href=\"https:\/\/wa.link\/vpicfd\"><img data-recalc-dims=\"1\" class=\"wp-image-4922\" style=\"aspect-ratio: 2.0253164556962027; width: 561px; height: auto;\" src=\"https:\/\/i0.wp.com\/ismaelcolosi.com.br\/wp-content\/uploads\/2023\/11\/grupo-de-empregos-whatsapp-e-facebook-ismael-colosi-vagas.jpg?ssl=1\" alt=\"\" \/><\/a><\/p>\n<!-- \/wp:image -->\n<\/div>\n<p> <br \/>\n<\/p>\n<div itemprop=\"text\">\n<p>Dois meses ap\u00f3s terem surpreendido seus f\u00e3s e o p\u00fablico em geral com o an\u00fancio de sua separa\u00e7\u00e3o, Sandy e Lucas Lima, que formaram um dos casais mais queridos do cen\u00e1rio musical brasileiro, proporcionaram um momento inesperado e emocionante.<\/p>\n<p>Na noite do \u00faltimo s\u00e1bado, dia 2 de dezembro, eles subiram juntos ao palco em um show que seria at\u00e9 ent\u00e3o solo de Sandy realizado em S\u00e3o Paulo, despertando admira\u00e7\u00e3o e nostalgia entre os f\u00e3s.<\/p>\n<p>O reencontro inusitado rapidamente se tornou o assunto do momento nas redes sociais. V\u00eddeos do evento come\u00e7aram a circular entre os f\u00e3s mostrando o instante em que Lucas Lima se juntou \u00e0 ex-mulher no palco.<\/p>\n<p>Eles apresentaram juntos can\u00e7\u00f5es significativas de sua \u00e9poca enquanto casal, destacando-se as performances de Areia e Me Espera, m\u00fasicas gravadas por eles durante o per\u00edodo em que estavam casados.<\/p>\n<p>Sandy e Lucas Lima, que compartilharam 24 anos de vida conjunta e s\u00e3o pais de um filho chamado Theo, de nove anos, emocionaram profundamente o p\u00fablico presente.<\/p>\n<p>No entanto, apesar deste reencontro art\u00edstico ter suscitado rumores e esperan\u00e7as de uma poss\u00edvel reconcilia\u00e7\u00e3o, ambos foram categ\u00f3ricos em negar tais especula\u00e7\u00f5es h\u00e1 poucos dias.<\/p>\n<p>Durante entrevistas e declara\u00e7\u00f5es recentes, Sandy e Lucas Lima enfatizaram que o relacionamento entre eles permanece respeitoso e amig\u00e1vel, mas puramente profissional.<\/p>\n<p>Eles alertaram o p\u00fablico e a imprensa para n\u00e3o acreditarem em boatos e especula\u00e7\u00f5es, reafirmando que apenas as informa\u00e7\u00f5es diretamente divulgadas por eles devem ser consideradas verdadeiras.<\/p>\n<\/div>\n<p><br \/>\n<br \/><a href=\"https:\/\/fnmais.com\/amor-venceu-lucas-lima-sandy-cantam-juntos-musica-que-escreveram-enquanto-eram-casados\/\">Source link <\/a><\/p>\n<!-- CONTENT END 1 -->\n","protected":false},"excerpt":{"rendered":"<p>Dois meses ap\u00f3s terem surpreendido seus f\u00e3s e o p\u00fablico em geral com o an\u00fancio de sua separa\u00e7\u00e3o, Sandy e Lucas Lima, que formaram um&#8230;<\/p>\n","protected":false},"author":1,"featured_media":9958,"comment_status":"open","ping_status":"open","sticky":false,"template":"","format":"standard","meta":{"advanced_seo_description":"","jetpack_seo_html_title":"","jetpack_seo_noindex":false,"jetpack_post_was_ever_published":false,"_jetpack_newsletter_access":"","_jetpack_dont_email_post_to_subs":false,"_jetpack_newsletter_tier_id":0,"_jetpack_memberships_contains_paywalled_content":false,"_jetpack_memberships_contains_paid_content":false,"footnotes":"","jetpack_publicize_message":"","jetpack_publicize_feature_enabled":true,"jetpack_social_post_already_shared":true,"jetpack_social_options":{"image_generator_settings":{"template":"highway","default_image_id":0,"font":"","enabled":false},"version":2}},"categories":[1],"tags":[],"class_list":["post-9957","post","type-post","status-publish","format-standard","has-post-thumbnail","hentry","category-blog"],"jetpack_publicize_connections":[],"jetpack_featured_media_url":"https:\/\/i0.wp.com\/noticiasribeiraopreto.com.br\/wp-content\/uploads\/2023\/12\/postimg-656c8b7c4cb463932.jpg?fit=1200%2C628&ssl=1","jetpack-related-posts":[{"id":22650,"url":"https:\/\/noticiasribeiraopreto.com.br\/index.php\/2023\/12\/30\/vaza-video-de-sandy-e-lucas-lima-em-momento-de-intimidade-apos-separacao\/","url_meta":{"origin":9957,"position":0},"title":"Vaza v\u00eddeo de Sandy e Lucas Lima em momento de intimidade ap\u00f3s separa\u00e7\u00e3o","author":"noticiasribeiraopreto.com.br","date":"30 de December de 2023","format":false,"excerpt":"Em setembro deste ano, a cantora Sandy e o m\u00fasico Lucas Lima pegaram os f\u00e3s de surpresa ao anunciar que estavam se separando. O casal ficou muito por mais de duas d\u00e9cadas e formavam um dos pares rom\u00e2nticos mais queridos do Brasil.A separa\u00e7\u00e3o foi anunciada por meio dos perfis oficiais\u2026","rel":"","context":"In &quot;Blog&quot;","block_context":{"text":"Blog","link":"https:\/\/noticiasribeiraopreto.com.br\/index.php\/category\/blog\/"},"img":{"alt_text":"","src":"https:\/\/i0.wp.com\/noticiasribeiraopreto.com.br\/wp-content\/uploads\/2023\/12\/postimg-65905079a418a8746.jpg?fit=1200%2C628&ssl=1&resize=350%2C200","width":350,"height":200,"srcset":"https:\/\/i0.wp.com\/noticiasribeiraopreto.com.br\/wp-content\/uploads\/2023\/12\/postimg-65905079a418a8746.jpg?fit=1200%2C628&ssl=1&resize=350%2C200 1x, https:\/\/i0.wp.com\/noticiasribeiraopreto.com.br\/wp-content\/uploads\/2023\/12\/postimg-65905079a418a8746.jpg?fit=1200%2C628&ssl=1&resize=525%2C300 1.5x, https:\/\/i0.wp.com\/noticiasribeiraopreto.com.br\/wp-content\/uploads\/2023\/12\/postimg-65905079a418a8746.jpg?fit=1200%2C628&ssl=1&resize=700%2C400 2x, https:\/\/i0.wp.com\/noticiasribeiraopreto.com.br\/wp-content\/uploads\/2023\/12\/postimg-65905079a418a8746.jpg?fit=1200%2C628&ssl=1&resize=1050%2C600 3x"},"classes":[]},{"id":27200,"url":"https:\/\/noticiasribeiraopreto.com.br\/index.php\/2024\/01\/11\/voltaram-sandy-e-lucas-lima-sao-flagrados-juntos-em-viagem-e-fas-ficam-esperancosos-com-reconciliacao\/","url_meta":{"origin":9957,"position":1},"title":"Voltaram? Sandy e Lucas Lima s\u00e3o flagrados juntos em viagem e f\u00e3s ficam esperan\u00e7osos com reconcilia\u00e7\u00e3o","author":"noticiasribeiraopreto.com.br","date":"11 de January de 2024","format":false,"excerpt":"Numa reviravolta surpreendente, Sandy e Lucas Lima est\u00e3o mostrando ao mundo que a amizade e o respeito podem prevalecer mesmo ap\u00f3s uma separa\u00e7\u00e3o de 24 anos de uni\u00e3o.O casal, que anunciou recentemente o fim do relacionamento, est\u00e1 aproveitando as f\u00e9rias em grande estilo, compartilhando momentos de divers\u00e3o com o filho\u2026","rel":"","context":"In &quot;Blog&quot;","block_context":{"text":"Blog","link":"https:\/\/noticiasribeiraopreto.com.br\/index.php\/category\/blog\/"},"img":{"alt_text":"","src":"https:\/\/i0.wp.com\/noticiasribeiraopreto.com.br\/wp-content\/uploads\/2024\/01\/postimg-65a03baeb518f5650.jpg?fit=1200%2C628&ssl=1&resize=350%2C200","width":350,"height":200,"srcset":"https:\/\/i0.wp.com\/noticiasribeiraopreto.com.br\/wp-content\/uploads\/2024\/01\/postimg-65a03baeb518f5650.jpg?fit=1200%2C628&ssl=1&resize=350%2C200 1x, https:\/\/i0.wp.com\/noticiasribeiraopreto.com.br\/wp-content\/uploads\/2024\/01\/postimg-65a03baeb518f5650.jpg?fit=1200%2C628&ssl=1&resize=525%2C300 1.5x, https:\/\/i0.wp.com\/noticiasribeiraopreto.com.br\/wp-content\/uploads\/2024\/01\/postimg-65a03baeb518f5650.jpg?fit=1200%2C628&ssl=1&resize=700%2C400 2x, https:\/\/i0.wp.com\/noticiasribeiraopreto.com.br\/wp-content\/uploads\/2024\/01\/postimg-65a03baeb518f5650.jpg?fit=1200%2C628&ssl=1&resize=1050%2C600 3x"},"classes":[]},{"id":4083,"url":"https:\/\/noticiasribeiraopreto.com.br\/index.php\/2023\/11\/20\/bomba-sandy-e-lucas-lima-teriam-desistido-da-separacao-e-reatado-casamento\/","url_meta":{"origin":9957,"position":2},"title":"Bomba! Sandy e Lucas Lima teriam desistido da separa\u00e7\u00e3o e reatado casamento","author":"noticiasribeiraopreto.com.br","date":"20 de November de 2023","format":false,"excerpt":"O amor prevaleceu no relacionamento de Sandy e Lucas Lima, que, ap\u00f3s anunciar sua separa\u00e7\u00e3o em setembro, decidiram reatar o casamento. A informa\u00e7\u00e3o \u00e9 da Coluna do Sodr\u00e9 do Correio Braziliense.Este casal, admirado por sua estabilidade e harmonia ao longo dos anos, surpreendeu os f\u00e3s com a not\u00edcia de sua\u2026","rel":"","context":"In &quot;Blog&quot;","block_context":{"text":"Blog","link":"https:\/\/noticiasribeiraopreto.com.br\/index.php\/category\/blog\/"},"img":{"alt_text":"","src":"https:\/\/i0.wp.com\/noticiasribeiraopreto.com.br\/wp-content\/uploads\/2023\/11\/postimg-655bc42ec7cb98181.jpg?fit=1200%2C628&ssl=1&resize=350%2C200","width":350,"height":200,"srcset":"https:\/\/i0.wp.com\/noticiasribeiraopreto.com.br\/wp-content\/uploads\/2023\/11\/postimg-655bc42ec7cb98181.jpg?fit=1200%2C628&ssl=1&resize=350%2C200 1x, https:\/\/i0.wp.com\/noticiasribeiraopreto.com.br\/wp-content\/uploads\/2023\/11\/postimg-655bc42ec7cb98181.jpg?fit=1200%2C628&ssl=1&resize=525%2C300 1.5x, https:\/\/i0.wp.com\/noticiasribeiraopreto.com.br\/wp-content\/uploads\/2023\/11\/postimg-655bc42ec7cb98181.jpg?fit=1200%2C628&ssl=1&resize=700%2C400 2x, https:\/\/i0.wp.com\/noticiasribeiraopreto.com.br\/wp-content\/uploads\/2023\/11\/postimg-655bc42ec7cb98181.jpg?fit=1200%2C628&ssl=1&resize=1050%2C600 3x"},"classes":[]},{"id":4166,"url":"https:\/\/noticiasribeiraopreto.com.br\/index.php\/2023\/11\/20\/fas-reagem-a-suposta-reconciliacao-de-sandy-e-lucas-lima\/","url_meta":{"origin":9957,"position":3},"title":"F\u00e3s reagem a suposta reconcilia\u00e7\u00e3o de Sandy e Lucas Lima","author":"noticiasribeiraopreto.com.br","date":"20 de November de 2023","format":false,"excerpt":"O universo das celebridades brasileiras foi recentemente sacudido por not\u00edcias sobre a vida pessoal de Sandy e Lucas Lima. Ap\u00f3s dois meses do an\u00fancio de seu div\u00f3rcio, o casal parece ter reconsiderado a decis\u00e3o, gerando uma onda de rea\u00e7\u00f5es entre os f\u00e3s.Segundo informa\u00e7\u00f5es da Coluna do Sodr\u00e9, do Correio Braziliense,\u2026","rel":"","context":"In &quot;Blog&quot;","block_context":{"text":"Blog","link":"https:\/\/noticiasribeiraopreto.com.br\/index.php\/category\/blog\/"},"img":{"alt_text":"","src":"https:\/\/i0.wp.com\/noticiasribeiraopreto.com.br\/wp-content\/uploads\/2023\/11\/postimg-655bec829f6021080.jpg?fit=1200%2C628&ssl=1&resize=350%2C200","width":350,"height":200,"srcset":"https:\/\/i0.wp.com\/noticiasribeiraopreto.com.br\/wp-content\/uploads\/2023\/11\/postimg-655bec829f6021080.jpg?fit=1200%2C628&ssl=1&resize=350%2C200 1x, https:\/\/i0.wp.com\/noticiasribeiraopreto.com.br\/wp-content\/uploads\/2023\/11\/postimg-655bec829f6021080.jpg?fit=1200%2C628&ssl=1&resize=525%2C300 1.5x, https:\/\/i0.wp.com\/noticiasribeiraopreto.com.br\/wp-content\/uploads\/2023\/11\/postimg-655bec829f6021080.jpg?fit=1200%2C628&ssl=1&resize=700%2C400 2x, https:\/\/i0.wp.com\/noticiasribeiraopreto.com.br\/wp-content\/uploads\/2023\/11\/postimg-655bec829f6021080.jpg?fit=1200%2C628&ssl=1&resize=1050%2C600 3x"},"classes":[]},{"id":4146,"url":"https:\/\/noticiasribeiraopreto.com.br\/index.php\/2023\/11\/20\/sandy-vem-a-publico-e-faz-publicacao-para-falar-a-verdade-sobre-reconciliacao-com-lucas-limas\/","url_meta":{"origin":9957,"position":4},"title":"Sandy vem \u00e0 p\u00fablico e faz publica\u00e7\u00e3o para falar a verdade sobre reconcilia\u00e7\u00e3o com Lucas Limas","author":"noticiasribeiraopreto.com.br","date":"20 de November de 2023","format":false,"excerpt":"Recentemente, o mundo do entretenimento brasileiro foi agitado por rumores de uma poss\u00edvel reconcilia\u00e7\u00e3o entre Sandy, a renomada cantora de 40 anos, e seu ex-marido, o m\u00fasico e ator Lucas Lima, de 41 anos.O casal, que havia anunciado sua separa\u00e7\u00e3o no m\u00eas de setembro, encontrou-se no centro de especula\u00e7\u00f5es sobre\u2026","rel":"","context":"In &quot;Blog&quot;","block_context":{"text":"Blog","link":"https:\/\/noticiasribeiraopreto.com.br\/index.php\/category\/blog\/"},"img":{"alt_text":"","src":"https:\/\/i0.wp.com\/noticiasribeiraopreto.com.br\/wp-content\/uploads\/2023\/11\/postimg-655bf366dd5a58072.jpg?fit=1200%2C628&ssl=1&resize=350%2C200","width":350,"height":200,"srcset":"https:\/\/i0.wp.com\/noticiasribeiraopreto.com.br\/wp-content\/uploads\/2023\/11\/postimg-655bf366dd5a58072.jpg?fit=1200%2C628&ssl=1&resize=350%2C200 1x, https:\/\/i0.wp.com\/noticiasribeiraopreto.com.br\/wp-content\/uploads\/2023\/11\/postimg-655bf366dd5a58072.jpg?fit=1200%2C628&ssl=1&resize=525%2C300 1.5x, https:\/\/i0.wp.com\/noticiasribeiraopreto.com.br\/wp-content\/uploads\/2023\/11\/postimg-655bf366dd5a58072.jpg?fit=1200%2C628&ssl=1&resize=700%2C400 2x, https:\/\/i0.wp.com\/noticiasribeiraopreto.com.br\/wp-content\/uploads\/2023\/11\/postimg-655bf366dd5a58072.jpg?fit=1200%2C628&ssl=1&resize=1050%2C600 3x"},"classes":[]},{"id":6842,"url":"https:\/\/noticiasribeiraopreto.com.br\/index.php\/2023\/11\/27\/sandy-revela-que-nao-se-acha-bonita-e-entrega-dependencia-de-maquiagem-nao-ando-sem\/","url_meta":{"origin":9957,"position":5},"title":"Sandy revela que n\u00e3o se acha bonita e entrega depend\u00eancia de maquiagem: &#8216;n\u00e3o ando sem&#8217;","author":"noticiasribeiraopreto.com.br","date":"27 de November de 2023","format":false,"excerpt":"Aos 40 anos de idade, Sandy estaria facilmente na lista de mulheres mais bonitas do Brasil de muita gente. No entanto, se engana quem pensa que a apresentadora tem uma boa rela\u00e7\u00e3o com sua auto-estima.Durante entrevista \u00e0 Ang\u00e9lica, em seu novo programa, a cantora surpreendeu ao afirmar que n\u00e3o se\u2026","rel":"","context":"In &quot;Blog&quot;","block_context":{"text":"Blog","link":"https:\/\/noticiasribeiraopreto.com.br\/index.php\/category\/blog\/"},"img":{"alt_text":"","src":"https:\/\/i0.wp.com\/noticiasribeiraopreto.com.br\/wp-content\/uploads\/2023\/11\/postimg-65642cdc457281030.jpg?fit=1200%2C628&ssl=1&resize=350%2C200","width":350,"height":200,"srcset":"https:\/\/i0.wp.com\/noticiasribeiraopreto.com.br\/wp-content\/uploads\/2023\/11\/postimg-65642cdc457281030.jpg?fit=1200%2C628&ssl=1&resize=350%2C200 1x, https:\/\/i0.wp.com\/noticiasribeiraopreto.com.br\/wp-content\/uploads\/2023\/11\/postimg-65642cdc457281030.jpg?fit=1200%2C628&ssl=1&resize=525%2C300 1.5x, https:\/\/i0.wp.com\/noticiasribeiraopreto.com.br\/wp-content\/uploads\/2023\/11\/postimg-65642cdc457281030.jpg?fit=1200%2C628&ssl=1&resize=700%2C400 2x, https:\/\/i0.wp.com\/noticiasribeiraopreto.com.br\/wp-content\/uploads\/2023\/11\/postimg-65642cdc457281030.jpg?fit=1200%2C628&ssl=1&resize=1050%2C600 3x"},"classes":[]}],"jetpack_sharing_enabled":true,"jetpack_shortlink":"https:\/\/wp.me\/peQAOb-2AB","_links":{"self":[{"href":"https:\/\/noticiasribeiraopreto.com.br\/index.php\/wp-json\/wp\/v2\/posts\/9957","targetHints":{"allow":["GET"]}}],"collection":[{"href":"https:\/\/noticiasribeiraopreto.com.br\/index.php\/wp-json\/wp\/v2\/posts"}],"about":[{"href":"https:\/\/noticiasribeiraopreto.com.br\/index.php\/wp-json\/wp\/v2\/types\/post"}],"author":[{"embeddable":true,"href":"https:\/\/noticiasribeiraopreto.com.br\/index.php\/wp-json\/wp\/v2\/users\/1"}],"replies":[{"embeddable":true,"href":"https:\/\/noticiasribeiraopreto.com.br\/index.php\/wp-json\/wp\/v2\/comments?post=9957"}],"version-history":[{"count":0,"href":"https:\/\/noticiasribeiraopreto.com.br\/index.php\/wp-json\/wp\/v2\/posts\/9957\/revisions"}],"wp:featuredmedia":[{"embeddable":true,"href":"https:\/\/noticiasribeiraopreto.com.br\/index.php\/wp-json\/wp\/v2\/media\/9958"}],"wp:attachment":[{"href":"https:\/\/noticiasribeiraopreto.com.br\/index.php\/wp-json\/wp\/v2\/media?parent=9957"}],"wp:term":[{"taxonomy":"category","embeddable":true,"href":"https:\/\/noticiasribeiraopreto.com.br\/index.php\/wp-json\/wp\/v2\/categories?post=9957"},{"taxonomy":"post_tag","embeddable":true,"href":"https:\/\/noticiasribeiraopreto.com.br\/index.php\/wp-json\/wp\/v2\/tags?post=9957"}],"curies":[{"name":"wp","href":"https:\/\/api.w.org\/{rel}","templated":true}]}}