{"id":9961,"date":"2023-12-03T11:12:30","date_gmt":"2023-12-03T14:12:30","guid":{"rendered":"https:\/\/noticiasribeiraopreto.com.br\/index.php\/2023\/12\/03\/palmeiras-joga-pelo-titulo-do-brasileirao-santos-para-escapar-do-rebaixamento\/"},"modified":"2023-12-03T11:12:30","modified_gmt":"2023-12-03T14:12:30","slug":"palmeiras-joga-pelo-titulo-do-brasileirao-santos-para-escapar-do-rebaixamento","status":"publish","type":"post","link":"https:\/\/noticiasribeiraopreto.com.br\/index.php\/2023\/12\/03\/palmeiras-joga-pelo-titulo-do-brasileirao-santos-para-escapar-do-rebaixamento\/","title":{"rendered":"Palmeiras joga pelo t\u00edtulo do Brasileir\u00e3o; Santos para escapar do rebaixamento\u00a0\u00a0"},"content":{"rendered":"<div class='code-block code-block-1' style='margin: 8px 0 8px auto; text-align: right; display: block; clear: both;'>\n<p><a href=\"https:\/\/wa.link\/vpicfd\"><img data-recalc-dims=\"1\" class=\"wp-image-4922\" style=\"aspect-ratio: 2.0253164556962027; width: 561px; height: auto;\" src=\"https:\/\/i0.wp.com\/ismaelcolosi.com.br\/wp-content\/uploads\/2023\/11\/grupo-de-empregos-whatsapp-e-facebook-ismael-colosi-vagas.jpg?ssl=1\" alt=\"\" \/><\/a><\/p>\n<!-- \/wp:image -->\n<\/div>\n<p> <br \/>\n<\/p>\n<div>\n<p><span data-contrast=\"auto\">Depois de ver o Botafogo liderar a competi\u00e7\u00e3o por diversas rodadas, o Palmeiras pode ser campe\u00e3o brasileiro neste domingo. Por isso, o Tribuna Ribeir\u00e3o elencou os cen\u00e1rios necess\u00e1rios para que o Verd\u00e3o erga a ta\u00e7a nesta rodada.\u00a0<\/span><span data-ccp-props=\"{&quot;201341983&quot;:0,&quot;335551550&quot;:6,&quot;335551620&quot;:6,&quot;335559739&quot;:200,&quot;335559740&quot;:276}\">\u00a0<\/span><\/p>\n<p><span data-contrast=\"auto\">Atualmente o time de Abel Ferreira tem 66 pontos e \u00e9 o l\u00edder. Botafogo, Atl\u00e9tico-MG e Flamengo t\u00eam 63 e vem na cola do Verd\u00e3o. Para que o Palmeiras seja campe\u00e3o, algumas combina\u00e7\u00f5es de resultados precisam acontecer,\u00a0<\/span><span data-ccp-props=\"{&quot;201341983&quot;:0,&quot;335551550&quot;:6,&quot;335551620&quot;:6,&quot;335559739&quot;:200,&quot;335559740&quot;:276}\">\u00a0<\/span><\/p>\n<p><span data-contrast=\"auto\">Na matem\u00e1tica, o Verd\u00e3o precisaria terminar a 37\u00aa rodada com quatro pontos de vantagem em rela\u00e7\u00e3o ao segundo colocado \u2013 e enfrenta o Fluminense, \u00e0s 16h neste domingo, no Allianz Parque.<\/span><span data-ccp-props=\"{&quot;201341983&quot;:0,&quot;335551550&quot;:6,&quot;335551620&quot;:6,&quot;335559739&quot;:200,&quot;335559740&quot;:276}\">\u00a0<\/span><\/p>\n<p><span data-contrast=\"auto\">Atl\u00e9tico-MG entra em campo primeiro, Flamengo no mesmo hor\u00e1rio do\u202fPalmeiras\u202fe o Botafogo ser\u00e1 o \u00faltimo da lista, ao lado de Gr\u00eamio e Bragantino. Os cen\u00e1rios poss\u00edveis ao Verd\u00e3o s\u00e3o:<\/span><span data-ccp-props=\"{&quot;201341983&quot;:0,&quot;335551550&quot;:6,&quot;335551620&quot;:6,&quot;335559739&quot;:200,&quot;335559740&quot;:276}\">\u00a0<\/span><\/p>\n<p><span data-contrast=\"auto\">Se o\u202fPalmeiras\u202fvencer o Fluminense, somar\u00e1 69 pontos e torce para que Botafogo, Atl\u00e9tico-MG e Flamengo n\u00e3o ven\u00e7am seus jogos na rodada. Neste caso, Gr\u00eamio e Bragantino n\u00e3o teria diferen\u00e7a, porque mesmo se ganharem nesta quinta-feira, s\u00f3 chegariam ao m\u00e1ximo de 68 pontos e n\u00e3o conseguiriam alcan\u00e7ar o Verd\u00e3o.<\/span><span data-ccp-props=\"{&quot;201341983&quot;:0,&quot;335551550&quot;:6,&quot;335551620&quot;:6,&quot;335559739&quot;:200,&quot;335559740&quot;:276}\">\u00a0<\/span><\/p>\n<p><span data-contrast=\"auto\">Se o\u202fPalmeiras\u202fempatar com Fluminense, somar\u00e1 67 pontos e vai precisar torcer por derrotas de Botafogo, Atl\u00e9tico-MG e Flamengo na 37\u00aa rodada. O Verd\u00e3o tamb\u00e9m vai precisar contar com um trope\u00e7o do Gr\u00eamio.\u00a0<\/span><span data-ccp-props=\"{&quot;201341983&quot;:0,&quot;335551550&quot;:6,&quot;335551620&quot;:6,&quot;335559739&quot;:200,&quot;335559740&quot;:276}\">\u00a0<\/span><\/p>\n<p><span data-contrast=\"auto\">Se o\u202fPalmeiras\u202fperder para o Fluminense, n\u00e3o tem chances de conquistar o t\u00edtulo na 37\u00aa rodada, mesmo que todos os outros tr\u00eas postulantes percam seus respectivos jogos. A diferen\u00e7a seguir\u00e1 no m\u00ednimo em tr\u00eas pontos e a decis\u00e3o vai para a rodada final.<\/span><span data-ccp-props=\"{&quot;201341983&quot;:0,&quot;335551550&quot;:6,&quot;335551620&quot;:6,&quot;335559739&quot;:200,&quot;335559740&quot;:276}\">\u00a0<\/span><\/p>\n<p><span data-contrast=\"auto\">Para a partida, o t\u00e9cnico Abel Ferreira tem um desfalque importante. O atacante Rony, que teve uma fratura no bra\u00e7o constatada, vai precisar passar por uma cirurgia e n\u00e3o joga mais neste ano.\u00a0<\/span><span data-ccp-props=\"{&quot;201341983&quot;:0,&quot;335551550&quot;:6,&quot;335551620&quot;:6,&quot;335559739&quot;:200,&quot;335559740&quot;:276}\">\u00a0<\/span><\/p>\n<p><span data-contrast=\"auto\">O Palmeiras tamb\u00e9m ter\u00e1 os retornos de Gustavo Gomez e de Mayke, que cumpriram suspens\u00e3o na \u00faltima rodada. Luan tamb\u00e9m pode retornar. Assim, o Palmeiras pode iniciar a partida com a seguinte escala\u00e7\u00e3o: Weverton; Marcos Rocha, Murilo, Gomez e Piquerez; Z\u00e9 Rafael, Richard Rios e Raphael Veiga; Endrick, Mayke e Breno Lopes.\u00a0<\/span><span data-ccp-props=\"{&quot;201341983&quot;:0,&quot;335551550&quot;:6,&quot;335551620&quot;:6,&quot;335559739&quot;:200,&quot;335559740&quot;:276}\">\u00a0<\/span><\/p>\n<p><b><span data-contrast=\"auto\">Santos pela perman\u00eancia\u00a0<\/span><\/b><span data-ccp-props=\"{&quot;201341983&quot;:0,&quot;335551550&quot;:6,&quot;335551620&quot;:6,&quot;335559739&quot;:200,&quot;335559740&quot;:276}\">\u00a0<\/span><\/p>\n<figure id=\"attachment_366048\" aria-describedby=\"caption-attachment-366048\" style=\"width: 300px\" class=\"wp-caption alignleft\"><noscript><img data-recalc-dims=\"1\" loading=\"lazy\" decoding=\"async\" class=\"wp-image-366048 size-medium\" src=\"https:\/\/i0.wp.com\/www.tribunaribeirao.com.br\/site\/wp-content\/uploads\/2023\/12\/santos-300x240.jpg?resize=300%2C240&#038;ssl=1\" alt=\"\" width=\"300\" height=\"240\" srcset=\"https:\/\/www.tribunaribeirao.com.br\/site\/wp-content\/uploads\/2023\/12\/santos-300x240.jpg 300w, https:\/\/www.tribunaribeirao.com.br\/site\/wp-content\/uploads\/2023\/12\/santos-768x614.jpg 768w, https:\/\/www.tribunaribeirao.com.br\/site\/wp-content\/uploads\/2023\/12\/santos-960x768.jpg 960w, https:\/\/www.tribunaribeirao.com.br\/site\/wp-content\/uploads\/2023\/12\/santos-500x400.jpg 500w, https:\/\/www.tribunaribeirao.com.br\/site\/wp-content\/uploads\/2023\/12\/santos-585x468.jpg 585w, https:\/\/www.tribunaribeirao.com.br\/site\/wp-content\/uploads\/2023\/12\/santos.jpg 806w\" sizes=\"auto, (max-width: 300px) 100vw, 300px\"\/><\/noscript><figcaption id=\"caption-attachment-366048\" class=\"wp-caption-text\">Rinc\u00f3n deve refor\u00e7ar o Santos no final de semana (Raul Baretta\/ Santos FC )<\/figcaption><\/figure>\n<p><span data-contrast=\"auto\">O Santos vive momento delicado na competi\u00e7\u00e3o. Com apenas dois pontos de vantagem em rela\u00e7\u00e3o ao Bahia, que \u00e9 o primeiro time dentro da zona de rebaixamento. O duelo \u00e9 de extrema import\u00e2ncia para a perman\u00eancia da equipe na elite do futebol nacional.\u00a0<\/span><span data-ccp-props=\"{&quot;201341983&quot;:0,&quot;335551550&quot;:6,&quot;335551620&quot;:6,&quot;335559739&quot;:200,&quot;335559740&quot;:276}\">\u00a0<\/span><\/p>\n<p><span data-contrast=\"auto\">O confronto \u00e9 na Arena da Baixada, \u00e0s 18h30. Joga ao lado do Peixe o fato de o Athletico Paranaense n\u00e3o ter mais chances de classifica\u00e7\u00e3o para a Libertadores.\u00a0<\/span><span data-ccp-props=\"{&quot;201341983&quot;:0,&quot;335551550&quot;:6,&quot;335551620&quot;:6,&quot;335559739&quot;:200,&quot;335559740&quot;:276}\">\u00a0<\/span><\/p>\n<p><span data-contrast=\"auto\">O\u202fSantos\u202fter\u00e1 um refor\u00e7o importante para o jogo contra o Athletico. O t\u00e9cnico Marcelo Fernandes contar\u00e1 com o volante Tom\u00e1s Rinc\u00f3n, que se recupera de uma les\u00e3o muscular na coxa direita.\u00a0<\/span><span data-ccp-props=\"{&quot;201341983&quot;:0,&quot;335551550&quot;:6,&quot;335551620&quot;:6,&quot;335559739&quot;:200,&quot;335559740&quot;:276}\">\u00a0<\/span><\/p>\n<p><span data-contrast=\"auto\">Rinc\u00f3n se lesionou com a sele\u00e7\u00e3o venezuelana durante as Eliminat\u00f3rias para a Copa do Mundo de 2026. Por causa do problema f\u00edsico, o volante n\u00e3o atuou contra Botafogo e Fluminense.<\/span><span data-ccp-props=\"{&quot;201341983&quot;:0,&quot;335551550&quot;:6,&quot;335551620&quot;:6,&quot;335559739&quot;:200,&quot;335559740&quot;:276}\">\u00a0<\/span><\/p>\n<p><span data-contrast=\"auto\">O treinador ainda revelou, em entrevista coletiva na \u00faltima quarta-feira, depois da derrota por 3 a 0 para o Fluminense, que h\u00e1 a possibilidade de o zagueiro Jo\u00e3o Basso ser relacionado para enfrentar o Athletico.<\/span><span data-ccp-props=\"{&quot;201341983&quot;:0,&quot;335551550&quot;:6,&quot;335551620&quot;:6,&quot;335559739&quot;:200,&quot;335559740&quot;:276}\">\u00a0<\/span><\/p>\n<p><span data-contrast=\"auto\">O defensor se recupera de uma les\u00e3o na coxa esquerda e voltaria apenas na pr\u00f3xima temporada, mas a necessidade do\u202fSantos\u202fdeve antecipar o retorno.<\/span><span data-ccp-props=\"{&quot;201341983&quot;:0,&quot;335551550&quot;:6,&quot;335551620&quot;:6,&quot;335559739&quot;:200,&quot;335559740&quot;:276}\">\u00a0<\/span><\/p>\n<p>\u00a0<\/p>\n<p><span data-ccp-props=\"{&quot;201341983&quot;:0,&quot;335551550&quot;:6,&quot;335551620&quot;:6,&quot;335559739&quot;:200,&quot;335559740&quot;:276}\">\u00a0<\/span><\/p>\n<p><span data-ccp-props=\"{&quot;201341983&quot;:0,&quot;335551550&quot;:6,&quot;335551620&quot;:6,&quot;335559739&quot;:200,&quot;335559740&quot;:276}\">\u00a0<\/span><\/p>\n<p><span data-ccp-props=\"{&quot;201341983&quot;:0,&quot;335551550&quot;:6,&quot;335551620&quot;:6,&quot;335559739&quot;:200,&quot;335559740&quot;:276}\">\u00a0<\/span><\/p>\n<p><span data-ccp-props=\"{&quot;201341983&quot;:0,&quot;335551550&quot;:6,&quot;335551620&quot;:6,&quot;335559739&quot;:200,&quot;335559740&quot;:276}\">\u00a0<\/span><\/p>\n<p><span data-ccp-props=\"{&quot;201341983&quot;:0,&quot;335551550&quot;:6,&quot;335551620&quot;:6,&quot;335559739&quot;:200,&quot;335559740&quot;:276}\">\u00a0<\/span><\/p>\n<p><span data-ccp-props=\"{&quot;201341983&quot;:0,&quot;335551550&quot;:6,&quot;335551620&quot;:6,&quot;335559739&quot;:200,&quot;335559740&quot;:276}\">\u00a0<\/span><\/p>\n<p><span data-ccp-props=\"{&quot;201341983&quot;:0,&quot;335551550&quot;:6,&quot;335551620&quot;:6,&quot;335559739&quot;:200,&quot;335559740&quot;:276}\">\u00a0<\/span><\/p>\n<\/div>\n<p><br \/>\n<br \/><a href=\"https:\/\/www.tribunaribeirao.com.br\/site\/palmeiras-joga-pelo-titulo-do-brasileirao-santos-para-escapar-do-rebaixamento\/\">Source link <\/a><\/p>\n<!-- CONTENT END 1 -->\n","protected":false},"excerpt":{"rendered":"<p>Depois de ver o Botafogo liderar a competi\u00e7\u00e3o por diversas rodadas, o Palmeiras pode ser campe\u00e3o brasileiro neste domingo. Por isso, o Tribuna Ribeir\u00e3o elencou&#8230;<\/p>\n","protected":false},"author":1,"featured_media":9962,"comment_status":"open","ping_status":"open","sticky":false,"template":"","format":"standard","meta":{"advanced_seo_description":"","jetpack_seo_html_title":"","jetpack_seo_noindex":false,"jetpack_post_was_ever_published":false,"_jetpack_newsletter_access":"","_jetpack_dont_email_post_to_subs":false,"_jetpack_newsletter_tier_id":0,"_jetpack_memberships_contains_paywalled_content":false,"_jetpack_memberships_contains_paid_content":false,"footnotes":"","jetpack_publicize_message":"","jetpack_publicize_feature_enabled":true,"jetpack_social_post_already_shared":true,"jetpack_social_options":{"image_generator_settings":{"template":"highway","default_image_id":0,"font":"","enabled":false},"version":2}},"categories":[11],"tags":[1348,1350,759,459,71,885,1351,1349,1318],"class_list":["post-9961","post","type-post","status-publish","format-standard","has-post-thumbnail","hentry","category-noticias-de-ribeirao-preto-sp-e-regiao-ismael-colosi","tag-brasileirao","tag-escapar","tag-joga","tag-palmeiras","tag-para","tag-pelo","tag-rebaixamento","tag-santos","tag-titulo"],"jetpack_publicize_connections":[],"jetpack_featured_media_url":"https:\/\/i0.wp.com\/noticiasribeiraopreto.com.br\/wp-content\/uploads\/2023\/12\/pal-scaled.jpg?fit=1000%2C563&ssl=1","jetpack-related-posts":[{"id":79193,"url":"https:\/\/noticiasribeiraopreto.com.br\/index.php\/2025\/10\/27\/lider-palmeiras-empata-e-termina-rodada-um-ponto-a-frente-do-flamengo\/","url_meta":{"origin":9961,"position":0},"title":"L\u00edder Palmeiras empata e termina rodada um ponto \u00e0 frente do Flamengo","author":"noticiasribeiraopreto.com.br","date":"27 de October de 2025","format":false,"excerpt":"\u00a0 O Palmeiras teve a chance de abrir tr\u00eas pontos para o Flamengo na lideran\u00e7a do Campeonato Brasileiro. N\u00e3o aproveitou como gostaria, mas pelo menos colocou um ponto de vantagem sobre o rival direto. Na partida que encerrou a 30\u00aa rodada da competi\u00e7\u00e3o, na noite do \u00faltimo domingo (26), o\u2026","rel":"","context":"In &quot;Not\u00edcias de Ribeir\u00e3o Preto-SP e Regi\u00e3o&quot;","block_context":{"text":"Not\u00edcias de Ribeir\u00e3o Preto-SP e Regi\u00e3o","link":"https:\/\/noticiasribeiraopreto.com.br\/index.php\/category\/noticias-de-ribeirao-preto-sp-e-regiao-ismael-colosi\/"},"img":{"alt_text":"","src":"https:\/\/i0.wp.com\/noticiasribeiraopreto.com.br\/wp-content\/uploads\/2025\/10\/palmeiras-cruzeiro-750x375-1.webp.webp?fit=750%2C375&ssl=1&resize=350%2C200","width":350,"height":200,"srcset":"https:\/\/i0.wp.com\/noticiasribeiraopreto.com.br\/wp-content\/uploads\/2025\/10\/palmeiras-cruzeiro-750x375-1.webp.webp?fit=750%2C375&ssl=1&resize=350%2C200 1x, https:\/\/i0.wp.com\/noticiasribeiraopreto.com.br\/wp-content\/uploads\/2025\/10\/palmeiras-cruzeiro-750x375-1.webp.webp?fit=750%2C375&ssl=1&resize=525%2C300 1.5x, https:\/\/i0.wp.com\/noticiasribeiraopreto.com.br\/wp-content\/uploads\/2025\/10\/palmeiras-cruzeiro-750x375-1.webp.webp?fit=750%2C375&ssl=1&resize=700%2C400 2x"},"classes":[]},{"id":70394,"url":"https:\/\/noticiasribeiraopreto.com.br\/index.php\/2025\/05\/25\/confira-a-10a-rodada-do-brasileirao-palmeiras-decepciona-em-casa\/","url_meta":{"origin":9961,"position":1},"title":"Confira a 10\u00aa rodada do Brasileir\u00e3o: Palmeiras decepciona em casa","author":"noticiasribeiraopreto.com.br","date":"25 de May de 2025","format":false,"excerpt":"A 10\u00aa rodada do Campeonato Brasileiro 2025 trouxe confrontos equilibrados e defini\u00e7\u00f5es importantes na luta pela ponta da tabela e pela fuga da zona de rebaixamento. No s\u00e1bado (24), o Fluminense superou o Vasco por 2 a 1, em jogo disputado no Rio de Janeiro. No Morumbi, o Mirassol conseguiu\u2026","rel":"","context":"In &quot;Not\u00edcias de Ribeir\u00e3o Preto-SP e Regi\u00e3o&quot;","block_context":{"text":"Not\u00edcias de Ribeir\u00e3o Preto-SP e Regi\u00e3o","link":"https:\/\/noticiasribeiraopreto.com.br\/index.php\/category\/noticias-de-ribeirao-preto-sp-e-regiao-ismael-colosi\/"},"img":{"alt_text":"","src":"https:\/\/i0.wp.com\/noticiasribeiraopreto.com.br\/wp-content\/uploads\/2025\/05\/palmeiras.jpg?fit=1200%2C675&ssl=1&resize=350%2C200","width":350,"height":200,"srcset":"https:\/\/i0.wp.com\/noticiasribeiraopreto.com.br\/wp-content\/uploads\/2025\/05\/palmeiras.jpg?fit=1200%2C675&ssl=1&resize=350%2C200 1x, https:\/\/i0.wp.com\/noticiasribeiraopreto.com.br\/wp-content\/uploads\/2025\/05\/palmeiras.jpg?fit=1200%2C675&ssl=1&resize=525%2C300 1.5x, https:\/\/i0.wp.com\/noticiasribeiraopreto.com.br\/wp-content\/uploads\/2025\/05\/palmeiras.jpg?fit=1200%2C675&ssl=1&resize=700%2C400 2x, https:\/\/i0.wp.com\/noticiasribeiraopreto.com.br\/wp-content\/uploads\/2025\/05\/palmeiras.jpg?fit=1200%2C675&ssl=1&resize=1050%2C600 3x"},"classes":[]},{"id":39385,"url":"https:\/\/noticiasribeiraopreto.com.br\/index.php\/2024\/02\/25\/botafogo-vence-a-lusa-e-alivia-pressao-de-rebaixamento\/","url_meta":{"origin":9961,"position":2},"title":"Botafogo vence a Lusa e alivia press\u00e3o de rebaixamento","author":"noticiasribeiraopreto.com.br","date":"25 de February de 2024","format":false,"excerpt":"25 de fevereiro de 2024 | 20:1425 de fevereiro de 2024 | 20:19 0O Botafogo venceu a Portuguesa por 2 a 1 na noite deste domingo no est\u00e1dio Santa Cruz, em Ribeir\u00e3o Preto. O Pantera n\u00e3o vencia h\u00e1 cinco rodadas no Paulist\u00e3o. Douglas Baggio, no primeiro tempo, e Patrick Brey,\u2026","rel":"","context":"In &quot;Not\u00edcias de Ribeir\u00e3o Preto-SP e Regi\u00e3o&quot;","block_context":{"text":"Not\u00edcias de Ribeir\u00e3o Preto-SP e Regi\u00e3o","link":"https:\/\/noticiasribeiraopreto.com.br\/index.php\/category\/noticias-de-ribeirao-preto-sp-e-regiao-ismael-colosi\/"},"img":{"alt_text":"","src":"https:\/\/i0.wp.com\/noticiasribeiraopreto.com.br\/wp-content\/uploads\/2024\/02\/botalusa2-scaled.jpg?fit=968%2C645&ssl=1&resize=350%2C200","width":350,"height":200,"srcset":"https:\/\/i0.wp.com\/noticiasribeiraopreto.com.br\/wp-content\/uploads\/2024\/02\/botalusa2-scaled.jpg?fit=968%2C645&ssl=1&resize=350%2C200 1x, https:\/\/i0.wp.com\/noticiasribeiraopreto.com.br\/wp-content\/uploads\/2024\/02\/botalusa2-scaled.jpg?fit=968%2C645&ssl=1&resize=525%2C300 1.5x, https:\/\/i0.wp.com\/noticiasribeiraopreto.com.br\/wp-content\/uploads\/2024\/02\/botalusa2-scaled.jpg?fit=968%2C645&ssl=1&resize=700%2C400 2x"},"classes":[]},{"id":82003,"url":"https:\/\/noticiasribeiraopreto.com.br\/index.php\/2026\/02\/01\/botafogo-recebe-o-palmeiras-tribuna-ribeirao\/","url_meta":{"origin":9961,"position":3},"title":"Botafogo recebe o Palmeiras &#8211; Tribuna Ribeir\u00e3o","author":"noticiasribeiraopreto.com.br","date":"1 de February de 2026","format":false,"excerpt":"Por Hugo Luque \u00a0 O Botafogo entra em campo neste domingo (1\u00ba) para seu compromisso mais esperado na primeira fase do Campeonato Paulista, diante do Palmeiras, no Est\u00e1dio Santa Cruz\/Arena Nicnet, \u00e0s 20h30. V\u00e1lido pela sexta rodada, o jogo coloca frente a frente o Pantera em busca de se afastar\u2026","rel":"","context":"In &quot;Not\u00edcias de Ribeir\u00e3o Preto-SP e Regi\u00e3o&quot;","block_context":{"text":"Not\u00edcias de Ribeir\u00e3o Preto-SP e Regi\u00e3o","link":"https:\/\/noticiasribeiraopreto.com.br\/index.php\/category\/noticias-de-ribeirao-preto-sp-e-regiao-ismael-colosi\/"},"img":{"alt_text":"","src":"https:\/\/i0.wp.com\/noticiasribeiraopreto.com.br\/wp-content\/uploads\/2026\/02\/Foto-01-Cesar-Greco_Palmeiras.jpg-scaled.jpeg?fit=1200%2C675&ssl=1&resize=350%2C200","width":350,"height":200,"srcset":"https:\/\/i0.wp.com\/noticiasribeiraopreto.com.br\/wp-content\/uploads\/2026\/02\/Foto-01-Cesar-Greco_Palmeiras.jpg-scaled.jpeg?fit=1200%2C675&ssl=1&resize=350%2C200 1x, https:\/\/i0.wp.com\/noticiasribeiraopreto.com.br\/wp-content\/uploads\/2026\/02\/Foto-01-Cesar-Greco_Palmeiras.jpg-scaled.jpeg?fit=1200%2C675&ssl=1&resize=525%2C300 1.5x, https:\/\/i0.wp.com\/noticiasribeiraopreto.com.br\/wp-content\/uploads\/2026\/02\/Foto-01-Cesar-Greco_Palmeiras.jpg-scaled.jpeg?fit=1200%2C675&ssl=1&resize=700%2C400 2x, https:\/\/i0.wp.com\/noticiasribeiraopreto.com.br\/wp-content\/uploads\/2026\/02\/Foto-01-Cesar-Greco_Palmeiras.jpg-scaled.jpeg?fit=1200%2C675&ssl=1&resize=1050%2C600 3x"},"classes":[]},{"id":11876,"url":"https:\/\/noticiasribeiraopreto.com.br\/index.php\/2023\/12\/06\/palmeiras-vence-o-campeonato-brasileiro-pelo-segundo-ano-consecutivo-essa-e-a-12-vitoria-do-time\/","url_meta":{"origin":9961,"position":4},"title":"Palmeiras vence o Campeonato Brasileiro pelo segundo ano consecutivo; Essa \u00e9 a 12\u00aa vit\u00f3ria do time","author":"noticiasribeiraopreto.com.br","date":"6 de December de 2023","format":false,"excerpt":"O Palmeiras foi o grande campe\u00e3o do Campeonato Brasileiro 2023. Esse \u00e9 o segundo ano consecutivo que o time leva o trof\u00e9u para casa. O Verd\u00e3o empatou por 1 a 1 com o Cruzeiro, na noite desta quarta-feira (6), no est\u00e1dio Governador Magalh\u00e3es Pinto, o Mineir\u00e3o, em Belo Horizonte, Minas\u2026","rel":"","context":"In &quot;Not\u00edcias de Ribeir\u00e3o Preto-SP e Regi\u00e3o&quot;","block_context":{"text":"Not\u00edcias de Ribeir\u00e3o Preto-SP e Regi\u00e3o","link":"https:\/\/noticiasribeiraopreto.com.br\/index.php\/category\/noticias-de-ribeirao-preto-sp-e-regiao-ismael-colosi\/"},"img":{"alt_text":"","src":"https:\/\/i0.wp.com\/noticiasribeiraopreto.com.br\/wp-content\/uploads\/2023\/12\/Copia-de-Copia-de-TAMANHO-EXATO-PARA-FOTOS-NO-SISTEMA-NOVO.png?fit=1200%2C675&ssl=1&resize=350%2C200","width":350,"height":200,"srcset":"https:\/\/i0.wp.com\/noticiasribeiraopreto.com.br\/wp-content\/uploads\/2023\/12\/Copia-de-Copia-de-TAMANHO-EXATO-PARA-FOTOS-NO-SISTEMA-NOVO.png?fit=1200%2C675&ssl=1&resize=350%2C200 1x, https:\/\/i0.wp.com\/noticiasribeiraopreto.com.br\/wp-content\/uploads\/2023\/12\/Copia-de-Copia-de-TAMANHO-EXATO-PARA-FOTOS-NO-SISTEMA-NOVO.png?fit=1200%2C675&ssl=1&resize=525%2C300 1.5x, https:\/\/i0.wp.com\/noticiasribeiraopreto.com.br\/wp-content\/uploads\/2023\/12\/Copia-de-Copia-de-TAMANHO-EXATO-PARA-FOTOS-NO-SISTEMA-NOVO.png?fit=1200%2C675&ssl=1&resize=700%2C400 2x, https:\/\/i0.wp.com\/noticiasribeiraopreto.com.br\/wp-content\/uploads\/2023\/12\/Copia-de-Copia-de-TAMANHO-EXATO-PARA-FOTOS-NO-SISTEMA-NOVO.png?fit=1200%2C675&ssl=1&resize=1050%2C600 3x"},"classes":[]},{"id":82038,"url":"https:\/\/noticiasribeiraopreto.com.br\/index.php\/2026\/02\/02\/botafogo-encerra-jejum-de-12-anos-e-vence-o-palmeiras-pelo-paulistao\/","url_meta":{"origin":9961,"position":5},"title":"Botafogo encerra jejum de 12 anos e vence o Palmeiras pelo Paulist\u00e3o","author":"noticiasribeiraopreto.com.br","date":"2 de February de 2026","format":false,"excerpt":"O Botafogo venceu o Palmeiras por 1 a 0 na noite deste domingo (1\u00ba), no Est\u00e1dio Santa Cruz, em Ribeir\u00e3o Preto, pela sexta rodada do Campeonato Paulista. Com o resultado, o Pantera encerrou um jejum de 12 anos sem derrotar o Verd\u00e3o na competi\u00e7\u00e3o estadual. Com a vit\u00f3ria, o Tricolor\u2026","rel":"","context":"In &quot;Not\u00edcias de Ribeir\u00e3o Preto-SP e Regi\u00e3o&quot;","block_context":{"text":"Not\u00edcias de Ribeir\u00e3o Preto-SP e Regi\u00e3o","link":"https:\/\/noticiasribeiraopreto.com.br\/index.php\/category\/noticias-de-ribeirao-preto-sp-e-regiao-ismael-colosi\/"},"img":{"alt_text":"","src":"https:\/\/i0.wp.com\/noticiasribeiraopreto.com.br\/wp-content\/uploads\/2026\/02\/domingo-5_2026-02-02_01-03-43.webp.webp?fit=1200%2C675&ssl=1&resize=350%2C200","width":350,"height":200,"srcset":"https:\/\/i0.wp.com\/noticiasribeiraopreto.com.br\/wp-content\/uploads\/2026\/02\/domingo-5_2026-02-02_01-03-43.webp.webp?fit=1200%2C675&ssl=1&resize=350%2C200 1x, https:\/\/i0.wp.com\/noticiasribeiraopreto.com.br\/wp-content\/uploads\/2026\/02\/domingo-5_2026-02-02_01-03-43.webp.webp?fit=1200%2C675&ssl=1&resize=525%2C300 1.5x, https:\/\/i0.wp.com\/noticiasribeiraopreto.com.br\/wp-content\/uploads\/2026\/02\/domingo-5_2026-02-02_01-03-43.webp.webp?fit=1200%2C675&ssl=1&resize=700%2C400 2x, https:\/\/i0.wp.com\/noticiasribeiraopreto.com.br\/wp-content\/uploads\/2026\/02\/domingo-5_2026-02-02_01-03-43.webp.webp?fit=1200%2C675&ssl=1&resize=1050%2C600 3x"},"classes":[]}],"jetpack_sharing_enabled":true,"jetpack_shortlink":"https:\/\/wp.me\/peQAOb-2AF","_links":{"self":[{"href":"https:\/\/noticiasribeiraopreto.com.br\/index.php\/wp-json\/wp\/v2\/posts\/9961","targetHints":{"allow":["GET"]}}],"collection":[{"href":"https:\/\/noticiasribeiraopreto.com.br\/index.php\/wp-json\/wp\/v2\/posts"}],"about":[{"href":"https:\/\/noticiasribeiraopreto.com.br\/index.php\/wp-json\/wp\/v2\/types\/post"}],"author":[{"embeddable":true,"href":"https:\/\/noticiasribeiraopreto.com.br\/index.php\/wp-json\/wp\/v2\/users\/1"}],"replies":[{"embeddable":true,"href":"https:\/\/noticiasribeiraopreto.com.br\/index.php\/wp-json\/wp\/v2\/comments?post=9961"}],"version-history":[{"count":0,"href":"https:\/\/noticiasribeiraopreto.com.br\/index.php\/wp-json\/wp\/v2\/posts\/9961\/revisions"}],"wp:featuredmedia":[{"embeddable":true,"href":"https:\/\/noticiasribeiraopreto.com.br\/index.php\/wp-json\/wp\/v2\/media\/9962"}],"wp:attachment":[{"href":"https:\/\/noticiasribeiraopreto.com.br\/index.php\/wp-json\/wp\/v2\/media?parent=9961"}],"wp:term":[{"taxonomy":"category","embeddable":true,"href":"https:\/\/noticiasribeiraopreto.com.br\/index.php\/wp-json\/wp\/v2\/categories?post=9961"},{"taxonomy":"post_tag","embeddable":true,"href":"https:\/\/noticiasribeiraopreto.com.br\/index.php\/wp-json\/wp\/v2\/tags?post=9961"}],"curies":[{"name":"wp","href":"https:\/\/api.w.org\/{rel}","templated":true}]}}