{"id":9965,"date":"2023-12-03T11:16:53","date_gmt":"2023-12-03T14:16:53","guid":{"rendered":"https:\/\/noticiasribeiraopreto.com.br\/index.php\/2023\/12\/03\/unb-abre-vestibular-exclusivo-para-idosos\/"},"modified":"2023-12-03T11:16:53","modified_gmt":"2023-12-03T14:16:53","slug":"unb-abre-vestibular-exclusivo-para-idosos","status":"publish","type":"post","link":"https:\/\/noticiasribeiraopreto.com.br\/index.php\/2023\/12\/03\/unb-abre-vestibular-exclusivo-para-idosos\/","title":{"rendered":"UnB abre vestibular exclusivo para idosos"},"content":{"rendered":"<div class='code-block code-block-1' style='margin: 8px 0 8px auto; text-align: right; display: block; clear: both;'>\n<p><a href=\"https:\/\/wa.link\/vpicfd\"><img data-recalc-dims=\"1\" class=\"wp-image-4922\" style=\"aspect-ratio: 2.0253164556962027; width: 561px; height: auto;\" src=\"https:\/\/i0.wp.com\/ismaelcolosi.com.br\/wp-content\/uploads\/2023\/11\/grupo-de-empregos-whatsapp-e-facebook-ismael-colosi-vagas.jpg?ssl=1\" alt=\"\" \/><\/a><\/p>\n<!-- \/wp:image -->\n<\/div>\n<p> <br \/>\n<\/p>\n<div>\n<p>A <a href=\"https:\/\/www.unb.br\/\" target=\"_blank\" rel=\"noopener\">Universidade de Bras\u00edlia (UnB)<\/a> anunciou a abertura de um vestibular exclusivo para pessoas com <a href=\"https:\/\/catracalivre.com.br\/?s=idoso\" target=\"_blank\" rel=\"noopener\">60 anos ou mais<\/a>. Os detalhes do processo seletivo, como datas, n\u00famero de vagas e cursos dispon\u00edveis, ser\u00e3o divulgados em breve. A primeira prova deve ser realizada no primeiro semestre de 2024.<\/p>\n<div id=\"attachment_2253641\" class=\"wp-caption aligncenter\">\n<div class=\"d-flex justify-content-center\" data-attachment-id=\"2253641\">\n<div class=\"position-relative d-inline-block\"><img data-recalc-dims=\"1\" data-portal-copyright=\"Divulga\u00e7\u00e3o\/UnB\" fetchpriority=\"high\" decoding=\"async\" class=\"wp-image-2253641 size-full\" src=\"https:\/\/i0.wp.com\/catracalivre.com.br\/wp-content\/uploads\/2023\/02\/unb2.jpg?resize=1170%2C700&#038;ssl=1\" alt=\"UnB abre vestibular exclusivo para idosos\" width=\"1170\" height=\"700\" srcset=\"https:\/\/catracalivre.com.br\/wp-content\/uploads\/2023\/02\/unb2.jpg 1170w, https:\/\/catracalivre.com.br\/wp-content\/uploads\/2023\/02\/unb2-450x269.jpg 450w, https:\/\/catracalivre.com.br\/wp-content\/uploads\/2023\/02\/unb2-768x459.jpg 768w\" sizes=\"(max-width: 1170px) 100vw, 1170px\"\/><\/p>\n<p>Cr\u00e9ditos: Divulga\u00e7\u00e3o\/UnB<\/p>\n<\/div>\n<\/div>\n<p><span class=\"post-imagem__legenda\">UnB abre vestibular exclusivo para idosos<\/span><\/p>\n<\/div>\n<p>A iniciativa faz parte da Pol\u00edtica do Envelhecer Saud\u00e1vel, Participativo e Cidad\u00e3o (Pespc), que tem como objetivo promover a inclus\u00e3o e a valoriza\u00e7\u00e3o da terceira idade.<\/p>\n<p>A decis\u00e3o surgiu durante uma assembleia da C\u00e2mara de Direitos Humanos (CDH) da UnB, que delineou tr\u00eas pilares para a terceira idade: o desenvolvimento de atividades e programas inclusivos, a luta contra o etarismo (preconceito baseado na idade), e a concep\u00e7\u00e3o do envelhecimento como um direito.<\/p>\n<p>Comprometida com tais diretrizes, a UnB se compromete a promover um vestibular espec\u00edfico para pessoas com 60 anos ou mais, abrindo portas para a entrada em cursos de gradua\u00e7\u00e3o.<\/p>\n<h3>Vestibular 60+<\/h3>\n<p>A Pespc, concebida pela UnB em fevereiro de 2023, visa preparar as gera\u00e7\u00f5es para um envelhecimento saud\u00e1vel e participativo, refor\u00e7ando a dignidade e a cidadania dos idosos. A medida busca reconhecer e valorizar as contribui\u00e7\u00f5es dos idosos, expandindo sua participa\u00e7\u00e3o como estudantes.<\/p>\n<div id=\"attachment_1648980\" class=\"wp-caption aligncenter\">\n<div class=\"d-flex justify-content-center\" data-attachment-id=\"1648980\">\n<div class=\"position-relative d-inline-block\"><img data-recalc-dims=\"1\" loading=\"lazy\" data-portal-copyright=\"J\u00falio Minasi\/Flickr\/UnB\" decoding=\"async\" class=\"wp-image-1648980 size-full\" src=\"https:\/\/i0.wp.com\/catracalivre.com.br\/wp-content\/uploads\/2018\/08\/23176033380-f932ce6913-k.jpg?resize=2048%2C1365&#038;ssl=1\" alt=\"A Universidade de Bras\u00edlia abre caminho para a inclus\u00e3o e participa\u00e7\u00e3o ativa dos idosos com uma in\u00e9dita reforma universit\u00e1ria\" width=\"2048\" height=\"1365\" srcset=\"https:\/\/catracalivre.com.br\/wp-content\/uploads\/2018\/08\/23176033380-f932ce6913-k.jpg 2048w, https:\/\/catracalivre.com.br\/wp-content\/uploads\/2018\/08\/23176033380-f932ce6913-k-450x300.jpg 450w, https:\/\/catracalivre.com.br\/wp-content\/uploads\/2018\/08\/23176033380-f932ce6913-k-768x512.jpg 768w\" sizes=\"auto, (max-width: 2048px) 100vw, 2048px\"\/><\/p>\n<p>Cr\u00e9ditos: J\u00falio Minasi\/Flickr\/UnB<\/p>\n<\/div>\n<\/div>\n<p><span class=\"post-imagem__legenda\">A Universidade de Bras\u00edlia abre caminho para a inclus\u00e3o e participa\u00e7\u00e3o ativa dos idosos com uma in\u00e9dita reforma universit\u00e1ria<\/span><\/p>\n<\/div>\n<p>A implementa\u00e7\u00e3o dessa pol\u00edtica surge como resposta ao cen\u00e1rio demogr\u00e1fico em transi\u00e7\u00e3o no Distrito Federal, que prev\u00ea, at\u00e9 2030, aproximadamente 565 mil pessoas idosas, segundo a Companhia de Planejamento do Distrito Federal (Codeplan).<\/p>\n<p><em>*Com informa\u00e7\u00f5es da <a href=\"https:\/\/agenciabrasil.ebc.com.br\/educacao\" target=\"_blank\" rel=\"noopener\">Ag\u00eancia Brasil<\/a>.<\/em><\/p>\n<\/div>\n<p><script>\n\t\t! function(f, b, e, v, n, t, s) {\n\t\t\tif (f.fbq) return;\n\t\t\tn = f.fbq = function() {\n\t\t\t\tn.callMethod ?\n\t\t\t\t\tn.callMethod.apply(n, arguments) : n.queue.push(arguments)\n\t\t\t};\n\t\t\tif (!f._fbq) f._fbq = n;\n\t\t\tn.push = n;\n\t\t\tn.loaded = !0;\n\t\t\tn.version = '2.0';\n\t\t\tn.queue = [];\n\t\t\tt = b.createElement(e);\n\t\t\tt.async = !0;\n\t\t\tt.src = v;\n\t\t\ts = b.getElementsByTagName(e)[0];\n\t\t\ts.parentNode.insertBefore(t, s)\n\t\t}(window, document, 'script',\n\t\t\t'https:\/\/connect.facebook.net\/en_US\/fbevents.js');\n\t\tfbq('init', '338315473262380');\n\t\tfbq('track', 'PageView');\n\t<\/script><br \/>\n<br \/><br \/>\n<br \/><a href=\"https:\/\/catracalivre.com.br\/educacao\/unb-vestibular-idosos\/\">Source link <\/a><\/p>\n<!-- CONTENT END 1 -->\n","protected":false},"excerpt":{"rendered":"<p>A Universidade de Bras\u00edlia (UnB) anunciou a abertura de um vestibular exclusivo para pessoas com 60 anos ou mais. Os detalhes do processo seletivo, como&#8230;<\/p>\n","protected":false},"author":1,"featured_media":9966,"comment_status":"open","ping_status":"open","sticky":false,"template":"","format":"standard","meta":{"advanced_seo_description":"","jetpack_seo_html_title":"","jetpack_seo_noindex":false,"jetpack_post_was_ever_published":false,"_jetpack_newsletter_access":"","_jetpack_dont_email_post_to_subs":false,"_jetpack_newsletter_tier_id":0,"_jetpack_memberships_contains_paywalled_content":false,"_jetpack_memberships_contains_paid_content":false,"footnotes":"","jetpack_publicize_message":"","jetpack_publicize_feature_enabled":true,"jetpack_social_post_already_shared":true,"jetpack_social_options":{"image_generator_settings":{"template":"highway","default_image_id":0,"font":"","enabled":false},"version":2}},"categories":[19],"tags":[],"class_list":["post-9965","post","type-post","status-publish","format-standard","has-post-thumbnail","hentry","category-variedades"],"jetpack_publicize_connections":[],"jetpack_featured_media_url":"https:\/\/i0.wp.com\/noticiasribeiraopreto.com.br\/wp-content\/uploads\/2023\/12\/unb2.jpg?fit=1200%2C638&ssl=1","jetpack-related-posts":[{"id":19818,"url":"https:\/\/noticiasribeiraopreto.com.br\/index.php\/2023\/12\/23\/vestibular-2024-uerj-divulga-notas-do-exame-discursivo\/","url_meta":{"origin":9965,"position":0},"title":"Vestibular 2024: UERJ divulga notas do Exame Discursivo","author":"noticiasribeiraopreto.com.br","date":"23 de December de 2023","format":false,"excerpt":"A Universidade do Estado do Rio de Janeiro (UERJ) \u00e9 uma institui\u00e7\u00e3o p\u00fablica de ensino superior p\u00fablica com sede principal na cidade do Rio de Janeiro\/RJ. Os candidatos inscritos nesta edi\u00e7\u00e3o do Vestibular da UERJ devem ficar atentos: na \u00faltima quarta-feira, dia 20 de dezembro, a UERJ divulgou as notas\u2026","rel":"","context":"In &quot;Vagas de Emprego em Ribeir\u00e3o Preto-SP&quot;","block_context":{"text":"Vagas de Emprego em Ribeir\u00e3o Preto-SP","link":"https:\/\/noticiasribeiraopreto.com.br\/index.php\/category\/empregos-classificados-vagas-trabalho\/vagas-de-empregos-em-ribeirao-preto-regiao-brasil\/"},"img":{"alt_text":"","src":"https:\/\/i0.wp.com\/noticiasribeiraopreto.com.br\/wp-content\/uploads\/2023\/12\/noticiasconcursos.com_.br-vestibular-2024-uerj-divulga-notas-do-exame-discursivo-uerj.jpeg?fit=720%2C395&ssl=1&resize=350%2C200","width":350,"height":200,"srcset":"https:\/\/i0.wp.com\/noticiasribeiraopreto.com.br\/wp-content\/uploads\/2023\/12\/noticiasconcursos.com_.br-vestibular-2024-uerj-divulga-notas-do-exame-discursivo-uerj.jpeg?fit=720%2C395&ssl=1&resize=350%2C200 1x, https:\/\/i0.wp.com\/noticiasribeiraopreto.com.br\/wp-content\/uploads\/2023\/12\/noticiasconcursos.com_.br-vestibular-2024-uerj-divulga-notas-do-exame-discursivo-uerj.jpeg?fit=720%2C395&ssl=1&resize=525%2C300 1.5x, https:\/\/i0.wp.com\/noticiasribeiraopreto.com.br\/wp-content\/uploads\/2023\/12\/noticiasconcursos.com_.br-vestibular-2024-uerj-divulga-notas-do-exame-discursivo-uerj.jpeg?fit=720%2C395&ssl=1&resize=700%2C400 2x"},"classes":[]},{"id":45797,"url":"https:\/\/noticiasribeiraopreto.com.br\/index.php\/2024\/04\/07\/unb-inscricoes-abertas-para-curso-de-ingles-gratuito-do-basico-ao-avancado\/","url_meta":{"origin":9965,"position":1},"title":"UnB: inscri\u00e7\u00f5es abertas para curso de ingl\u00eas gratuito do b\u00e1sico ao avan\u00e7ado","author":"noticiasribeiraopreto.com.br","date":"7 de April de 2024","format":false,"excerpt":"A Universidade de Bras\u00edlia (UnB) lan\u00e7ou um curso de ingl\u00eas gratuito do b\u00e1sico ao avan\u00e7ado para todos A Universidade de Bras\u00edlia (UnB) anuncia a abertura de inscri\u00e7\u00f5es para seu curso gratuito de ingl\u00eas, destinado tanto aos alunos da universidade quanto ao p\u00fablico geral da comunidade. Esta \u00e9 uma oportunidade exclusiva\u2026","rel":"","context":"In &quot;Blog&quot;","block_context":{"text":"Blog","link":"https:\/\/noticiasribeiraopreto.com.br\/index.php\/category\/blog\/"},"img":{"alt_text":"","src":"https:\/\/i0.wp.com\/noticiasribeiraopreto.com.br\/wp-content\/uploads\/2024\/04\/106972.png?fit=1200%2C628&ssl=1&resize=350%2C200","width":350,"height":200,"srcset":"https:\/\/i0.wp.com\/noticiasribeiraopreto.com.br\/wp-content\/uploads\/2024\/04\/106972.png?fit=1200%2C628&ssl=1&resize=350%2C200 1x, https:\/\/i0.wp.com\/noticiasribeiraopreto.com.br\/wp-content\/uploads\/2024\/04\/106972.png?fit=1200%2C628&ssl=1&resize=525%2C300 1.5x, https:\/\/i0.wp.com\/noticiasribeiraopreto.com.br\/wp-content\/uploads\/2024\/04\/106972.png?fit=1200%2C628&ssl=1&resize=700%2C400 2x, https:\/\/i0.wp.com\/noticiasribeiraopreto.com.br\/wp-content\/uploads\/2024\/04\/106972.png?fit=1200%2C628&ssl=1&resize=1050%2C600 3x"},"classes":[]},{"id":11455,"url":"https:\/\/noticiasribeiraopreto.com.br\/index.php\/2023\/12\/06\/inscricoes-para-o-vestibular-das-fatecs-vao-ate-proxima-terca-12\/","url_meta":{"origin":9965,"position":2},"title":"Inscri\u00e7\u00f5es para o Vestibular das Fatecs v\u00e3o at\u00e9 pr\u00f3xima ter\u00e7a (12)","author":"noticiasribeiraopreto.com.br","date":"6 de December de 2023","format":false,"excerpt":"Estamos nos \u00faltimos dias para participar do processo seletivo das Faculdades de Tecnologia do Estado (Fatecs) de S\u00e3o Paulo! Os interessados t\u00eam at\u00e9 o dia 12 de dezembro para realizar a inscri\u00e7\u00e3o no vestibular, que pode ser feita pela internet. A taxa integral \u00e9 de R$ 84, e a prova\u2026","rel":"","context":"In &quot;Vagas de Emprego em Ribeir\u00e3o Preto-SP&quot;","block_context":{"text":"Vagas de Emprego em Ribeir\u00e3o Preto-SP","link":"https:\/\/noticiasribeiraopreto.com.br\/index.php\/category\/empregos-classificados-vagas-trabalho\/vagas-de-empregos-em-ribeirao-preto-regiao-brasil\/"},"img":{"alt_text":"","src":"https:\/\/i0.wp.com\/noticiasribeiraopreto.com.br\/wp-content\/uploads\/2023\/12\/fatec-governo-de-sao-paulo-1.jpg?fit=1200%2C675&ssl=1&resize=350%2C200","width":350,"height":200,"srcset":"https:\/\/i0.wp.com\/noticiasribeiraopreto.com.br\/wp-content\/uploads\/2023\/12\/fatec-governo-de-sao-paulo-1.jpg?fit=1200%2C675&ssl=1&resize=350%2C200 1x, https:\/\/i0.wp.com\/noticiasribeiraopreto.com.br\/wp-content\/uploads\/2023\/12\/fatec-governo-de-sao-paulo-1.jpg?fit=1200%2C675&ssl=1&resize=525%2C300 1.5x, https:\/\/i0.wp.com\/noticiasribeiraopreto.com.br\/wp-content\/uploads\/2023\/12\/fatec-governo-de-sao-paulo-1.jpg?fit=1200%2C675&ssl=1&resize=700%2C400 2x, https:\/\/i0.wp.com\/noticiasribeiraopreto.com.br\/wp-content\/uploads\/2023\/12\/fatec-governo-de-sao-paulo-1.jpg?fit=1200%2C675&ssl=1&resize=1050%2C600 3x"},"classes":[]},{"id":67437,"url":"https:\/\/noticiasribeiraopreto.com.br\/index.php\/2025\/04\/14\/jornal-da-franca-estao-abertas-as-inscricoes-do-vestibular-das-fatecs-para-o-segundo-semestre-de-2025\/","url_meta":{"origin":9965,"position":3},"title":"Jornal da Franca &#8211; Est\u00e3o abertas as inscri\u00e7\u00f5es do Vestibular das Fatecs para o segundo semestre de 2025","author":"noticiasribeiraopreto.com.br","date":"14 de April de 2025","format":false,"excerpt":"Informa\u00e7\u00f5es sobre cursos, vagas, per\u00edodos e unidades est\u00e3o dispon\u00edveis no site do processo seletivo (Foto: Roberto Sungi) A inscri\u00e7\u00e3o para o Vestibular das Fatecs deve ser feita exclusivamente pela\u00a0internet, at\u00e9 as 15 horas do dia 6 de junho. O interessado deve preencher a ficha, o question\u00e1rio socioecon\u00f4mico e pagar a\u2026","rel":"","context":"In &quot;Not\u00edcias de Franca-SP&quot;","block_context":{"text":"Not\u00edcias de Franca-SP","link":"https:\/\/noticiasribeiraopreto.com.br\/index.php\/category\/noticias-de-ribeirao-preto-sp-e-regiao-ismael-colosi\/noticias-franca-sp\/"},"img":{"alt_text":"","src":"https:\/\/i0.wp.com\/noticiasribeiraopreto.com.br\/wp-content\/uploads\/2025\/04\/DSC_6372-scaled-1.jpg?fit=1200%2C798&ssl=1&resize=350%2C200","width":350,"height":200,"srcset":"https:\/\/i0.wp.com\/noticiasribeiraopreto.com.br\/wp-content\/uploads\/2025\/04\/DSC_6372-scaled-1.jpg?fit=1200%2C798&ssl=1&resize=350%2C200 1x, https:\/\/i0.wp.com\/noticiasribeiraopreto.com.br\/wp-content\/uploads\/2025\/04\/DSC_6372-scaled-1.jpg?fit=1200%2C798&ssl=1&resize=525%2C300 1.5x, https:\/\/i0.wp.com\/noticiasribeiraopreto.com.br\/wp-content\/uploads\/2025\/04\/DSC_6372-scaled-1.jpg?fit=1200%2C798&ssl=1&resize=700%2C400 2x, https:\/\/i0.wp.com\/noticiasribeiraopreto.com.br\/wp-content\/uploads\/2025\/04\/DSC_6372-scaled-1.jpg?fit=1200%2C798&ssl=1&resize=1050%2C600 3x"},"classes":[]},{"id":9169,"url":"https:\/\/noticiasribeiraopreto.com.br\/index.php\/2023\/12\/01\/fuvest-divulga-a-lista-de-convocados-para-2a-fase-do-vestibular-veja-se-voce-passou\/","url_meta":{"origin":9965,"position":4},"title":"Fuvest divulga a lista de convocados para 2\u00aa fase do vestibular; Veja se voc\u00ea passou","author":"noticiasribeiraopreto.com.br","date":"1 de December de 2023","format":false,"excerpt":"A Fuvest divulgou nesta sexta-feira (1\u00ba de dezembro) a lista de candidatos convocados para a 2\u00aa fase do vestibular 2024 da USP (Universidade de S\u00e3o Paulo), que acontece nos dias 17 e 18 de dezembro. Os estudantes podem conferir os nomes clicando aqui. Os locais de prova da 2\u00aa fase\u2026","rel":"","context":"In &quot;Not\u00edcias de Ribeir\u00e3o Preto-SP e Regi\u00e3o&quot;","block_context":{"text":"Not\u00edcias de Ribeir\u00e3o Preto-SP e Regi\u00e3o","link":"https:\/\/noticiasribeiraopreto.com.br\/index.php\/category\/noticias-de-ribeirao-preto-sp-e-regiao-ismael-colosi\/"},"img":{"alt_text":"","src":"https:\/\/i0.wp.com\/noticiasribeiraopreto.com.br\/wp-content\/uploads\/2023\/12\/usp_ribeirao_500x320_26072019111611.jpg?fit=500%2C322&ssl=1&resize=350%2C200","width":350,"height":200},"classes":[]},{"id":17622,"url":"https:\/\/noticiasribeiraopreto.com.br\/index.php\/2023\/12\/18\/tema-da-redacao-fuvest-2024-e-revelado\/","url_meta":{"origin":9965,"position":5},"title":"Tema da reda\u00e7\u00e3o Fuvest 2024 \u00e9 REVELADO","author":"noticiasribeiraopreto.com.br","date":"18 de December de 2023","format":false,"excerpt":"O Vestibular da\u00a0Fuvest, organizado pela Funda\u00e7\u00e3o Universit\u00e1ria para o Vestibular, \u00e9 um dos mais disputados de todo o pa\u00eds. O processo seletivo permite o ingresso dos participantes aprovados \u00e0 USP, Universidade de S\u00e3o Paulo. A aplica\u00e7\u00e3o das provas da segunda fase desta edi\u00e7\u00e3o do Vestibular da Fuvest come\u00e7ou no \u00faltimo\u2026","rel":"","context":"In &quot;Vagas de Emprego em Ribeir\u00e3o Preto-SP&quot;","block_context":{"text":"Vagas de Emprego em Ribeir\u00e3o Preto-SP","link":"https:\/\/noticiasribeiraopreto.com.br\/index.php\/category\/empregos-classificados-vagas-trabalho\/vagas-de-empregos-em-ribeirao-preto-regiao-brasil\/"},"img":{"alt_text":"","src":"https:\/\/i0.wp.com\/noticiasribeiraopreto.com.br\/wp-content\/uploads\/2023\/12\/noticiasconcursos.com_.br-tema-da-redacao-fuvest-2024-e-revelado-campus-usp-1-750x430.jpeg?fit=750%2C430&ssl=1&resize=350%2C200","width":350,"height":200,"srcset":"https:\/\/i0.wp.com\/noticiasribeiraopreto.com.br\/wp-content\/uploads\/2023\/12\/noticiasconcursos.com_.br-tema-da-redacao-fuvest-2024-e-revelado-campus-usp-1-750x430.jpeg?fit=750%2C430&ssl=1&resize=350%2C200 1x, https:\/\/i0.wp.com\/noticiasribeiraopreto.com.br\/wp-content\/uploads\/2023\/12\/noticiasconcursos.com_.br-tema-da-redacao-fuvest-2024-e-revelado-campus-usp-1-750x430.jpeg?fit=750%2C430&ssl=1&resize=525%2C300 1.5x, https:\/\/i0.wp.com\/noticiasribeiraopreto.com.br\/wp-content\/uploads\/2023\/12\/noticiasconcursos.com_.br-tema-da-redacao-fuvest-2024-e-revelado-campus-usp-1-750x430.jpeg?fit=750%2C430&ssl=1&resize=700%2C400 2x"},"classes":[]}],"jetpack_sharing_enabled":true,"jetpack_shortlink":"https:\/\/wp.me\/peQAOb-2AJ","_links":{"self":[{"href":"https:\/\/noticiasribeiraopreto.com.br\/index.php\/wp-json\/wp\/v2\/posts\/9965","targetHints":{"allow":["GET"]}}],"collection":[{"href":"https:\/\/noticiasribeiraopreto.com.br\/index.php\/wp-json\/wp\/v2\/posts"}],"about":[{"href":"https:\/\/noticiasribeiraopreto.com.br\/index.php\/wp-json\/wp\/v2\/types\/post"}],"author":[{"embeddable":true,"href":"https:\/\/noticiasribeiraopreto.com.br\/index.php\/wp-json\/wp\/v2\/users\/1"}],"replies":[{"embeddable":true,"href":"https:\/\/noticiasribeiraopreto.com.br\/index.php\/wp-json\/wp\/v2\/comments?post=9965"}],"version-history":[{"count":0,"href":"https:\/\/noticiasribeiraopreto.com.br\/index.php\/wp-json\/wp\/v2\/posts\/9965\/revisions"}],"wp:featuredmedia":[{"embeddable":true,"href":"https:\/\/noticiasribeiraopreto.com.br\/index.php\/wp-json\/wp\/v2\/media\/9966"}],"wp:attachment":[{"href":"https:\/\/noticiasribeiraopreto.com.br\/index.php\/wp-json\/wp\/v2\/media?parent=9965"}],"wp:term":[{"taxonomy":"category","embeddable":true,"href":"https:\/\/noticiasribeiraopreto.com.br\/index.php\/wp-json\/wp\/v2\/categories?post=9965"},{"taxonomy":"post_tag","embeddable":true,"href":"https:\/\/noticiasribeiraopreto.com.br\/index.php\/wp-json\/wp\/v2\/tags?post=9965"}],"curies":[{"name":"wp","href":"https:\/\/api.w.org\/{rel}","templated":true}]}}