{"id":9971,"date":"2023-12-03T11:23:01","date_gmt":"2023-12-03T14:23:01","guid":{"rendered":"https:\/\/noticiasribeiraopreto.com.br\/index.php\/2023\/12\/03\/veja-como-fica-o-tempo-em-ribeirao-preto-neste-domingo-2\/"},"modified":"2023-12-03T11:23:01","modified_gmt":"2023-12-03T14:23:01","slug":"veja-como-fica-o-tempo-em-ribeirao-preto-neste-domingo-2","status":"publish","type":"post","link":"https:\/\/noticiasribeiraopreto.com.br\/index.php\/2023\/12\/03\/veja-como-fica-o-tempo-em-ribeirao-preto-neste-domingo-2\/","title":{"rendered":"Veja como fica o tempo em Ribeir\u00e3o Preto neste domingo"},"content":{"rendered":"<div class='code-block code-block-1' style='margin: 8px 0 8px auto; text-align: right; display: block; clear: both;'>\n<p><a href=\"https:\/\/wa.link\/vpicfd\"><img data-recalc-dims=\"1\" class=\"wp-image-4922\" style=\"aspect-ratio: 2.0253164556962027; width: 561px; height: auto;\" src=\"https:\/\/i0.wp.com\/ismaelcolosi.com.br\/wp-content\/uploads\/2023\/11\/grupo-de-empregos-whatsapp-e-facebook-ismael-colosi-vagas.jpg?ssl=1\" alt=\"\" \/><\/a><\/p>\n<!-- \/wp:image -->\n<\/div>\n<p> <br \/>\n<\/p>\n<div data-td-block-uid=\"tdi_104\">\n<div class=\"tdb-block-inner td-fix-index\">\n<p><strong>O calor deve continuar em Ribeir\u00e3o Preto neste domingo (3), segundo a<a href=\"https:\/\/www.climatempo.com.br\/previsao-do-tempo\/15-dias\/cidade\/530\/ribeiraopreto-sp\" target=\"_blank\" rel=\"noreferrer noopener nofollow\"> Climatempo<\/a>. A temperatura m\u00e1xima prevista para cidade \u00e9 de 35\u00b0C, com m\u00ednima de 22\u00b0C.<\/strong><\/p>\n<p>A manh\u00e3 deve ser de Sol e aumento de nuvens no per\u00edodo da manh\u00e3, com possibilidade de pancadas de chuva \u00e0 tarde e no per\u00edodo da noite.<\/p>\n<p><mark style=\"background-color:#fcb900\" class=\"has-inline-color has-black-color\">A chuva prevista tem o acumulado de 8 mil\u00edmetros.<\/mark> A umidade relativa do ar fica entre 19% e 69%.<\/p>\n<p>J\u00e1 em Franca, as temperaturas variam entre 20\u00b0C e 31\u00b0C, e tamb\u00e9m h\u00e1 possibilidade de chuva nos per\u00edodos da tarde e da noite. O acumulado previsto tamb\u00e9m \u00e9 de 8 mil\u00edmetros.<\/p>\n<p>Em Barretos, os term\u00f4metros tamb\u00e9m podem chegar aos 35\u00b0C neste domingo e h\u00e1 previs\u00e3o de chuva r\u00e1pida durante o dia e \u00e0 noite, com acumulado de at\u00e9 10 mil\u00edmetros.<\/p>\n<p>VEJA TAMB\u00c9M<br \/>Saiba em qual bairro o Papai Noel M\u00f3vel vai estar neste domingo em Ribeir\u00e3o<\/p>\n<h4 class=\"wp-block-heading\"><strong>FIQUE ON<\/strong><\/h4>\n<p>Fique ligado em tudo que acontece em Ribeir\u00e3o Preto e regi\u00e3o. Siga os perfis do<strong> acidade on<\/strong> no <a href=\"https:\/\/www.instagram.com\/acidadeonribeirao\" target=\"_blank\" rel=\"noreferrer noopener nofollow\">Instagram<\/a> e no <a href=\"https:\/\/www.facebook.com\/acidadeonribeirao\" target=\"_blank\" rel=\"noreferrer noopener nofollow\">Facebook<\/a>.<\/p>\n<p>Receba not\u00edcias do <strong>acidade on <\/strong>no WhatsApp. <a href=\"https:\/\/chat.whatsapp.com\/Bnv2w66ZT4VDyZW3oiZ69n\" target=\"_blank\" rel=\"noreferrer noopener nofollow\">Para entrar no grupo, basta clicar aqui.<\/a><\/p>\n<p>Fa\u00e7a uma den\u00fancia ou sugira uma reportagem sobre a Ribeir\u00e3o Preto e regi\u00e3o pelo WhatsApp: (16) 99117 7802.<\/p>\n<p>LEIA MAIS<br \/><a href=\"https:\/\/www.tudoep.com\/tudo-saude\/NOT,0,0,1868381,farinha-de-semente-de-abobora-pode-ajudar-na-saude-cardiovascular.aspx\" target=\"_blank\" rel=\"noreferrer noopener nofollow\">Farinha de semente de ab\u00f3bora pode ajudar na sa\u00fade cardiovascular<\/a><\/p>\n<p><!-- AI CONTENT END 1 -->\n<\/div>\n<\/div>\n<p><script async src=\"\/\/www.instagram.com\/embed.js\"><\/script><br \/>\n<br \/><br \/>\n<br \/><a href=\"https:\/\/www.acidadeon.com\/ribeiraopreto\/cotidiano\/veja-como-fica-o-tempo-em-ribeirao-preto-neste-domingo-2\/\">Source link <\/a><\/p>\n<!-- CONTENT END 1 -->\n","protected":false},"excerpt":{"rendered":"<p>O calor deve continuar em Ribeir\u00e3o Preto neste domingo (3), segundo a Climatempo. A temperatura m\u00e1xima prevista para cidade \u00e9 de 35\u00b0C, com m\u00ednima de&#8230;<\/p>\n","protected":false},"author":1,"featured_media":9972,"comment_status":"open","ping_status":"open","sticky":false,"template":"","format":"standard","meta":{"advanced_seo_description":"","jetpack_seo_html_title":"","jetpack_seo_noindex":false,"jetpack_post_was_ever_published":false,"_jetpack_newsletter_access":"","_jetpack_dont_email_post_to_subs":false,"_jetpack_newsletter_tier_id":0,"_jetpack_memberships_contains_paywalled_content":false,"_jetpack_memberships_contains_paid_content":false,"footnotes":"","jetpack_publicize_message":"","jetpack_publicize_feature_enabled":true,"jetpack_social_post_already_shared":true,"jetpack_social_options":{"image_generator_settings":{"template":"highway","default_image_id":0,"font":"","enabled":false},"version":2}},"categories":[11],"tags":[265,338,398,263,27,26,351,48],"class_list":["post-9971","post","type-post","status-publish","format-standard","has-post-thumbnail","hentry","category-noticias-de-ribeirao-preto-sp-e-regiao-ismael-colosi","tag-como","tag-domingo","tag-fica","tag-neste","tag-preto","tag-ribeirao","tag-tempo","tag-veja"],"jetpack_publicize_connections":[],"jetpack_featured_media_url":"https:\/\/i0.wp.com\/noticiasribeiraopreto.com.br\/wp-content\/uploads\/2023\/12\/WhatsApp-Image-2023-11-11-at-15.50.55.jpeg?fit=1600%2C900&ssl=1","jetpack-related-posts":[{"id":36661,"url":"https:\/\/noticiasribeiraopreto.com.br\/index.php\/2024\/02\/11\/veja-como-fica-o-tempo-em-ribeirao-preto-no-domingo-de-carnaval\/","url_meta":{"origin":9971,"position":0},"title":"Veja como fica o tempo em Ribeir\u00e3o Preto no domingo de Carnaval","author":"noticiasribeiraopreto.com.br","date":"11 de February de 2024","format":false,"excerpt":"O domingo (11) de Carnaval em Ribeir\u00e3o Preto deve ser de calor, segundo o Climatempo. Os meteorologistas apontam que as temperaturas podem chegar aos 35\u00b0C, com m\u00ednima de 20\u00b0C. O dia deve ser de Sol, com aumento de nuvens no per\u00edodo da manh\u00e3. Existem 90% de chances de pancadas de\u2026","rel":"","context":"In &quot;Not\u00edcias de Ribeir\u00e3o Preto-SP e Regi\u00e3o&quot;","block_context":{"text":"Not\u00edcias de Ribeir\u00e3o Preto-SP e Regi\u00e3o","link":"https:\/\/noticiasribeiraopreto.com.br\/index.php\/category\/noticias-de-ribeirao-preto-sp-e-regiao-ismael-colosi\/"},"img":{"alt_text":"","src":"https:\/\/i0.wp.com\/noticiasribeiraopreto.com.br\/wp-content\/uploads\/2024\/02\/1707655698_ribeirao-preto.jpg?fit=1200%2C900&ssl=1&resize=350%2C200","width":350,"height":200,"srcset":"https:\/\/i0.wp.com\/noticiasribeiraopreto.com.br\/wp-content\/uploads\/2024\/02\/1707655698_ribeirao-preto.jpg?fit=1200%2C900&ssl=1&resize=350%2C200 1x, https:\/\/i0.wp.com\/noticiasribeiraopreto.com.br\/wp-content\/uploads\/2024\/02\/1707655698_ribeirao-preto.jpg?fit=1200%2C900&ssl=1&resize=525%2C300 1.5x, https:\/\/i0.wp.com\/noticiasribeiraopreto.com.br\/wp-content\/uploads\/2024\/02\/1707655698_ribeirao-preto.jpg?fit=1200%2C900&ssl=1&resize=700%2C400 2x, https:\/\/i0.wp.com\/noticiasribeiraopreto.com.br\/wp-content\/uploads\/2024\/02\/1707655698_ribeirao-preto.jpg?fit=1200%2C900&ssl=1&resize=1050%2C600 3x"},"classes":[]},{"id":65694,"url":"https:\/\/noticiasribeiraopreto.com.br\/index.php\/2025\/03\/23\/temporal-veja-como-fica-o-tempo-neste-domingo-em-ribeirao-preto\/","url_meta":{"origin":9971,"position":1},"title":"Temporal? Veja como fica o tempo neste domingo em Ribeir\u00e3o Preto","author":"noticiasribeiraopreto.com.br","date":"23 de March de 2025","format":false,"excerpt":"O domingo (23) come\u00e7ou nublado em Ribeir\u00e3o Preto. De acordo com a Climatempo, as temperaturas devem ficar entre 20\u00b0C e 31\u00b0C e h\u00e1 possibilidade de mais chuva no fim da tarde e temporal no per\u00edodo da noite. O acumulado previsto \u00e9 de 12,9 mil\u00edmetros. A chuva \u00e9 provocada por uma\u2026","rel":"","context":"In &quot;Not\u00edcias de Ribeir\u00e3o Preto-SP e Regi\u00e3o&quot;","block_context":{"text":"Not\u00edcias de Ribeir\u00e3o Preto-SP e Regi\u00e3o","link":"https:\/\/noticiasribeiraopreto.com.br\/index.php\/category\/noticias-de-ribeirao-preto-sp-e-regiao-ismael-colosi\/"},"img":{"alt_text":"","src":"https:\/\/i0.wp.com\/noticiasribeiraopreto.com.br\/wp-content\/uploads\/2025\/03\/ceu-nublado-ribeirao-preto_2025-03-23_12-37-07_jpeg_2025-03-23_12-37-07.webp.webp?fit=1200%2C900&ssl=1&resize=350%2C200","width":350,"height":200,"srcset":"https:\/\/i0.wp.com\/noticiasribeiraopreto.com.br\/wp-content\/uploads\/2025\/03\/ceu-nublado-ribeirao-preto_2025-03-23_12-37-07_jpeg_2025-03-23_12-37-07.webp.webp?fit=1200%2C900&ssl=1&resize=350%2C200 1x, https:\/\/i0.wp.com\/noticiasribeiraopreto.com.br\/wp-content\/uploads\/2025\/03\/ceu-nublado-ribeirao-preto_2025-03-23_12-37-07_jpeg_2025-03-23_12-37-07.webp.webp?fit=1200%2C900&ssl=1&resize=525%2C300 1.5x, https:\/\/i0.wp.com\/noticiasribeiraopreto.com.br\/wp-content\/uploads\/2025\/03\/ceu-nublado-ribeirao-preto_2025-03-23_12-37-07_jpeg_2025-03-23_12-37-07.webp.webp?fit=1200%2C900&ssl=1&resize=700%2C400 2x, https:\/\/i0.wp.com\/noticiasribeiraopreto.com.br\/wp-content\/uploads\/2025\/03\/ceu-nublado-ribeirao-preto_2025-03-23_12-37-07_jpeg_2025-03-23_12-37-07.webp.webp?fit=1200%2C900&ssl=1&resize=1050%2C600 3x"},"classes":[]},{"id":62580,"url":"https:\/\/noticiasribeiraopreto.com.br\/index.php\/2025\/01\/18\/veja-como-fica-a-previsao-do-tempo-para-ribeirao-preto-no-fim-de-semana\/","url_meta":{"origin":9971,"position":2},"title":"Veja como fica a previs\u00e3o do tempo para Ribeir\u00e3o Preto no fim de semana","author":"noticiasribeiraopreto.com.br","date":"18 de January de 2025","format":false,"excerpt":"O s\u00e1bado (18) come\u00e7ou com Sol e algumas nuvens em Ribeir\u00e3o Preto. Segundo a Climatempo, o fim de semana na cidade ter\u00e1 temperaturas de at\u00e9 30\u00b0C, com m\u00ednima de 21\u00b0C. Os meteorologistas apontam que o s\u00e1bado deve ser de Sol com algumas nuvens e possibilidade de pancadas de chuva nos\u2026","rel":"","context":"In &quot;Not\u00edcias de Ribeir\u00e3o Preto-SP e Regi\u00e3o&quot;","block_context":{"text":"Not\u00edcias de Ribeir\u00e3o Preto-SP e Regi\u00e3o","link":"https:\/\/noticiasribeiraopreto.com.br\/index.php\/category\/noticias-de-ribeirao-preto-sp-e-regiao-ismael-colosi\/"},"img":{"alt_text":"","src":"https:\/\/i0.wp.com\/noticiasribeiraopreto.com.br\/wp-content\/uploads\/2025\/01\/dia-ribeirao-preto_2025-01-18_12-37-13_jpeg_2025-01-18_12-37-13.webp.webp?fit=1200%2C900&ssl=1&resize=350%2C200","width":350,"height":200,"srcset":"https:\/\/i0.wp.com\/noticiasribeiraopreto.com.br\/wp-content\/uploads\/2025\/01\/dia-ribeirao-preto_2025-01-18_12-37-13_jpeg_2025-01-18_12-37-13.webp.webp?fit=1200%2C900&ssl=1&resize=350%2C200 1x, https:\/\/i0.wp.com\/noticiasribeiraopreto.com.br\/wp-content\/uploads\/2025\/01\/dia-ribeirao-preto_2025-01-18_12-37-13_jpeg_2025-01-18_12-37-13.webp.webp?fit=1200%2C900&ssl=1&resize=525%2C300 1.5x, https:\/\/i0.wp.com\/noticiasribeiraopreto.com.br\/wp-content\/uploads\/2025\/01\/dia-ribeirao-preto_2025-01-18_12-37-13_jpeg_2025-01-18_12-37-13.webp.webp?fit=1200%2C900&ssl=1&resize=700%2C400 2x, https:\/\/i0.wp.com\/noticiasribeiraopreto.com.br\/wp-content\/uploads\/2025\/01\/dia-ribeirao-preto_2025-01-18_12-37-13_jpeg_2025-01-18_12-37-13.webp.webp?fit=1200%2C900&ssl=1&resize=1050%2C600 3x"},"classes":[]},{"id":34891,"url":"https:\/\/noticiasribeiraopreto.com.br\/index.php\/2024\/02\/04\/domingo-comeca-com-tempo-fechado-em-ribeirao-veja-previsao-para-os-proximos-5-dias\/","url_meta":{"origin":9971,"position":3},"title":"Domingo come\u00e7a com tempo fechado em Ribeir\u00e3o; Veja previs\u00e3o para os pr\u00f3ximos 5 dias","author":"noticiasribeiraopreto.com.br","date":"4 de February de 2024","format":false,"excerpt":"O domingo (4) amanheceu com tempo fechado e chuvoso em Ribeir\u00e3o Preto. De acordo com a Climatempo, o sol aparece com algumas nuvens e mant\u00e9m o tempo abafado. Pancadas de chuva podem ocorrer durante o dia e \u00e0 noite. Existem 83% de chances de chover o acumulado de 10 mil\u00edmetros.\u2026","rel":"","context":"In &quot;Not\u00edcias de Ribeir\u00e3o Preto-SP e Regi\u00e3o&quot;","block_context":{"text":"Not\u00edcias de Ribeir\u00e3o Preto-SP e Regi\u00e3o","link":"https:\/\/noticiasribeiraopreto.com.br\/index.php\/category\/noticias-de-ribeirao-preto-sp-e-regiao-ismael-colosi\/"},"img":{"alt_text":"","src":"https:\/\/i0.wp.com\/noticiasribeiraopreto.com.br\/wp-content\/uploads\/2024\/02\/WhatsApp-Image-2023-12-22-at-07.23.32.jpeg?fit=1200%2C675&ssl=1&resize=350%2C200","width":350,"height":200,"srcset":"https:\/\/i0.wp.com\/noticiasribeiraopreto.com.br\/wp-content\/uploads\/2024\/02\/WhatsApp-Image-2023-12-22-at-07.23.32.jpeg?fit=1200%2C675&ssl=1&resize=350%2C200 1x, https:\/\/i0.wp.com\/noticiasribeiraopreto.com.br\/wp-content\/uploads\/2024\/02\/WhatsApp-Image-2023-12-22-at-07.23.32.jpeg?fit=1200%2C675&ssl=1&resize=525%2C300 1.5x, https:\/\/i0.wp.com\/noticiasribeiraopreto.com.br\/wp-content\/uploads\/2024\/02\/WhatsApp-Image-2023-12-22-at-07.23.32.jpeg?fit=1200%2C675&ssl=1&resize=700%2C400 2x, https:\/\/i0.wp.com\/noticiasribeiraopreto.com.br\/wp-content\/uploads\/2024\/02\/WhatsApp-Image-2023-12-22-at-07.23.32.jpeg?fit=1200%2C675&ssl=1&resize=1050%2C600 3x"},"classes":[]},{"id":62607,"url":"https:\/\/noticiasribeiraopreto.com.br\/index.php\/2025\/01\/19\/como-fica-o-tempo-em-ribeirao-preto-neste-domingo-veja-previsao\/","url_meta":{"origin":9971,"position":4},"title":"Como fica o tempo em Ribeir\u00e3o Preto neste domingo? Veja previs\u00e3o","author":"noticiasribeiraopreto.com.br","date":"19 de January de 2025","format":false,"excerpt":"O domingo (19) come\u00e7ou com sol e nuvens em Ribeir\u00e3o Preto. De acordo com a Climatempo, os term\u00f4metros devem atingir os 31\u00baC durante o dia e a m\u00ednima fica na casa dos 21\u00baC. H\u00e1 previs\u00e3o para chuva r\u00e1pida durante o dia e \u00e0 noite. Conforme os meteorologistas, o acumulado previsto\u2026","rel":"","context":"In &quot;Not\u00edcias de Ribeir\u00e3o Preto-SP e Regi\u00e3o&quot;","block_context":{"text":"Not\u00edcias de Ribeir\u00e3o Preto-SP e Regi\u00e3o","link":"https:\/\/noticiasribeiraopreto.com.br\/index.php\/category\/noticias-de-ribeirao-preto-sp-e-regiao-ismael-colosi\/"},"img":{"alt_text":"","src":"https:\/\/i0.wp.com\/noticiasribeiraopreto.com.br\/wp-content\/uploads\/2025\/01\/veja_a_1200x675_13022022151246.jpg?fit=1200%2C675&ssl=1&resize=350%2C200","width":350,"height":200,"srcset":"https:\/\/i0.wp.com\/noticiasribeiraopreto.com.br\/wp-content\/uploads\/2025\/01\/veja_a_1200x675_13022022151246.jpg?fit=1200%2C675&ssl=1&resize=350%2C200 1x, https:\/\/i0.wp.com\/noticiasribeiraopreto.com.br\/wp-content\/uploads\/2025\/01\/veja_a_1200x675_13022022151246.jpg?fit=1200%2C675&ssl=1&resize=525%2C300 1.5x, https:\/\/i0.wp.com\/noticiasribeiraopreto.com.br\/wp-content\/uploads\/2025\/01\/veja_a_1200x675_13022022151246.jpg?fit=1200%2C675&ssl=1&resize=700%2C400 2x, https:\/\/i0.wp.com\/noticiasribeiraopreto.com.br\/wp-content\/uploads\/2025\/01\/veja_a_1200x675_13022022151246.jpg?fit=1200%2C675&ssl=1&resize=1050%2C600 3x"},"classes":[]},{"id":71515,"url":"https:\/\/noticiasribeiraopreto.com.br\/index.php\/2025\/06\/06\/previsao-do-tempo-possibilidade-de-chuva-no-interior-de-sp-no-domingo-confira\/","url_meta":{"origin":9971,"position":5},"title":"Previs\u00e3o do tempo: possibilidade de chuva no interior de SP no domingo; confira","author":"noticiasribeiraopreto.com.br","date":"6 de June de 2025","format":false,"excerpt":"A previs\u00e3o do tempo para o final de semana no estado de S\u00e3o Paulo aponta para possibilidade de chuva, que deve acontecer a partir de domingo (8). Antes, no s\u00e1bado (7), o tempo ficar\u00e1 inst\u00e1vel na parte leste do estado, segundo a Climatempo. \u201cA chuva chega nessas \u00e1reas em forma\u2026","rel":"","context":"In &quot;Not\u00edcias de Ribeir\u00e3o Preto-SP e Regi\u00e3o&quot;","block_context":{"text":"Not\u00edcias de Ribeir\u00e3o Preto-SP e Regi\u00e3o","link":"https:\/\/noticiasribeiraopreto.com.br\/index.php\/category\/noticias-de-ribeirao-preto-sp-e-regiao-ismael-colosi\/"},"img":{"alt_text":"","src":"https:\/\/i0.wp.com\/noticiasribeiraopreto.com.br\/wp-content\/uploads\/2025\/02\/chuva-ribeirao-preto-2_2025-02-02_20-25-14_jpeg_2025-02-02_20-25-14.webp.webp?fit=1166%2C874&ssl=1&resize=350%2C200","width":350,"height":200,"srcset":"https:\/\/i0.wp.com\/noticiasribeiraopreto.com.br\/wp-content\/uploads\/2025\/02\/chuva-ribeirao-preto-2_2025-02-02_20-25-14_jpeg_2025-02-02_20-25-14.webp.webp?fit=1166%2C874&ssl=1&resize=350%2C200 1x, https:\/\/i0.wp.com\/noticiasribeiraopreto.com.br\/wp-content\/uploads\/2025\/02\/chuva-ribeirao-preto-2_2025-02-02_20-25-14_jpeg_2025-02-02_20-25-14.webp.webp?fit=1166%2C874&ssl=1&resize=525%2C300 1.5x, https:\/\/i0.wp.com\/noticiasribeiraopreto.com.br\/wp-content\/uploads\/2025\/02\/chuva-ribeirao-preto-2_2025-02-02_20-25-14_jpeg_2025-02-02_20-25-14.webp.webp?fit=1166%2C874&ssl=1&resize=700%2C400 2x, https:\/\/i0.wp.com\/noticiasribeiraopreto.com.br\/wp-content\/uploads\/2025\/02\/chuva-ribeirao-preto-2_2025-02-02_20-25-14_jpeg_2025-02-02_20-25-14.webp.webp?fit=1166%2C874&ssl=1&resize=1050%2C600 3x"},"classes":[]}],"jetpack_sharing_enabled":true,"jetpack_shortlink":"https:\/\/wp.me\/peQAOb-2AP","_links":{"self":[{"href":"https:\/\/noticiasribeiraopreto.com.br\/index.php\/wp-json\/wp\/v2\/posts\/9971","targetHints":{"allow":["GET"]}}],"collection":[{"href":"https:\/\/noticiasribeiraopreto.com.br\/index.php\/wp-json\/wp\/v2\/posts"}],"about":[{"href":"https:\/\/noticiasribeiraopreto.com.br\/index.php\/wp-json\/wp\/v2\/types\/post"}],"author":[{"embeddable":true,"href":"https:\/\/noticiasribeiraopreto.com.br\/index.php\/wp-json\/wp\/v2\/users\/1"}],"replies":[{"embeddable":true,"href":"https:\/\/noticiasribeiraopreto.com.br\/index.php\/wp-json\/wp\/v2\/comments?post=9971"}],"version-history":[{"count":0,"href":"https:\/\/noticiasribeiraopreto.com.br\/index.php\/wp-json\/wp\/v2\/posts\/9971\/revisions"}],"wp:featuredmedia":[{"embeddable":true,"href":"https:\/\/noticiasribeiraopreto.com.br\/index.php\/wp-json\/wp\/v2\/media\/9972"}],"wp:attachment":[{"href":"https:\/\/noticiasribeiraopreto.com.br\/index.php\/wp-json\/wp\/v2\/media?parent=9971"}],"wp:term":[{"taxonomy":"category","embeddable":true,"href":"https:\/\/noticiasribeiraopreto.com.br\/index.php\/wp-json\/wp\/v2\/categories?post=9971"},{"taxonomy":"post_tag","embeddable":true,"href":"https:\/\/noticiasribeiraopreto.com.br\/index.php\/wp-json\/wp\/v2\/tags?post=9971"}],"curies":[{"name":"wp","href":"https:\/\/api.w.org\/{rel}","templated":true}]}}