{"id":9973,"date":"2023-12-03T11:36:11","date_gmt":"2023-12-03T14:36:11","guid":{"rendered":"https:\/\/noticiasribeiraopreto.com.br\/index.php\/2023\/12\/03\/sao-bernardo-plaza-conta-pista-de-patinacao-no-gelo-na-decoracao-de-natal\/"},"modified":"2023-12-03T11:36:11","modified_gmt":"2023-12-03T14:36:11","slug":"sao-bernardo-plaza-conta-pista-de-patinacao-no-gelo-na-decoracao-de-natal","status":"publish","type":"post","link":"https:\/\/noticiasribeiraopreto.com.br\/index.php\/2023\/12\/03\/sao-bernardo-plaza-conta-pista-de-patinacao-no-gelo-na-decoracao-de-natal\/","title":{"rendered":"S\u00e3o Bernardo Plaza conta pista de patina\u00e7\u00e3o no gelo na decora\u00e7\u00e3o de Natal\u00a0"},"content":{"rendered":"<div class='code-block code-block-1' style='margin: 8px 0 8px auto; text-align: right; display: block; clear: both;'>\n<p><a href=\"https:\/\/wa.link\/vpicfd\"><img data-recalc-dims=\"1\" class=\"wp-image-4922\" style=\"aspect-ratio: 2.0253164556962027; width: 561px; height: auto;\" src=\"https:\/\/i0.wp.com\/ismaelcolosi.com.br\/wp-content\/uploads\/2023\/11\/grupo-de-empregos-whatsapp-e-facebook-ismael-colosi-vagas.jpg?ssl=1\" alt=\"\" \/><\/a><\/p>\n<!-- \/wp:image -->\n<\/div>\n<p> <br \/>\n<\/p>\n<div>\n<p>Com o tema \u201cUm Lindo Presente de Natal\u201d, o S\u00e3o Bernardo Plaza Shopping oferece ao p\u00fablico uma decora\u00e7\u00e3o que resgata a tradi\u00e7\u00e3o do Natal. Com tons de verde e vermelho em todos os pisos, la\u00e7os que remetem os esperados presentes de fim de ano, al\u00e9m de uma \u00e1rvore enfeitada de 11 metros de altura no centro de uma pista de patina\u00e7\u00e3o no gelo.<\/p>\n<p>A Play on Ice, pista de patina\u00e7\u00e3o no gelo, possui 126m\u00b2\u00a0e promete proporcionar novas mem\u00f3rias para pessoas de todas as idades. \u00c9 uma excelente op\u00e7\u00e3o para espantar o calor e garantir a divers\u00e3o de crian\u00e7as e adultos, j\u00e1 que \u00e9 a \u00fanica pista de patina\u00e7\u00e3o em shoppings, na regi\u00e3o do ABC.<\/p>\n<p>\u201cNosso objetivo \u00e9 sempre proporcionar para os nossos clientes o melhor do entretenimento, com espa\u00e7os que possibilitem que as fam\u00edlias desfrutem e comemorem da melhor forma. Com essa decora\u00e7\u00e3o de Natal in\u00e9dita e exclusiva na regi\u00e3o, queremos que as fam\u00edlias celebrem e divirtam-se juntas, criando mem\u00f3rias\u201d, diz Ana Faustino, Gerente de Marketing do S\u00e3o Bernardo Plaza.<\/p>\n<p>A pista de patina\u00e7\u00e3o funciona de segunda a sexta-feira, das 14h \u00e0s 22h, s\u00e1bado das 10h \u00e0s 22h e aos domingos e feriados, das 12h \u00e0s 21h. Crian\u00e7as menores de cinco anos devem utilizar o playcar\u00a0\u2013 um carrinho \u2013 manejado por monitores. Menores de 18 anos devem estar acompanhados pelos pais ou respons\u00e1veis que devem permanecer no local durante o tempo de dura\u00e7\u00e3o da brincadeira.<\/p>\n<p>Os valores s\u00e3o R$50 para sess\u00e3o de 30 minutos e R$75 para sess\u00e3o de uma hora.<\/p>\n<p>Papai Noel<\/p>\n<p>Os visitantes tamb\u00e9m podem fazer fotos com o Papai Noel mais simp\u00e1tico de toda regi\u00e3o. O famoso trono natalino, que tem o formato de um lindo presente, est\u00e1 localizado no Piso L2, em frente ao Clube Melissa. Os pets tamb\u00e9m s\u00e3o muito bem-vindos: shopping disponibiliza um trono pet\u00a0para que eles participem desse momento especial. As fotos com o \u201cbom velhinho\u201d acontecem por ordem de chegada, de segunda \u00e0 s\u00e1bado, das 12h \u00e0s 20h e nos domingos e feriados, das 14h \u00e0s 20h. Encerramento da fila acontece 30 minutos antes do fechamento do shopping.<\/p>\n<\/div>\n<p><script>\n\t\t! function(f, b, e, v, n, t, s) {\n\t\t\tif (f.fbq) return;\n\t\t\tn = f.fbq = function() {\n\t\t\t\tn.callMethod ?\n\t\t\t\t\tn.callMethod.apply(n, arguments) : n.queue.push(arguments)\n\t\t\t};\n\t\t\tif (!f._fbq) f._fbq = n;\n\t\t\tn.push = n;\n\t\t\tn.loaded = !0;\n\t\t\tn.version = '2.0';\n\t\t\tn.queue = [];\n\t\t\tt = b.createElement(e);\n\t\t\tt.async = !0;\n\t\t\tt.src = v;\n\t\t\ts = b.getElementsByTagName(e)[0];\n\t\t\ts.parentNode.insertBefore(t, s)\n\t\t}(window, document, 'script',\n\t\t\t'https:\/\/connect.facebook.net\/en_US\/fbevents.js');\n\t\tfbq('init', '338315473262380');\n\t\tfbq('track', 'PageView');\n\t<\/script><br \/>\n<br \/><br \/>\n<br \/><a href=\"https:\/\/catracalivre.com.br\/vila-mundo\/sao-bernardo-plaza-conta-pista-de-patinacao-no-gelo-na-decoracao-de-natal\/\">Source link <\/a><\/p>\n<!-- CONTENT END 1 -->\n","protected":false},"excerpt":{"rendered":"<p>Com o tema \u201cUm Lindo Presente de Natal\u201d, o S\u00e3o Bernardo Plaza Shopping oferece ao p\u00fablico uma decora\u00e7\u00e3o que resgata a tradi\u00e7\u00e3o do Natal. Com&#8230;<\/p>\n","protected":false},"author":1,"featured_media":9974,"comment_status":"open","ping_status":"open","sticky":false,"template":"","format":"standard","meta":{"advanced_seo_description":"","jetpack_seo_html_title":"","jetpack_seo_noindex":false,"jetpack_post_was_ever_published":false,"_jetpack_newsletter_access":"","_jetpack_dont_email_post_to_subs":false,"_jetpack_newsletter_tier_id":0,"_jetpack_memberships_contains_paywalled_content":false,"_jetpack_memberships_contains_paid_content":false,"footnotes":"","jetpack_publicize_message":"","jetpack_publicize_feature_enabled":true,"jetpack_social_post_already_shared":true,"jetpack_social_options":{"image_generator_settings":{"template":"highway","default_image_id":0,"font":"","enabled":false},"version":2}},"categories":[19],"tags":[],"class_list":["post-9973","post","type-post","status-publish","format-standard","has-post-thumbnail","hentry","category-variedades"],"jetpack_publicize_connections":[],"jetpack_featured_media_url":"https:\/\/i0.wp.com\/noticiasribeiraopreto.com.br\/wp-content\/uploads\/2023\/12\/20231114-193334-scaled.jpg?fit=1200%2C638&ssl=1","jetpack-related-posts":[{"id":76557,"url":"https:\/\/noticiasribeiraopreto.com.br\/index.php\/2025\/08\/31\/sesc-ribeirao-preto-recebe-patinador-tetracampeao-dos-jogos-pan-americanos\/","url_meta":{"origin":9973,"position":0},"title":"Sesc Ribeir\u00e3o Preto recebe patinador tetracampe\u00e3o dos Jogos Pan-Americanos","author":"noticiasribeiraopreto.com.br","date":"31 de August de 2025","format":false,"excerpt":"O Sesc Ribeir\u00e3o Preto recebe o patinador Marcel St\u00fcrmer, tetracampe\u00e3o dos Jogos Pan-Americanos, considerado o maior patinador da hist\u00f3ria do Brasil. Marcel participa de atividade no gin\u00e1sio do Sesc Ribeir\u00e3o no dia 28 de setembro, a partir das 14h. A entrada \u00e9 gratuita e n\u00e3o \u00e9 necess\u00e1ria a inscri\u00e7\u00e3o pr\u00e9via.\u2026","rel":"","context":"In &quot;Not\u00edcias de Ribeir\u00e3o Preto-SP e Regi\u00e3o&quot;","block_context":{"text":"Not\u00edcias de Ribeir\u00e3o Preto-SP e Regi\u00e3o","link":"https:\/\/noticiasribeiraopreto.com.br\/index.php\/category\/noticias-de-ribeirao-preto-sp-e-regiao-ismael-colosi\/"},"img":{"alt_text":"","src":"https:\/\/i0.wp.com\/noticiasribeiraopreto.com.br\/wp-content\/uploads\/2025\/08\/marcel-stumer_2025-08-31_17-09-37.webp.webp?fit=1200%2C619&ssl=1&resize=350%2C200","width":350,"height":200,"srcset":"https:\/\/i0.wp.com\/noticiasribeiraopreto.com.br\/wp-content\/uploads\/2025\/08\/marcel-stumer_2025-08-31_17-09-37.webp.webp?fit=1200%2C619&ssl=1&resize=350%2C200 1x, https:\/\/i0.wp.com\/noticiasribeiraopreto.com.br\/wp-content\/uploads\/2025\/08\/marcel-stumer_2025-08-31_17-09-37.webp.webp?fit=1200%2C619&ssl=1&resize=525%2C300 1.5x, https:\/\/i0.wp.com\/noticiasribeiraopreto.com.br\/wp-content\/uploads\/2025\/08\/marcel-stumer_2025-08-31_17-09-37.webp.webp?fit=1200%2C619&ssl=1&resize=700%2C400 2x, https:\/\/i0.wp.com\/noticiasribeiraopreto.com.br\/wp-content\/uploads\/2025\/08\/marcel-stumer_2025-08-31_17-09-37.webp.webp?fit=1200%2C619&ssl=1&resize=1050%2C600 3x"},"classes":[]},{"id":61134,"url":"https:\/\/noticiasribeiraopreto.com.br\/index.php\/2024\/12\/04\/sertaozinho-comemora-128-anos-confira-a-programacao-de-aniversario\/","url_meta":{"origin":9973,"position":1},"title":"Sert\u00e3ozinho comemora 128 anos; confira a programa\u00e7\u00e3o de anivers\u00e1rio","author":"noticiasribeiraopreto.com.br","date":"4 de December de 2024","format":false,"excerpt":"Nesta quinta-feira (5), a cidade de Sert\u00e3ozinho completa 128 anos. A data \u00e9 considerada feriado municipal e para comemorar, a Prefeitura de Sert\u00e3ozinho preparou uma programa\u00e7\u00e3o especial, que iniciou na \u00faltima segunda-feira (2) e segue at\u00e9 domingo (8). O evento conta com shows, a chegada do Papai Noel, concertos de\u2026","rel":"","context":"In &quot;Not\u00edcias de Ribeir\u00e3o Preto-SP e Regi\u00e3o&quot;","block_context":{"text":"Not\u00edcias de Ribeir\u00e3o Preto-SP e Regi\u00e3o","link":"https:\/\/noticiasribeiraopreto.com.br\/index.php\/category\/noticias-de-ribeirao-preto-sp-e-regiao-ismael-colosi\/"},"img":{"alt_text":"","src":"https:\/\/i0.wp.com\/noticiasribeiraopreto.com.br\/wp-content\/uploads\/2024\/12\/f96419bc9cdb4072bc03238028e3933e_2024-12-04_14-46-59_jpg_2024-12-04_14-47-00.webp.webp?fit=800%2C533&ssl=1&resize=350%2C200","width":350,"height":200,"srcset":"https:\/\/i0.wp.com\/noticiasribeiraopreto.com.br\/wp-content\/uploads\/2024\/12\/f96419bc9cdb4072bc03238028e3933e_2024-12-04_14-46-59_jpg_2024-12-04_14-47-00.webp.webp?fit=800%2C533&ssl=1&resize=350%2C200 1x, https:\/\/i0.wp.com\/noticiasribeiraopreto.com.br\/wp-content\/uploads\/2024\/12\/f96419bc9cdb4072bc03238028e3933e_2024-12-04_14-46-59_jpg_2024-12-04_14-47-00.webp.webp?fit=800%2C533&ssl=1&resize=525%2C300 1.5x, https:\/\/i0.wp.com\/noticiasribeiraopreto.com.br\/wp-content\/uploads\/2024\/12\/f96419bc9cdb4072bc03238028e3933e_2024-12-04_14-46-59_jpg_2024-12-04_14-47-00.webp.webp?fit=800%2C533&ssl=1&resize=700%2C400 2x"},"classes":[]},{"id":9927,"url":"https:\/\/noticiasribeiraopreto.com.br\/index.php\/2023\/12\/03\/atracoes-interativas-disney-pixar-agitam-o-grand-plaza-neste-natal\/","url_meta":{"origin":9973,"position":2},"title":"Atra\u00e7\u00f5es interativas Disney | Pixar agitam o Grand Plaza neste Natal","author":"noticiasribeiraopreto.com.br","date":"3 de December de 2023","format":false,"excerpt":"A decora\u00e7\u00e3o de Natal licenciada da Disney | Pixar est\u00e1 fazendo muito sucesso no Grand Plaza, empreendimento que oferece a melhor experi\u00eancia em compras, lazer, entretenimento e gastronomia do ABC. Dividido em quatro cen\u00e1rios personalizados de Mickey e Minnie, Frozen, Monstros S.A. e Carros ao redor de \u00e1rvore natalina de\u2026","rel":"","context":"In &quot;Variedades&quot;","block_context":{"text":"Variedades","link":"https:\/\/noticiasribeiraopreto.com.br\/index.php\/category\/variedades\/"},"img":{"alt_text":"","src":"https:\/\/i0.wp.com\/noticiasribeiraopreto.com.br\/wp-content\/uploads\/2023\/12\/gp-decoracao-de-natal-4.jpg?fit=1200%2C638&ssl=1&resize=350%2C200","width":350,"height":200,"srcset":"https:\/\/i0.wp.com\/noticiasribeiraopreto.com.br\/wp-content\/uploads\/2023\/12\/gp-decoracao-de-natal-4.jpg?fit=1200%2C638&ssl=1&resize=350%2C200 1x, https:\/\/i0.wp.com\/noticiasribeiraopreto.com.br\/wp-content\/uploads\/2023\/12\/gp-decoracao-de-natal-4.jpg?fit=1200%2C638&ssl=1&resize=525%2C300 1.5x, https:\/\/i0.wp.com\/noticiasribeiraopreto.com.br\/wp-content\/uploads\/2023\/12\/gp-decoracao-de-natal-4.jpg?fit=1200%2C638&ssl=1&resize=700%2C400 2x, https:\/\/i0.wp.com\/noticiasribeiraopreto.com.br\/wp-content\/uploads\/2023\/12\/gp-decoracao-de-natal-4.jpg?fit=1200%2C638&ssl=1&resize=1050%2C600 3x"},"classes":[]},{"id":7206,"url":"https:\/\/noticiasribeiraopreto.com.br\/index.php\/2023\/11\/27\/quais-filmes-e-series-estreiam-nesta-semana-nos-streamings-veja-a-lista\/","url_meta":{"origin":9973,"position":3},"title":"Quais filmes e s\u00e9ries estreiam nesta semana nos streamings? Veja a lista","author":"noticiasribeiraopreto.com.br","date":"27 de November de 2023","format":false,"excerpt":"Cr\u00e9ditos: reprodu\u00e7\u00e3o\/DisneyNovos filmes e s\u00e9ries estreiam nos streamings; veja a llista Entre 26 de dezembro e 2 de dezembro, os streamings prometem as estreias de grandes filmes e s\u00e9ries. Para entrar em clima de Natal, \u201cRitmo de Natal\u201d, do Globoplay, e \u201cA Batalha de Natal\u201d, do Prime Video, est\u00e3o entre\u2026","rel":"","context":"In &quot;Variedades&quot;","block_context":{"text":"Variedades","link":"https:\/\/noticiasribeiraopreto.com.br\/index.php\/category\/variedades\/"},"img":{"alt_text":"","src":"https:\/\/i0.wp.com\/noticiasribeiraopreto.com.br\/wp-content\/uploads\/2023\/11\/fotos-catraca-2023-11-27t132847745.png?fit=1200%2C638&ssl=1&resize=350%2C200","width":350,"height":200,"srcset":"https:\/\/i0.wp.com\/noticiasribeiraopreto.com.br\/wp-content\/uploads\/2023\/11\/fotos-catraca-2023-11-27t132847745.png?fit=1200%2C638&ssl=1&resize=350%2C200 1x, https:\/\/i0.wp.com\/noticiasribeiraopreto.com.br\/wp-content\/uploads\/2023\/11\/fotos-catraca-2023-11-27t132847745.png?fit=1200%2C638&ssl=1&resize=525%2C300 1.5x, https:\/\/i0.wp.com\/noticiasribeiraopreto.com.br\/wp-content\/uploads\/2023\/11\/fotos-catraca-2023-11-27t132847745.png?fit=1200%2C638&ssl=1&resize=700%2C400 2x, https:\/\/i0.wp.com\/noticiasribeiraopreto.com.br\/wp-content\/uploads\/2023\/11\/fotos-catraca-2023-11-27t132847745.png?fit=1200%2C638&ssl=1&resize=1050%2C600 3x"},"classes":[]},{"id":9591,"url":"https:\/\/noticiasribeiraopreto.com.br\/index.php\/2023\/12\/02\/maua-plaza-aposta-em-decoracao-de-natal-inedita-inspirada-no-canal-gloob\/","url_meta":{"origin":9973,"position":4},"title":"Mau\u00e1 Plaza aposta em decora\u00e7\u00e3o de Natal in\u00e9dita inspirada no canal Gloob","author":"noticiasribeiraopreto.com.br","date":"2 de December de 2023","format":false,"excerpt":"No Mau\u00e1 Plaza Shopping a magia do Natal j\u00e1 pode ser sentida. Com diversos cen\u00e1rios da s\u00e9rie Detetives do Pr\u00e9dio Azul, da sitcom Bugados, e dos desenhos Ursinhos Carinhosos, Giba Blaster, Seninha e muito mais, a decora\u00e7\u00e3o tem\u00e1tica do canal Gloob, est\u00e1 no Brasil pela primeira vez, e promete encantar\u2026","rel":"","context":"In &quot;Variedades&quot;","block_context":{"text":"Variedades","link":"https:\/\/noticiasribeiraopreto.com.br\/index.php\/category\/variedades\/"},"img":{"alt_text":"","src":"https:\/\/i0.wp.com\/noticiasribeiraopreto.com.br\/wp-content\/uploads\/2023\/12\/whatsapp-image-2023-11-13-at-155814.jpg?fit=1200%2C638&ssl=1&resize=350%2C200","width":350,"height":200,"srcset":"https:\/\/i0.wp.com\/noticiasribeiraopreto.com.br\/wp-content\/uploads\/2023\/12\/whatsapp-image-2023-11-13-at-155814.jpg?fit=1200%2C638&ssl=1&resize=350%2C200 1x, https:\/\/i0.wp.com\/noticiasribeiraopreto.com.br\/wp-content\/uploads\/2023\/12\/whatsapp-image-2023-11-13-at-155814.jpg?fit=1200%2C638&ssl=1&resize=525%2C300 1.5x, https:\/\/i0.wp.com\/noticiasribeiraopreto.com.br\/wp-content\/uploads\/2023\/12\/whatsapp-image-2023-11-13-at-155814.jpg?fit=1200%2C638&ssl=1&resize=700%2C400 2x, https:\/\/i0.wp.com\/noticiasribeiraopreto.com.br\/wp-content\/uploads\/2023\/12\/whatsapp-image-2023-11-13-at-155814.jpg?fit=1200%2C638&ssl=1&resize=1050%2C600 3x"},"classes":[]},{"id":882,"url":"https:\/\/noticiasribeiraopreto.com.br\/index.php\/2023\/11\/09\/ja-e-natal-tudo-sobre-o-papai-noel-nos-shoppings-de-ribeirao-preto\/","url_meta":{"origin":9973,"position":5},"title":"J\u00e1 \u00e9 Natal: Tudo sobre o Papai Noel nos shoppings de Ribeir\u00e3o Preto\u00a0","author":"noticiasribeiraopreto.com.br","date":"9 de November de 2023","format":false,"excerpt":"O clima de Natal j\u00e1 pode ser visto nos shoppings de Ribeir\u00e3o Preto com a presen\u00e7a do Papai Noel e com as decora\u00e7\u00f5es natalinas. O acidade on fez uma lista com todos os dias e hor\u00e1rios que as crian\u00e7as podem fazer os pedidos ao \u2018Bom Velhinho\u2019. SHOPPING IGUATEMI O Shopping\u2026","rel":"","context":"In &quot;Not\u00edcias de Ribeir\u00e3o Preto-SP e Regi\u00e3o&quot;","block_context":{"text":"Not\u00edcias de Ribeir\u00e3o Preto-SP e Regi\u00e3o","link":"https:\/\/noticiasribeiraopreto.com.br\/index.php\/category\/noticias-de-ribeirao-preto-sp-e-regiao-ismael-colosi\/"},"img":{"alt_text":"","src":"https:\/\/i0.wp.com\/noticiasribeiraopreto.com.br\/wp-content\/uploads\/2023\/11\/santa-claus-1906513_1280.jpg?fit=1200%2C800&ssl=1&resize=350%2C200","width":350,"height":200,"srcset":"https:\/\/i0.wp.com\/noticiasribeiraopreto.com.br\/wp-content\/uploads\/2023\/11\/santa-claus-1906513_1280.jpg?fit=1200%2C800&ssl=1&resize=350%2C200 1x, https:\/\/i0.wp.com\/noticiasribeiraopreto.com.br\/wp-content\/uploads\/2023\/11\/santa-claus-1906513_1280.jpg?fit=1200%2C800&ssl=1&resize=525%2C300 1.5x, https:\/\/i0.wp.com\/noticiasribeiraopreto.com.br\/wp-content\/uploads\/2023\/11\/santa-claus-1906513_1280.jpg?fit=1200%2C800&ssl=1&resize=700%2C400 2x, https:\/\/i0.wp.com\/noticiasribeiraopreto.com.br\/wp-content\/uploads\/2023\/11\/santa-claus-1906513_1280.jpg?fit=1200%2C800&ssl=1&resize=1050%2C600 3x"},"classes":[]}],"jetpack_sharing_enabled":true,"jetpack_shortlink":"https:\/\/wp.me\/peQAOb-2AR","_links":{"self":[{"href":"https:\/\/noticiasribeiraopreto.com.br\/index.php\/wp-json\/wp\/v2\/posts\/9973","targetHints":{"allow":["GET"]}}],"collection":[{"href":"https:\/\/noticiasribeiraopreto.com.br\/index.php\/wp-json\/wp\/v2\/posts"}],"about":[{"href":"https:\/\/noticiasribeiraopreto.com.br\/index.php\/wp-json\/wp\/v2\/types\/post"}],"author":[{"embeddable":true,"href":"https:\/\/noticiasribeiraopreto.com.br\/index.php\/wp-json\/wp\/v2\/users\/1"}],"replies":[{"embeddable":true,"href":"https:\/\/noticiasribeiraopreto.com.br\/index.php\/wp-json\/wp\/v2\/comments?post=9973"}],"version-history":[{"count":0,"href":"https:\/\/noticiasribeiraopreto.com.br\/index.php\/wp-json\/wp\/v2\/posts\/9973\/revisions"}],"wp:featuredmedia":[{"embeddable":true,"href":"https:\/\/noticiasribeiraopreto.com.br\/index.php\/wp-json\/wp\/v2\/media\/9974"}],"wp:attachment":[{"href":"https:\/\/noticiasribeiraopreto.com.br\/index.php\/wp-json\/wp\/v2\/media?parent=9973"}],"wp:term":[{"taxonomy":"category","embeddable":true,"href":"https:\/\/noticiasribeiraopreto.com.br\/index.php\/wp-json\/wp\/v2\/categories?post=9973"},{"taxonomy":"post_tag","embeddable":true,"href":"https:\/\/noticiasribeiraopreto.com.br\/index.php\/wp-json\/wp\/v2\/tags?post=9973"}],"curies":[{"name":"wp","href":"https:\/\/api.w.org\/{rel}","templated":true}]}}