{"id":9975,"date":"2023-12-03T11:38:32","date_gmt":"2023-12-03T14:38:32","guid":{"rendered":"https:\/\/noticiasribeiraopreto.com.br\/index.php\/2023\/12\/03\/dudu-nobre-desabafa-diante-do-que-tem-visto-de-sua-filha-lily-nobre-em-a-fazenda-15\/"},"modified":"2023-12-03T11:38:32","modified_gmt":"2023-12-03T14:38:32","slug":"dudu-nobre-desabafa-diante-do-que-tem-visto-de-sua-filha-lily-nobre-em-a-fazenda-15","status":"publish","type":"post","link":"https:\/\/noticiasribeiraopreto.com.br\/index.php\/2023\/12\/03\/dudu-nobre-desabafa-diante-do-que-tem-visto-de-sua-filha-lily-nobre-em-a-fazenda-15\/","title":{"rendered":"Dudu Nobre desabafa diante do que tem visto de sua filha Lily Nobre em A Fazenda 15"},"content":{"rendered":"<div class='code-block code-block-1' style='margin: 8px 0 8px auto; text-align: right; display: block; clear: both;'>\n<p><a href=\"https:\/\/wa.link\/vpicfd\"><img data-recalc-dims=\"1\" class=\"wp-image-4922\" style=\"aspect-ratio: 2.0253164556962027; width: 561px; height: auto;\" src=\"https:\/\/i0.wp.com\/ismaelcolosi.com.br\/wp-content\/uploads\/2023\/11\/grupo-de-empregos-whatsapp-e-facebook-ismael-colosi-vagas.jpg?ssl=1\" alt=\"\" \/><\/a><\/p>\n<!-- \/wp:image -->\n<\/div>\n<p> <br \/>\n<\/p>\n<div itemprop=\"text\">\n<p>No \u00faltimo s\u00e1bado, dia 02 de dezembro, o programa do Jo\u00e3o exibido pela Band e apresentado por Jo\u00e3o Silva, filho do apresentador Fausto Silva, recebeu Dudu Nobre como convidado especial.<\/p>\n<p>Na oportunidade, o m\u00fasico foi convidado a falar abertamente sobre a sua experi\u00eancia pessoal com a participa\u00e7\u00e3o de sua filha, a influenciadora digital Lily Nobre, no reality show A Fazenda 15, exibido pela Record.<\/p>\n<p>Durante uma conversa com Jo\u00e3o Silva, Dudu Nobre compartilhou os seus desafios pessoais no que toca a acompanhar a sua filha no programa. O m\u00fasico expressou, sobretudo, a dificuldade por n\u00e3o poder intervir diretamente nas a\u00e7\u00f5es da influenciadora digital, sobretudo nos momentos mais controversos, quando gostaria de, na verdade, dar-lhe um pux\u00e3o de orelha.<\/p>\n<p>Na sequ\u00eancia, Dudu Nobre tamb\u00e9m lamentou os ataques que Lily Nobre tem recebido dos internautas nas redes sociais, por conta de suas alian\u00e7as formadas dentro do reality show.<\/p>\n<p>Segundo ele, para a fam\u00edlia, tem sido muito dif\u00edcil lidar com essa situa\u00e7\u00e3o, sobretudo diante da impossibilidade de rebater todos os coment\u00e1rios.<\/p>\n<p>O m\u00fasico admitiu que o grupo ao qual Lily Nobre se associou dentro de A Fazenda 15 possui caracter\u00edsticas conflitantes, a exemplo da diferen\u00e7a de idade entre os seus membros, definindo-o como um verdadeiro choque de cultura, o que contribuiu para a vis\u00e3o negativa que adquiriu no in\u00edcio do programa.<\/p>\n<p>Apesar dos desafios, Dudu Nobre celebrou a evolu\u00e7\u00e3o de sua filha no decorrer do reality show. O m\u00fasico disse acreditar que os programas desta natureza sejam o futuro da ind\u00fastria do entretenimento.<\/p>\n<\/div>\n<p><br \/>\n<br \/><a href=\"https:\/\/fnmais.com\/dudu-nobre-desabafa-diante-que-tem-visto-sua-filha-lily-nobre-em-fazenda-15\/\">Source link <\/a><\/p>\n<!-- CONTENT END 1 -->\n","protected":false},"excerpt":{"rendered":"<p>No \u00faltimo s\u00e1bado, dia 02 de dezembro, o programa do Jo\u00e3o exibido pela Band e apresentado por Jo\u00e3o Silva, filho do apresentador Fausto Silva, recebeu&#8230;<\/p>\n","protected":false},"author":1,"featured_media":9976,"comment_status":"open","ping_status":"open","sticky":false,"template":"","format":"standard","meta":{"advanced_seo_description":"","jetpack_seo_html_title":"","jetpack_seo_noindex":false,"jetpack_post_was_ever_published":false,"_jetpack_newsletter_access":"","_jetpack_dont_email_post_to_subs":false,"_jetpack_newsletter_tier_id":0,"_jetpack_memberships_contains_paywalled_content":false,"_jetpack_memberships_contains_paid_content":false,"footnotes":"","jetpack_publicize_message":"","jetpack_publicize_feature_enabled":true,"jetpack_social_post_already_shared":true,"jetpack_social_options":{"image_generator_settings":{"template":"highway","default_image_id":0,"font":"","enabled":false},"version":2}},"categories":[1],"tags":[],"class_list":["post-9975","post","type-post","status-publish","format-standard","has-post-thumbnail","hentry","category-blog"],"jetpack_publicize_connections":[],"jetpack_featured_media_url":"https:\/\/i0.wp.com\/noticiasribeiraopreto.com.br\/wp-content\/uploads\/2023\/12\/postimg-656c8cee1e2363937.jpg?fit=1200%2C628&ssl=1","jetpack-related-posts":[{"id":84055,"url":"https:\/\/noticiasribeiraopreto.com.br\/index.php\/2026\/03\/31\/dudu-nobre-se-apresenta-na-feijoada-de-sao-jorge-em-ribeirao-preto\/","url_meta":{"origin":9975,"position":0},"title":"Dudu Nobre se apresenta na &#8216;Feijoada de S\u00e3o Jorge&#8217; em Ribeir\u00e3o Preto","author":"noticiasribeiraopreto.com.br","date":"31 de March de 2026","format":false,"excerpt":"Ler o resumo da not\u00edcia Dudu Nobre se apresenta na Feijoada de S\u00e3o Jorge em Ribeir\u00e3o Preto no dia 18 de abril, no Bar do Zeca Pagodinho, a partir das 13h. O evento celebra S\u00e3o Jorge com programa\u00e7\u00e3o de samba, buffet de feijoada \u00e0 vontade e open bar; ingresso custa\u2026","rel":"","context":"In &quot;Not\u00edcias de Ribeir\u00e3o Preto-SP e Regi\u00e3o&quot;","block_context":{"text":"Not\u00edcias de Ribeir\u00e3o Preto-SP e Regi\u00e3o","link":"https:\/\/noticiasribeiraopreto.com.br\/index.php\/category\/noticias-de-ribeirao-preto-sp-e-regiao-ismael-colosi\/"},"img":{"alt_text":"","src":"https:\/\/i0.wp.com\/noticiasribeiraopreto.com.br\/wp-content\/uploads\/2026\/03\/palace-99_2026-03-31_22-39-57.webp.webp?fit=1200%2C675&ssl=1&resize=350%2C200","width":350,"height":200,"srcset":"https:\/\/i0.wp.com\/noticiasribeiraopreto.com.br\/wp-content\/uploads\/2026\/03\/palace-99_2026-03-31_22-39-57.webp.webp?fit=1200%2C675&ssl=1&resize=350%2C200 1x, https:\/\/i0.wp.com\/noticiasribeiraopreto.com.br\/wp-content\/uploads\/2026\/03\/palace-99_2026-03-31_22-39-57.webp.webp?fit=1200%2C675&ssl=1&resize=525%2C300 1.5x, https:\/\/i0.wp.com\/noticiasribeiraopreto.com.br\/wp-content\/uploads\/2026\/03\/palace-99_2026-03-31_22-39-57.webp.webp?fit=1200%2C675&ssl=1&resize=700%2C400 2x, https:\/\/i0.wp.com\/noticiasribeiraopreto.com.br\/wp-content\/uploads\/2026\/03\/palace-99_2026-03-31_22-39-57.webp.webp?fit=1200%2C675&ssl=1&resize=1050%2C600 3x"},"classes":[]},{"id":9195,"url":"https:\/\/noticiasribeiraopreto.com.br\/index.php\/2023\/12\/01\/sambistas-vao-ganhar-um-canal-especial-em-varias-plataformas-digitais\/","url_meta":{"origin":9975,"position":1},"title":"Sambistas v\u00e3o ganhar um canal especial em v\u00e1rias plataformas digitais","author":"noticiasribeiraopreto.com.br","date":"1 de December de 2023","format":false,"excerpt":"1 de dezembro de 2023 | 17:0030 de novembro de 2023 | 19:22 0A R\u00e1dio Samba idealizada por Dudu Pagodinho e Maur\u00edcio Barzilai chega com a miss\u00e3o de ser o canal do sambista brasileiro e, por isso, todos os seus conte\u00fados\/programas s\u00e3o ligados ao ritmo mais popular e mais conhecido\u2026","rel":"","context":"In &quot;Not\u00edcias de Ribeir\u00e3o Preto-SP e Regi\u00e3o&quot;","block_context":{"text":"Not\u00edcias de Ribeir\u00e3o Preto-SP e Regi\u00e3o","link":"https:\/\/noticiasribeiraopreto.com.br\/index.php\/category\/noticias-de-ribeirao-preto-sp-e-regiao-ismael-colosi\/"},"img":{"alt_text":"","src":"https:\/\/i0.wp.com\/noticiasribeiraopreto.com.br\/wp-content\/uploads\/2023\/12\/samba.jpg?fit=658%2C616&ssl=1&resize=350%2C200","width":350,"height":200,"srcset":"https:\/\/i0.wp.com\/noticiasribeiraopreto.com.br\/wp-content\/uploads\/2023\/12\/samba.jpg?fit=658%2C616&ssl=1&resize=350%2C200 1x, https:\/\/i0.wp.com\/noticiasribeiraopreto.com.br\/wp-content\/uploads\/2023\/12\/samba.jpg?fit=658%2C616&ssl=1&resize=525%2C300 1.5x"},"classes":[]},{"id":63475,"url":"https:\/\/noticiasribeiraopreto.com.br\/index.php\/2025\/02\/14\/ciclista-assassinato-em-area-nobre-de-sp-uma-perda-irreparavel-de-um-espirito-generoso-de-ribeirao-preto\/","url_meta":{"origin":9975,"position":2},"title":"Ciclista Assassinato em \u00c1rea Nobre de SP: Uma Perda Irrepar\u00e1vel de um Esp\u00edrito Generoso de Ribeir\u00e3o Preto","author":"noticiasribeiraopreto.com.br","date":"14 de February de 2025","format":false,"excerpt":"O tr\u00e1gico assassinato de um ciclista em uma \u00e1rea nobre de S\u00e3o Paulo chocou n\u00e3o apenas os paulistanos, mas tamb\u00e9m a cidade de Ribeir\u00e3o Preto, de onde ele era natural. Reconhecido por seu sorriso f\u00e1cil, esp\u00edrito tranquilo e generoso, ele conquistou amigos e familiares por sua bondade e amor ao\u2026","rel":"","context":"In &quot;Not\u00edcias de Ribeir\u00e3o Preto-SP e Regi\u00e3o&quot;","block_context":{"text":"Not\u00edcias de Ribeir\u00e3o Preto-SP e Regi\u00e3o","link":"https:\/\/noticiasribeiraopreto.com.br\/index.php\/category\/noticias-de-ribeirao-preto-sp-e-regiao-ismael-colosi\/"},"img":{"alt_text":"","src":"https:\/\/i0.wp.com\/noticiasribeiraopreto.com.br\/wp-content\/uploads\/2025\/02\/vitor-medrado.jpg?fit=889%2C500&ssl=1&resize=350%2C200","width":350,"height":200,"srcset":"https:\/\/i0.wp.com\/noticiasribeiraopreto.com.br\/wp-content\/uploads\/2025\/02\/vitor-medrado.jpg?fit=889%2C500&ssl=1&resize=350%2C200 1x, https:\/\/i0.wp.com\/noticiasribeiraopreto.com.br\/wp-content\/uploads\/2025\/02\/vitor-medrado.jpg?fit=889%2C500&ssl=1&resize=525%2C300 1.5x, https:\/\/i0.wp.com\/noticiasribeiraopreto.com.br\/wp-content\/uploads\/2025\/02\/vitor-medrado.jpg?fit=889%2C500&ssl=1&resize=700%2C400 2x"},"classes":[]},{"id":4174,"url":"https:\/\/noticiasribeiraopreto.com.br\/index.php\/2023\/11\/21\/jade-picon-fala-sobre-motivo-de-ter-se-mudado-para-mansao-em-tour-completo\/","url_meta":{"origin":9975,"position":3},"title":"Jade Picon fala sobre motivo de ter se mudado para mans\u00e3o em tour completo","author":"noticiasribeiraopreto.com.br","date":"21 de November de 2023","format":false,"excerpt":"A t\u00e3o sonhada compra da casa nova \u00e9 motivo de comemora\u00e7\u00e3o para o mais novo propriet\u00e1rio. No mundo dos famosos, para celebrar o momento, eles mostram tudo no que os internautas conhecem como tour.A influenciadora, ex BBB e atriz Jade Picon foi a felizarda da compra da casa nova da\u2026","rel":"","context":"In &quot;Blog&quot;","block_context":{"text":"Blog","link":"https:\/\/noticiasribeiraopreto.com.br\/index.php\/category\/blog\/"},"img":{"alt_text":"","src":"https:\/\/i0.wp.com\/noticiasribeiraopreto.com.br\/wp-content\/uploads\/2023\/11\/postimg-655bec0b17a6d2262.jpg?fit=1200%2C628&ssl=1&resize=350%2C200","width":350,"height":200,"srcset":"https:\/\/i0.wp.com\/noticiasribeiraopreto.com.br\/wp-content\/uploads\/2023\/11\/postimg-655bec0b17a6d2262.jpg?fit=1200%2C628&ssl=1&resize=350%2C200 1x, https:\/\/i0.wp.com\/noticiasribeiraopreto.com.br\/wp-content\/uploads\/2023\/11\/postimg-655bec0b17a6d2262.jpg?fit=1200%2C628&ssl=1&resize=525%2C300 1.5x, https:\/\/i0.wp.com\/noticiasribeiraopreto.com.br\/wp-content\/uploads\/2023\/11\/postimg-655bec0b17a6d2262.jpg?fit=1200%2C628&ssl=1&resize=700%2C400 2x, https:\/\/i0.wp.com\/noticiasribeiraopreto.com.br\/wp-content\/uploads\/2023\/11\/postimg-655bec0b17a6d2262.jpg?fit=1200%2C628&ssl=1&resize=1050%2C600 3x"},"classes":[]},{"id":75339,"url":"https:\/\/noticiasribeiraopreto.com.br\/index.php\/2025\/08\/07\/ana-rosa-helena-rinaldi-e-fernanda-nobre-estrelam-peca-no-theatro-pedro-ii-veja-quando\/","url_meta":{"origin":9975,"position":4},"title":"Ana Rosa, Helena Rinaldi e Fernanda Nobre estrelam pe\u00e7a no Theatro Pedro II; veja quando","author":"noticiasribeiraopreto.com.br","date":"7 de August de 2025","format":false,"excerpt":"As atrizes Ana Rosa, Helena Rinaldi e Fernanda Nobre sobem ao palco do Theatro Pedro II, em Ribeir\u00e3o Preto, nos dias 12 e 13 de dezembro, \u00e0s 20h, com a com\u00e9dia \u201cTr\u00eas Mulheres Altas\u201d. Os ingressos j\u00e1 podem ser adquiridos on-line \u2013 veja como abaixo. Escrita por Edward Albee, no\u2026","rel":"","context":"In &quot;Not\u00edcias de Ribeir\u00e3o Preto-SP e Regi\u00e3o&quot;","block_context":{"text":"Not\u00edcias de Ribeir\u00e3o Preto-SP e Regi\u00e3o","link":"https:\/\/noticiasribeiraopreto.com.br\/index.php\/category\/noticias-de-ribeirao-preto-sp-e-regiao-ismael-colosi\/"},"img":{"alt_text":"","src":"https:\/\/i0.wp.com\/noticiasribeiraopreto.com.br\/wp-content\/uploads\/2025\/08\/Elenco-3MA-Estudio-Foto-Pino-Gomes-8_2025-08-07_13-54-42.webp.webp?fit=1200%2C801&ssl=1&resize=350%2C200","width":350,"height":200,"srcset":"https:\/\/i0.wp.com\/noticiasribeiraopreto.com.br\/wp-content\/uploads\/2025\/08\/Elenco-3MA-Estudio-Foto-Pino-Gomes-8_2025-08-07_13-54-42.webp.webp?fit=1200%2C801&ssl=1&resize=350%2C200 1x, https:\/\/i0.wp.com\/noticiasribeiraopreto.com.br\/wp-content\/uploads\/2025\/08\/Elenco-3MA-Estudio-Foto-Pino-Gomes-8_2025-08-07_13-54-42.webp.webp?fit=1200%2C801&ssl=1&resize=525%2C300 1.5x, https:\/\/i0.wp.com\/noticiasribeiraopreto.com.br\/wp-content\/uploads\/2025\/08\/Elenco-3MA-Estudio-Foto-Pino-Gomes-8_2025-08-07_13-54-42.webp.webp?fit=1200%2C801&ssl=1&resize=700%2C400 2x, https:\/\/i0.wp.com\/noticiasribeiraopreto.com.br\/wp-content\/uploads\/2025\/08\/Elenco-3MA-Estudio-Foto-Pino-Gomes-8_2025-08-07_13-54-42.webp.webp?fit=1200%2C801&ssl=1&resize=1050%2C600 3x"},"classes":[]},{"id":75367,"url":"https:\/\/noticiasribeiraopreto.com.br\/index.php\/2025\/08\/07\/ana-rosa-helena-ranaldi-e-fernanda-nobre-estrelam-peca-no-theatro-pedro-ii-veja-quando\/","url_meta":{"origin":9975,"position":5},"title":"Ana Rosa, Helena Ranaldi e Fernanda Nobre estrelam pe\u00e7a no Theatro Pedro II; veja quando","author":"noticiasribeiraopreto.com.br","date":"7 de August de 2025","format":false,"excerpt":"As atrizes Ana Rosa, Helena Ranaldi e Fernanda Nobre sobem ao palco do Theatro Pedro II, em Ribeir\u00e3o Preto, nos dias 12 e 13 de dezembro, \u00e0s 20h, com a com\u00e9dia \u201cTr\u00eas Mulheres Altas\u201d. Os ingressos j\u00e1 podem ser adquiridos on-line \u2013 veja como abaixo. Escrita por Edward Albee, no\u2026","rel":"","context":"In &quot;Not\u00edcias de Ribeir\u00e3o Preto-SP e Regi\u00e3o&quot;","block_context":{"text":"Not\u00edcias de Ribeir\u00e3o Preto-SP e Regi\u00e3o","link":"https:\/\/noticiasribeiraopreto.com.br\/index.php\/category\/noticias-de-ribeirao-preto-sp-e-regiao-ismael-colosi\/"},"img":{"alt_text":"","src":"https:\/\/i0.wp.com\/noticiasribeiraopreto.com.br\/wp-content\/uploads\/2025\/08\/Elenco-3MA-Estudio-Foto-Pino-Gomes-8_2025-08-07_13-54-42.webp.webp?fit=1200%2C801&ssl=1&resize=350%2C200","width":350,"height":200,"srcset":"https:\/\/i0.wp.com\/noticiasribeiraopreto.com.br\/wp-content\/uploads\/2025\/08\/Elenco-3MA-Estudio-Foto-Pino-Gomes-8_2025-08-07_13-54-42.webp.webp?fit=1200%2C801&ssl=1&resize=350%2C200 1x, https:\/\/i0.wp.com\/noticiasribeiraopreto.com.br\/wp-content\/uploads\/2025\/08\/Elenco-3MA-Estudio-Foto-Pino-Gomes-8_2025-08-07_13-54-42.webp.webp?fit=1200%2C801&ssl=1&resize=525%2C300 1.5x, https:\/\/i0.wp.com\/noticiasribeiraopreto.com.br\/wp-content\/uploads\/2025\/08\/Elenco-3MA-Estudio-Foto-Pino-Gomes-8_2025-08-07_13-54-42.webp.webp?fit=1200%2C801&ssl=1&resize=700%2C400 2x, https:\/\/i0.wp.com\/noticiasribeiraopreto.com.br\/wp-content\/uploads\/2025\/08\/Elenco-3MA-Estudio-Foto-Pino-Gomes-8_2025-08-07_13-54-42.webp.webp?fit=1200%2C801&ssl=1&resize=1050%2C600 3x"},"classes":[]}],"jetpack_sharing_enabled":true,"jetpack_shortlink":"https:\/\/wp.me\/peQAOb-2AT","_links":{"self":[{"href":"https:\/\/noticiasribeiraopreto.com.br\/index.php\/wp-json\/wp\/v2\/posts\/9975","targetHints":{"allow":["GET"]}}],"collection":[{"href":"https:\/\/noticiasribeiraopreto.com.br\/index.php\/wp-json\/wp\/v2\/posts"}],"about":[{"href":"https:\/\/noticiasribeiraopreto.com.br\/index.php\/wp-json\/wp\/v2\/types\/post"}],"author":[{"embeddable":true,"href":"https:\/\/noticiasribeiraopreto.com.br\/index.php\/wp-json\/wp\/v2\/users\/1"}],"replies":[{"embeddable":true,"href":"https:\/\/noticiasribeiraopreto.com.br\/index.php\/wp-json\/wp\/v2\/comments?post=9975"}],"version-history":[{"count":0,"href":"https:\/\/noticiasribeiraopreto.com.br\/index.php\/wp-json\/wp\/v2\/posts\/9975\/revisions"}],"wp:featuredmedia":[{"embeddable":true,"href":"https:\/\/noticiasribeiraopreto.com.br\/index.php\/wp-json\/wp\/v2\/media\/9976"}],"wp:attachment":[{"href":"https:\/\/noticiasribeiraopreto.com.br\/index.php\/wp-json\/wp\/v2\/media?parent=9975"}],"wp:term":[{"taxonomy":"category","embeddable":true,"href":"https:\/\/noticiasribeiraopreto.com.br\/index.php\/wp-json\/wp\/v2\/categories?post=9975"},{"taxonomy":"post_tag","embeddable":true,"href":"https:\/\/noticiasribeiraopreto.com.br\/index.php\/wp-json\/wp\/v2\/tags?post=9975"}],"curies":[{"name":"wp","href":"https:\/\/api.w.org\/{rel}","templated":true}]}}