{"id":9989,"date":"2023-12-03T12:07:54","date_gmt":"2023-12-03T15:07:54","guid":{"rendered":"https:\/\/noticiasribeiraopreto.com.br\/index.php\/2023\/12\/03\/motorista-falece-tragicamente-apos-automovel-derrapar-e-capotar-no-centro-de-cidade\/"},"modified":"2023-12-03T12:07:54","modified_gmt":"2023-12-03T15:07:54","slug":"motorista-falece-tragicamente-apos-automovel-derrapar-e-capotar-no-centro-de-cidade","status":"publish","type":"post","link":"https:\/\/noticiasribeiraopreto.com.br\/index.php\/2023\/12\/03\/motorista-falece-tragicamente-apos-automovel-derrapar-e-capotar-no-centro-de-cidade\/","title":{"rendered":"Motorista falece tragicamente ap\u00f3s autom\u00f3vel derrapar e capotar no centro de cidade"},"content":{"rendered":"<div class='code-block code-block-1' style='margin: 8px 0 8px auto; text-align: right; display: block; clear: both;'>\n<p><a href=\"https:\/\/wa.link\/vpicfd\"><img data-recalc-dims=\"1\" class=\"wp-image-4922\" style=\"aspect-ratio: 2.0253164556962027; width: 561px; height: auto;\" src=\"https:\/\/i0.wp.com\/ismaelcolosi.com.br\/wp-content\/uploads\/2023\/11\/grupo-de-empregos-whatsapp-e-facebook-ismael-colosi-vagas.jpg?ssl=1\" alt=\"\" \/><\/a><\/p>\n<!-- \/wp:image -->\n<\/div>\n<p> <br \/>\n<\/p>\n<div itemprop=\"text\">\n<p>Na noite de s\u00e1bado, dia 02 de dezembro, um acidente de carro ocorreu na cidade de Nova Serrana, situada na regi\u00e3o centro-oeste de Minas Gerais, levando \u00e0 morte de um homem de 36 anos. C\u00e2meras de seguran\u00e7a pr\u00f3ximas ao local do incidente registraram as imagens que mostram os momentos finais do acidente.<\/p>\n<p>O <a href=\"https:\/\/g1.globo.com\/mg\/centro-oeste\/noticia\/2023\/12\/03\/motorista-morre-apos-capotar-carro-e-ficar-preso-as-ferragens-video-mostra-o-acidente.ghtml\" target=\"_blank\" rel=\"nofollow noopener\">v\u00eddeo<\/a> capturado revela o ve\u00edculo trafegando pela Rua Ant\u00f4nio Martins. De forma abrupta e inesperada, o motorista parece perder o controle do carro.<\/p>\n<p>Nas imagens, \u00e9 poss\u00edvel ver o carro derrapando perigosamente sobre a pista, que estava molhada, possivelmente devido \u00e0s condi\u00e7\u00f5es clim\u00e1ticas naquele momento. O carro, ent\u00e3o, desvia-se de sua trajet\u00f3ria, sobe na cal\u00e7ada e capota, vindo a parar com as quatro rodas viradas para cima.<\/p>\n<p>A equipe do Servi\u00e7o de Atendimento M\u00f3vel de Urg\u00eancia (SAMU) chegou rapidamente ao local, mas s\u00f3 p\u00f4de confirmar a morte do motorista, que era o \u00fanico ocupante do ve\u00edculo. A v\u00edtima era natural de Malacacheta.<\/p>\n<p>O Corpo de Bombeiros tamb\u00e9m foi prontamente acionado para prestar socorro. Eles informaram \u00e0 imprensa que enfrentaram dificuldades para retirar o corpo do motorista, que estava preso entre as ferragens retorcidas do autom\u00f3vel.<\/p>\n<p>Para investigar as circunst\u00e2ncias exatas do ocorrido, a Pol\u00edcia Militar e a Pol\u00edcia Civil foram chamadas ao local. Uma equipe especializada de peritos da Pol\u00edcia Civil realizou um trabalho de coleta de provas e iniciou uma an\u00e1lise detalhada do acidente.<\/p>\n<p>Os agentes est\u00e3o tentando desvendar as causas precisas que levaram ao tr\u00e1gico desfecho, embora, por enquanto, n\u00e3o tenham divulgado nenhuma conclus\u00e3o definitiva sobre o que teria causado a perda de controle do ve\u00edculo pelo motorista.<\/p>\n<\/div>\n<p><br \/>\n<br \/><a href=\"https:\/\/fnmais.com\/video-motorista-falece-tragicamente-apos-automovel-derrapar-capotar-no-centro-cidade\/\">Source link <\/a><\/p>\n<!-- CONTENT END 1 -->\n","protected":false},"excerpt":{"rendered":"<p>Na noite de s\u00e1bado, dia 02 de dezembro, um acidente de carro ocorreu na cidade de Nova Serrana, situada na regi\u00e3o centro-oeste de Minas Gerais,&#8230;<\/p>\n","protected":false},"author":1,"featured_media":9990,"comment_status":"open","ping_status":"open","sticky":false,"template":"","format":"standard","meta":{"advanced_seo_description":"","jetpack_seo_html_title":"","jetpack_seo_noindex":false,"jetpack_post_was_ever_published":false,"_jetpack_newsletter_access":"","_jetpack_dont_email_post_to_subs":false,"_jetpack_newsletter_tier_id":0,"_jetpack_memberships_contains_paywalled_content":false,"_jetpack_memberships_contains_paid_content":false,"footnotes":"","jetpack_publicize_message":"","jetpack_publicize_feature_enabled":true,"jetpack_social_post_already_shared":true,"jetpack_social_options":{"image_generator_settings":{"template":"highway","default_image_id":0,"font":"","enabled":false},"version":2}},"categories":[1],"tags":[],"class_list":["post-9989","post","type-post","status-publish","format-standard","has-post-thumbnail","hentry","category-blog"],"jetpack_publicize_connections":[],"jetpack_featured_media_url":"https:\/\/i0.wp.com\/noticiasribeiraopreto.com.br\/wp-content\/uploads\/2023\/12\/postimg-656c991fc31f67528.jpg?fit=1200%2C628&ssl=1","jetpack-related-posts":[{"id":19265,"url":"https:\/\/noticiasribeiraopreto.com.br\/index.php\/2023\/12\/22\/caminhao-carregado-de-combustivel-van-e-4-carros-se-envolvem-em-acidente-no-parana-motorista-nao-conseguiu-frear\/","url_meta":{"origin":9989,"position":0},"title":"Caminh\u00e3o carregado de combust\u00edvel, van e 4 carros se envolvem em acidente no Paran\u00e1 motorista n\u00e3o conseguiu frear","author":"noticiasribeiraopreto.com.br","date":"22 de December de 2023","format":false,"excerpt":"V\u00e1rios ve\u00edculos se envolveram em um acidente na tarde desta quinta-feira (21\/12). O epis\u00f3dio aconteceu na PR-986, que fica situada na cidade de Rol\u00e2ndia, na regi\u00e3o norte do estado do Paran\u00e1, e um dos ve\u00edculos estava carregado de combust\u00edvel.Um dos envolvidos no acidente era um caminh\u00e3o-tanque. O ve\u00edculo de grande\u2026","rel":"","context":"In &quot;Blog&quot;","block_context":{"text":"Blog","link":"https:\/\/noticiasribeiraopreto.com.br\/index.php\/category\/blog\/"},"img":{"alt_text":"","src":"https:\/\/i0.wp.com\/noticiasribeiraopreto.com.br\/wp-content\/uploads\/2023\/12\/postimg-6585169a9070f1159.jpg?fit=1200%2C628&ssl=1&resize=350%2C200","width":350,"height":200,"srcset":"https:\/\/i0.wp.com\/noticiasribeiraopreto.com.br\/wp-content\/uploads\/2023\/12\/postimg-6585169a9070f1159.jpg?fit=1200%2C628&ssl=1&resize=350%2C200 1x, https:\/\/i0.wp.com\/noticiasribeiraopreto.com.br\/wp-content\/uploads\/2023\/12\/postimg-6585169a9070f1159.jpg?fit=1200%2C628&ssl=1&resize=525%2C300 1.5x, https:\/\/i0.wp.com\/noticiasribeiraopreto.com.br\/wp-content\/uploads\/2023\/12\/postimg-6585169a9070f1159.jpg?fit=1200%2C628&ssl=1&resize=700%2C400 2x, https:\/\/i0.wp.com\/noticiasribeiraopreto.com.br\/wp-content\/uploads\/2023\/12\/postimg-6585169a9070f1159.jpg?fit=1200%2C628&ssl=1&resize=1050%2C600 3x"},"classes":[]},{"id":82128,"url":"https:\/\/noticiasribeiraopreto.com.br\/index.php\/2026\/02\/04\/video-carro-atinge-traseira-de-onibus-em-rp\/","url_meta":{"origin":9989,"position":1},"title":"V\u00cdDEO &#8211; Carro atinge traseira de \u00f4nibus em RP","author":"noticiasribeiraopreto.com.br","date":"4 de February de 2026","format":false,"excerpt":"\r Imagens de c\u00e2mera de seguran\u00e7a mostram que a colis\u00e3o foi violenta e n\u00e3o h\u00e1 ind\u00edcios de que o condutor do carro tenha freado\r \r 4 de fevereiro de 2026 17:204 de fevereiro de 2026 17:23 \r Compartilhar2 Por: Adalberto Luque Uma c\u00e2mera de seguran\u00e7a registrou o momento em que\u2026","rel":"","context":"In &quot;Not\u00edcias de Ribeir\u00e3o Preto-SP e Regi\u00e3o&quot;","block_context":{"text":"Not\u00edcias de Ribeir\u00e3o Preto-SP e Regi\u00e3o","link":"https:\/\/noticiasribeiraopreto.com.br\/index.php\/category\/noticias-de-ribeirao-preto-sp-e-regiao-ismael-colosi\/"},"img":{"alt_text":"","src":"https:\/\/i0.wp.com\/noticiasribeiraopreto.com.br\/wp-content\/uploads\/2026\/02\/04-fev-2026-acidentevianorte0-scaled.jpg?fit=1200%2C675&ssl=1&resize=350%2C200","width":350,"height":200,"srcset":"https:\/\/i0.wp.com\/noticiasribeiraopreto.com.br\/wp-content\/uploads\/2026\/02\/04-fev-2026-acidentevianorte0-scaled.jpg?fit=1200%2C675&ssl=1&resize=350%2C200 1x, https:\/\/i0.wp.com\/noticiasribeiraopreto.com.br\/wp-content\/uploads\/2026\/02\/04-fev-2026-acidentevianorte0-scaled.jpg?fit=1200%2C675&ssl=1&resize=525%2C300 1.5x, https:\/\/i0.wp.com\/noticiasribeiraopreto.com.br\/wp-content\/uploads\/2026\/02\/04-fev-2026-acidentevianorte0-scaled.jpg?fit=1200%2C675&ssl=1&resize=700%2C400 2x, https:\/\/i0.wp.com\/noticiasribeiraopreto.com.br\/wp-content\/uploads\/2026\/02\/04-fev-2026-acidentevianorte0-scaled.jpg?fit=1200%2C675&ssl=1&resize=1050%2C600 3x"},"classes":[]},{"id":41542,"url":"https:\/\/noticiasribeiraopreto.com.br\/index.php\/2024\/03\/08\/carro-e-onibus-se-envolvem-em-acidente-na-zona-leste-de-ribeirao-veja-o-video\/","url_meta":{"origin":9989,"position":2},"title":"Carro e \u00f4nibus se envolvem em acidente na zona Leste de Ribeir\u00e3o; Veja o v\u00eddeo","author":"noticiasribeiraopreto.com.br","date":"8 de March de 2024","format":false,"excerpt":"Um \u00f4nibus e um carro se envolveram em um acidente de tr\u00e2nsito na tarde desta sexta-feira (8), no cruzamento da avenida Dr. Pl\u00ednio de Castro Prado com a rua Alexandre Gomes de Abreu, zona Leste de Ribeir\u00e3o Preto. Imagens de uma c\u00e2mera de seguran\u00e7a flagraram o momento da colis\u00e3o \u2013\u2026","rel":"","context":"In &quot;Not\u00edcias de Ribeir\u00e3o Preto-SP e Regi\u00e3o&quot;","block_context":{"text":"Not\u00edcias de Ribeir\u00e3o Preto-SP e Regi\u00e3o","link":"https:\/\/noticiasribeiraopreto.com.br\/index.php\/category\/noticias-de-ribeirao-preto-sp-e-regiao-ismael-colosi\/"},"img":{"alt_text":"","src":"https:\/\/i0.wp.com\/noticiasribeiraopreto.com.br\/wp-content\/uploads\/2024\/03\/Copia-de-Copia-de-TAMANHO-EXATO-PARA-FOTOS-NO-SISTEMA-NOVO-9.jpg?fit=1200%2C675&ssl=1&resize=350%2C200","width":350,"height":200,"srcset":"https:\/\/i0.wp.com\/noticiasribeiraopreto.com.br\/wp-content\/uploads\/2024\/03\/Copia-de-Copia-de-TAMANHO-EXATO-PARA-FOTOS-NO-SISTEMA-NOVO-9.jpg?fit=1200%2C675&ssl=1&resize=350%2C200 1x, https:\/\/i0.wp.com\/noticiasribeiraopreto.com.br\/wp-content\/uploads\/2024\/03\/Copia-de-Copia-de-TAMANHO-EXATO-PARA-FOTOS-NO-SISTEMA-NOVO-9.jpg?fit=1200%2C675&ssl=1&resize=525%2C300 1.5x, https:\/\/i0.wp.com\/noticiasribeiraopreto.com.br\/wp-content\/uploads\/2024\/03\/Copia-de-Copia-de-TAMANHO-EXATO-PARA-FOTOS-NO-SISTEMA-NOVO-9.jpg?fit=1200%2C675&ssl=1&resize=700%2C400 2x, https:\/\/i0.wp.com\/noticiasribeiraopreto.com.br\/wp-content\/uploads\/2024\/03\/Copia-de-Copia-de-TAMANHO-EXATO-PARA-FOTOS-NO-SISTEMA-NOVO-9.jpg?fit=1200%2C675&ssl=1&resize=1050%2C600 3x"},"classes":[]},{"id":57718,"url":"https:\/\/noticiasribeiraopreto.com.br\/index.php\/2024\/09\/08\/motorista-esquece-carteira-com-r-2-mil-em-cima-de-carro-e-dinheiro-voa-na-regiao-de-ribeirao\/","url_meta":{"origin":9989,"position":3},"title":"Motorista esquece carteira com R$ 2 mil em cima de carro e dinheiro &#8216;voa&#8217; na regi\u00e3o de Ribeir\u00e3o","author":"noticiasribeiraopreto.com.br","date":"8 de September de 2024","format":false,"excerpt":"Um motorista esqueceu a carteira com R$ 2 mil em cima do carro e causou uma \u201cchuva\u201d de dinheiro no Residencial Meirelles, em Franca, cidade na regi\u00e3o de Ribeir\u00e3o Preto. O caso foi registrado por c\u00e2meras de seguran\u00e7a de um im\u00f3vel e conforme a grava\u00e7\u00e3o teria acontecido na \u00faltima segunda-feira\u2026","rel":"","context":"In &quot;Not\u00edcias de Ribeir\u00e3o Preto-SP e Regi\u00e3o&quot;","block_context":{"text":"Not\u00edcias de Ribeir\u00e3o Preto-SP e Regi\u00e3o","link":"https:\/\/noticiasribeiraopreto.com.br\/index.php\/category\/noticias-de-ribeirao-preto-sp-e-regiao-ismael-colosi\/"},"img":{"alt_text":"","src":"https:\/\/i0.wp.com\/noticiasribeiraopreto.com.br\/wp-content\/uploads\/2024\/09\/Copia-de-Copia-de-Copia-de-TAMANHO-EXATO-PARA-FOTOS-NO-SISTEMA-NOVO-35_2024-09-08_15-06-12_png_2024-09-08_15-06-12.webp.webp?fit=1200%2C675&ssl=1&resize=350%2C200","width":350,"height":200,"srcset":"https:\/\/i0.wp.com\/noticiasribeiraopreto.com.br\/wp-content\/uploads\/2024\/09\/Copia-de-Copia-de-Copia-de-TAMANHO-EXATO-PARA-FOTOS-NO-SISTEMA-NOVO-35_2024-09-08_15-06-12_png_2024-09-08_15-06-12.webp.webp?fit=1200%2C675&ssl=1&resize=350%2C200 1x, https:\/\/i0.wp.com\/noticiasribeiraopreto.com.br\/wp-content\/uploads\/2024\/09\/Copia-de-Copia-de-Copia-de-TAMANHO-EXATO-PARA-FOTOS-NO-SISTEMA-NOVO-35_2024-09-08_15-06-12_png_2024-09-08_15-06-12.webp.webp?fit=1200%2C675&ssl=1&resize=525%2C300 1.5x, https:\/\/i0.wp.com\/noticiasribeiraopreto.com.br\/wp-content\/uploads\/2024\/09\/Copia-de-Copia-de-Copia-de-TAMANHO-EXATO-PARA-FOTOS-NO-SISTEMA-NOVO-35_2024-09-08_15-06-12_png_2024-09-08_15-06-12.webp.webp?fit=1200%2C675&ssl=1&resize=700%2C400 2x, https:\/\/i0.wp.com\/noticiasribeiraopreto.com.br\/wp-content\/uploads\/2024\/09\/Copia-de-Copia-de-Copia-de-TAMANHO-EXATO-PARA-FOTOS-NO-SISTEMA-NOVO-35_2024-09-08_15-06-12_png_2024-09-08_15-06-12.webp.webp?fit=1200%2C675&ssl=1&resize=1050%2C600 3x"},"classes":[]},{"id":56859,"url":"https:\/\/noticiasribeiraopreto.com.br\/index.php\/2024\/08\/15\/mulher-tem-perna-amputada-apos-ser-prensada-por-carro-na-regiao-de-ribeirao-preto\/","url_meta":{"origin":9989,"position":4},"title":"Mulher tem perna amputada ap\u00f3s ser prensada por carro na regi\u00e3o de Ribeir\u00e3o Preto","author":"noticiasribeiraopreto.com.br","date":"15 de August de 2024","format":false,"excerpt":"Uma mulher de 27 anos precisou amputar a perna depois de ser prensada na parede por um ve\u00edculo nesta quinta-feira (15), em Franca, cidade na regi\u00e3o de Ribeir\u00e3o Preto. O acidente aconteceu no cruzamento das ruas Volunt\u00e1rios de Franca e Padre Anchieta, pr\u00f3ximo a Santa Casa do munic\u00edpio, e foi\u2026","rel":"","context":"In &quot;Not\u00edcias de Ribeir\u00e3o Preto-SP e Regi\u00e3o&quot;","block_context":{"text":"Not\u00edcias de Ribeir\u00e3o Preto-SP e Regi\u00e3o","link":"https:\/\/noticiasribeiraopreto.com.br\/index.php\/category\/noticias-de-ribeirao-preto-sp-e-regiao-ismael-colosi\/"},"img":{"alt_text":"","src":"https:\/\/i0.wp.com\/noticiasribeiraopreto.com.br\/wp-content\/uploads\/2024\/08\/WhatsApp-Image-2024-08-15-at-19.04.31_2024-08-15_22-04-45_jpeg_2024-08-15_22-04-45.webp.webp?fit=750%2C420&ssl=1&resize=350%2C200","width":350,"height":200,"srcset":"https:\/\/i0.wp.com\/noticiasribeiraopreto.com.br\/wp-content\/uploads\/2024\/08\/WhatsApp-Image-2024-08-15-at-19.04.31_2024-08-15_22-04-45_jpeg_2024-08-15_22-04-45.webp.webp?fit=750%2C420&ssl=1&resize=350%2C200 1x, https:\/\/i0.wp.com\/noticiasribeiraopreto.com.br\/wp-content\/uploads\/2024\/08\/WhatsApp-Image-2024-08-15-at-19.04.31_2024-08-15_22-04-45_jpeg_2024-08-15_22-04-45.webp.webp?fit=750%2C420&ssl=1&resize=525%2C300 1.5x, https:\/\/i0.wp.com\/noticiasribeiraopreto.com.br\/wp-content\/uploads\/2024\/08\/WhatsApp-Image-2024-08-15-at-19.04.31_2024-08-15_22-04-45_jpeg_2024-08-15_22-04-45.webp.webp?fit=750%2C420&ssl=1&resize=700%2C400 2x"},"classes":[]},{"id":70426,"url":"https:\/\/noticiasribeiraopreto.com.br\/index.php\/2025\/05\/26\/motorista-agride-passageiro-com-marteladas\/","url_meta":{"origin":9989,"position":5},"title":"Motorista agride passageiro com marteladas","author":"noticiasribeiraopreto.com.br","date":"26 de May de 2025","format":false,"excerpt":"Briga teria ocorrido por desentendimento no pagamento de corrida por aplicativo 26 de maio de 2025 10:4326 de maio de 2025 10:5510 Compartilhar2 Por: Adalberto Luque Um homem de 31 anos ficou gravemente ferido ao ser agredido por golpes de martelos, desferidos por um motorista de aplicativo de 45 anos,\u2026","rel":"","context":"In &quot;Not\u00edcias de Ribeir\u00e3o Preto-SP e Regi\u00e3o&quot;","block_context":{"text":"Not\u00edcias de Ribeir\u00e3o Preto-SP e Regi\u00e3o","link":"https:\/\/noticiasribeiraopreto.com.br\/index.php\/category\/noticias-de-ribeirao-preto-sp-e-regiao-ismael-colosi\/"},"img":{"alt_text":"","src":"https:\/\/i0.wp.com\/noticiasribeiraopreto.com.br\/wp-content\/uploads\/2025\/05\/26-mai-2026-brigaubermenor.jpg?fit=1200%2C675&ssl=1&resize=350%2C200","width":350,"height":200,"srcset":"https:\/\/i0.wp.com\/noticiasribeiraopreto.com.br\/wp-content\/uploads\/2025\/05\/26-mai-2026-brigaubermenor.jpg?fit=1200%2C675&ssl=1&resize=350%2C200 1x, https:\/\/i0.wp.com\/noticiasribeiraopreto.com.br\/wp-content\/uploads\/2025\/05\/26-mai-2026-brigaubermenor.jpg?fit=1200%2C675&ssl=1&resize=525%2C300 1.5x, https:\/\/i0.wp.com\/noticiasribeiraopreto.com.br\/wp-content\/uploads\/2025\/05\/26-mai-2026-brigaubermenor.jpg?fit=1200%2C675&ssl=1&resize=700%2C400 2x, https:\/\/i0.wp.com\/noticiasribeiraopreto.com.br\/wp-content\/uploads\/2025\/05\/26-mai-2026-brigaubermenor.jpg?fit=1200%2C675&ssl=1&resize=1050%2C600 3x"},"classes":[]}],"jetpack_sharing_enabled":true,"jetpack_shortlink":"https:\/\/wp.me\/peQAOb-2B7","_links":{"self":[{"href":"https:\/\/noticiasribeiraopreto.com.br\/index.php\/wp-json\/wp\/v2\/posts\/9989","targetHints":{"allow":["GET"]}}],"collection":[{"href":"https:\/\/noticiasribeiraopreto.com.br\/index.php\/wp-json\/wp\/v2\/posts"}],"about":[{"href":"https:\/\/noticiasribeiraopreto.com.br\/index.php\/wp-json\/wp\/v2\/types\/post"}],"author":[{"embeddable":true,"href":"https:\/\/noticiasribeiraopreto.com.br\/index.php\/wp-json\/wp\/v2\/users\/1"}],"replies":[{"embeddable":true,"href":"https:\/\/noticiasribeiraopreto.com.br\/index.php\/wp-json\/wp\/v2\/comments?post=9989"}],"version-history":[{"count":0,"href":"https:\/\/noticiasribeiraopreto.com.br\/index.php\/wp-json\/wp\/v2\/posts\/9989\/revisions"}],"wp:featuredmedia":[{"embeddable":true,"href":"https:\/\/noticiasribeiraopreto.com.br\/index.php\/wp-json\/wp\/v2\/media\/9990"}],"wp:attachment":[{"href":"https:\/\/noticiasribeiraopreto.com.br\/index.php\/wp-json\/wp\/v2\/media?parent=9989"}],"wp:term":[{"taxonomy":"category","embeddable":true,"href":"https:\/\/noticiasribeiraopreto.com.br\/index.php\/wp-json\/wp\/v2\/categories?post=9989"},{"taxonomy":"post_tag","embeddable":true,"href":"https:\/\/noticiasribeiraopreto.com.br\/index.php\/wp-json\/wp\/v2\/tags?post=9989"}],"curies":[{"name":"wp","href":"https:\/\/api.w.org\/{rel}","templated":true}]}}