{"id":9994,"date":"2023-12-03T12:16:39","date_gmt":"2023-12-03T15:16:39","guid":{"rendered":"https:\/\/noticiasribeiraopreto.com.br\/index.php\/2023\/12\/03\/anvisa-abre-consulta-publica-sobre-proibicao-de-cigarros-eletronicos\/"},"modified":"2023-12-03T12:16:39","modified_gmt":"2023-12-03T15:16:39","slug":"anvisa-abre-consulta-publica-sobre-proibicao-de-cigarros-eletronicos","status":"publish","type":"post","link":"https:\/\/noticiasribeiraopreto.com.br\/index.php\/2023\/12\/03\/anvisa-abre-consulta-publica-sobre-proibicao-de-cigarros-eletronicos\/","title":{"rendered":"Anvisa abre consulta p\u00fablica sobre proibi\u00e7\u00e3o de cigarros eletr\u00f4nicos"},"content":{"rendered":"<div class='code-block code-block-1' style='margin: 8px 0 8px auto; text-align: right; display: block; clear: both;'>\n<p><a href=\"https:\/\/wa.link\/vpicfd\"><img data-recalc-dims=\"1\" class=\"wp-image-4922\" style=\"aspect-ratio: 2.0253164556962027; width: 561px; height: auto;\" src=\"https:\/\/i0.wp.com\/ismaelcolosi.com.br\/wp-content\/uploads\/2023\/11\/grupo-de-empregos-whatsapp-e-facebook-ismael-colosi-vagas.jpg?ssl=1\" alt=\"\" \/><\/a><\/p>\n<!-- \/wp:image -->\n<\/div>\n<p> <br \/>\n<\/p>\n<div>\n<p>Em decis\u00e3o un\u00e2nime, a <a href=\"https:\/\/www.gov.br\/anvisa\/pt-br\" target=\"_blank\" rel=\"noopener\">Ag\u00eancia Nacional de Vigil\u00e2ncia Sanit\u00e1ria (Anvisa)<\/a> aprovou a abertura de uma consulta p\u00fablica para revisar a proibi\u00e7\u00e3o de cigarros <a href=\"https:\/\/catracalivre.com.br\/saude-bem-estar\/pulmao-perfurado-por-cigarro-eletronico\/\" target=\"_blank\" rel=\"noopener\">eletr\u00f4nicos<\/a> no Brasil. A consulta p\u00fablica ter\u00e1 60 dias de dura\u00e7\u00e3o e a sociedade civil poder\u00e1 participar enviando suas opini\u00f5es e sugest\u00f5es.<\/p>\n<div id=\"attachment_2253114\" class=\"wp-caption aligncenter\">\n<div class=\"d-flex justify-content-center\" data-attachment-id=\"2253114\">\n<div class=\"position-relative d-inline-block\"><img data-recalc-dims=\"1\" data-portal-copyright=\"Igor Ilkov\/istock\" fetchpriority=\"high\" decoding=\"async\" class=\"wp-image-2253114 size-full\" src=\"https:\/\/i0.wp.com\/catracalivre.com.br\/wp-content\/uploads\/2023\/02\/istock-1396683789.jpg?resize=1383%2C757&#038;ssl=1\" alt=\"Anvisa abre consulta p\u00fablica sobre proibi\u00e7\u00e3o de cigarros eletr\u00f4nicos\" width=\"1383\" height=\"757\" srcset=\"https:\/\/catracalivre.com.br\/wp-content\/uploads\/2023\/02\/istock-1396683789.jpg 1383w, https:\/\/catracalivre.com.br\/wp-content\/uploads\/2023\/02\/istock-1396683789-450x246.jpg 450w, https:\/\/catracalivre.com.br\/wp-content\/uploads\/2023\/02\/istock-1396683789-768x420.jpg 768w\" sizes=\"(max-width: 1383px) 100vw, 1383px\"\/><\/p>\n<p>Cr\u00e9ditos: Igor Ilkov\/istock<\/p>\n<\/div>\n<\/div>\n<p><span class=\"post-imagem__legenda\">Anvisa abre consulta p\u00fablica sobre proibi\u00e7\u00e3o de cigarros eletr\u00f4nicos<\/span><\/p>\n<\/div>\n<p>A decis\u00e3o da ag\u00eancia foi divulgada na \u00faltima sexta-feira (1\u00ba), depois de ouvir opini\u00f5es favor\u00e1veis e contr\u00e1rias \u00e0 regulamenta\u00e7\u00e3o dos cigarros eletr\u00f4nicos.<\/p>\n<p>A proibi\u00e7\u00e3o de cigarros eletr\u00f4nicos no Brasil est\u00e1 em vigor desde 2009.<\/p>\n<p>A consulta p\u00fablica \u00e9 uma importante oportunidade para que a sociedade civil expresse sua opini\u00e3o sobre o tema. Os resultados da consulta ser\u00e3o analisados pela Anvisa, que tomar\u00e1 uma decis\u00e3o final sobre a regulamenta\u00e7\u00e3o dos cigarros eletr\u00f4nicos no Brasil.<\/p>\n<h3>Sintomas da doen\u00e7a ligada ao \u201cvape\u201d<\/h3>\n<p>A doen\u00e7a respirat\u00f3ria relacionada o uso dos cigarros eletr\u00f4nicos em usu\u00e1rios nos Estados Unidos apresenta sintomas t\u00edpicos; tais como:<\/p>\n<ul>\n<li>Dificuldade respirat\u00f3ria<\/li>\n<li>Falta de ar<\/li>\n<li>Dor no peito<\/li>\n<\/ul>\n<p>Tamb\u00e9m houve relato de doen\u00e7a gastrointestinal leve a moderada, incluindo v\u00f4mitos e diarreia, e outros sintomas como febre ou fadiga. De acordo com um comunicado da Anvisa, em muitos casos, os pacientes descreveram um in\u00edcio gradual dos sintomas antes da hospitaliza\u00e7\u00e3o.<\/p>\n<h3>Como funcionam os cigarros eletr\u00f4nicos<\/h3>\n<div id=\"attachment_1770627\" class=\"wp-caption aligncenter\">\n<div class=\"d-flex justify-content-center\" data-attachment-id=\"1770627\">\n<div class=\"position-relative d-inline-block\"><img data-recalc-dims=\"1\" loading=\"lazy\" data-portal-copyright=\"HAZEMMKAMAL\/istock\" decoding=\"async\" class=\"wp-image-1770627\" src=\"https:\/\/i0.wp.com\/catracalivre.com.br\/wp-content\/uploads\/2019\/04\/cigarro-eletronico-2-910x659.jpg?resize=618%2C435&#038;ssl=1\" alt=\"Comercializa\u00e7\u00e3o de cigarros eletr\u00f4nicos no brasil \u00e9 proibida\" width=\"618\" height=\"435\"\/><\/p>\n<p>Cr\u00e9ditos: HAZEMMKAMAL\/istock<\/p>\n<\/div>\n<\/div>\n<p><span class=\"post-imagem__legenda\">Comercializa\u00e7\u00e3o de cigarros eletr\u00f4nicos no brasil \u00e9 proibida<\/span><\/p>\n<\/div>\n<p>Enquanto o cigarros comuns funcionam por combust\u00e3o, os dispositivos eletr\u00f4nicos em formato de caneta utilizam bateria para aquecer um l\u00edquido formado pela mistura de diversas subst\u00e2ncias prejudiciais, como o propileno, glicol e glicerol \u2013 al\u00e9m da nicotina l\u00edquida.\u00a0 Essas pequenas part\u00edculas, quando inaladas pelos usu\u00e1rios, chegam aos pulm\u00f5es, de acordo com explica\u00e7\u00e3o do Centro de Controle e Preven\u00e7\u00e3o de Doen\u00e7as (CDC) dos Estados Unidos.<\/p>\n<p>Embora o uso do cigarro eletr\u00f4nico n\u00e3o seja proibido no Brasil, sua comercializa\u00e7\u00e3o e propaganda s\u00e3o, de acordo com uma <a href=\"http:\/\/portal.anvisa.gov.br\/documents\/10181\/2718376\/RDC_46_2009_COMP.pdf\/2148a322-03ad-42c3-b5ba-718243bd1919\" target=\"_blank\" rel=\"noopener\">resolu\u00e7\u00e3o da Anvisa<\/a>.<\/p>\n<\/div>\n<p><script>\n\t\t! function(f, b, e, v, n, t, s) {\n\t\t\tif (f.fbq) return;\n\t\t\tn = f.fbq = function() {\n\t\t\t\tn.callMethod ?\n\t\t\t\t\tn.callMethod.apply(n, arguments) : n.queue.push(arguments)\n\t\t\t};\n\t\t\tif (!f._fbq) f._fbq = n;\n\t\t\tn.push = n;\n\t\t\tn.loaded = !0;\n\t\t\tn.version = '2.0';\n\t\t\tn.queue = [];\n\t\t\tt = b.createElement(e);\n\t\t\tt.async = !0;\n\t\t\tt.src = v;\n\t\t\ts = b.getElementsByTagName(e)[0];\n\t\t\ts.parentNode.insertBefore(t, s)\n\t\t}(window, document, 'script',\n\t\t\t'https:\/\/connect.facebook.net\/en_US\/fbevents.js');\n\t\tfbq('init', '338315473262380');\n\t\tfbq('track', 'PageView');\n\t<\/script><br \/>\n<br \/><br \/>\n<br \/><a href=\"https:\/\/catracalivre.com.br\/saude-bem-estar\/anvisa-cigarros-eletronicos\/\">Source link <\/a><\/p>\n<!-- CONTENT END 1 -->\n","protected":false},"excerpt":{"rendered":"<p>Em decis\u00e3o un\u00e2nime, a Ag\u00eancia Nacional de Vigil\u00e2ncia Sanit\u00e1ria (Anvisa) aprovou a abertura de uma consulta p\u00fablica para revisar a proibi\u00e7\u00e3o de cigarros eletr\u00f4nicos no&#8230;<\/p>\n","protected":false},"author":1,"featured_media":9995,"comment_status":"open","ping_status":"open","sticky":false,"template":"","format":"standard","meta":{"advanced_seo_description":"","jetpack_seo_html_title":"","jetpack_seo_noindex":false,"jetpack_post_was_ever_published":false,"_jetpack_newsletter_access":"","_jetpack_dont_email_post_to_subs":false,"_jetpack_newsletter_tier_id":0,"_jetpack_memberships_contains_paywalled_content":false,"_jetpack_memberships_contains_paid_content":false,"footnotes":"","jetpack_publicize_message":"","jetpack_publicize_feature_enabled":true,"jetpack_social_post_already_shared":true,"jetpack_social_options":{"image_generator_settings":{"template":"highway","default_image_id":0,"font":"","enabled":false},"version":2}},"categories":[19],"tags":[],"class_list":["post-9994","post","type-post","status-publish","format-standard","has-post-thumbnail","hentry","category-variedades"],"jetpack_publicize_connections":[],"jetpack_featured_media_url":"https:\/\/i0.wp.com\/noticiasribeiraopreto.com.br\/wp-content\/uploads\/2023\/12\/istock-1396683789.jpg?fit=1200%2C638&ssl=1","jetpack-related-posts":[{"id":13423,"url":"https:\/\/noticiasribeiraopreto.com.br\/index.php\/2023\/12\/10\/cortina-de-fumaca-anvisa-e-a-ineficacia-da-proibicao-de-cigarros-eletronicos\/","url_meta":{"origin":9994,"position":0},"title":"Cortina de fuma\u00e7a: Anvisa e a inefic\u00e1cia da proibi\u00e7\u00e3o de cigarros eletr\u00f4nicos\u00a0","author":"noticiasribeiraopreto.com.br","date":"10 de December de 2023","format":false,"excerpt":"Claudia de Lucca Mano*\u00a0A Diretoria Colegiada da Ag\u00eancia Nacional de Vigil\u00e2ncia Sanit\u00e1ria (Anvisa) decidiu, no \u00faltimo dia 1\u00b0 de dezembro, revisar a proibi\u00e7\u00e3o de dispositivos eletr\u00f4nicos para fumar. Desde 2009, a RDC 46 da Ag\u00eancia pro\u00edbe a comercializa\u00e7\u00e3o, a importa\u00e7\u00e3o e a propaganda de quaisquer dispositivos eletr\u00f4nicos para fumar, conhecidos\u2026","rel":"","context":"In &quot;Not\u00edcias de Ribeir\u00e3o Preto-SP e Regi\u00e3o&quot;","block_context":{"text":"Not\u00edcias de Ribeir\u00e3o Preto-SP e Regi\u00e3o","link":"https:\/\/noticiasribeiraopreto.com.br\/index.php\/category\/noticias-de-ribeirao-preto-sp-e-regiao-ismael-colosi\/"},"img":{"alt_text":"","src":"https:\/\/i0.wp.com\/noticiasribeiraopreto.com.br\/wp-content\/uploads\/2023\/12\/Claudia-de-Lucca-Mano-scaled.jpg?fit=516%2C645&ssl=1&resize=350%2C200","width":350,"height":200},"classes":[]},{"id":10541,"url":"https:\/\/noticiasribeiraopreto.com.br\/index.php\/2023\/12\/04\/anvisa-aprova-consulta-publica-sobre-proibicao-de-cigarro-eletronico\/","url_meta":{"origin":9994,"position":1},"title":"Anvisa aprova consulta p\u00fablica sobre proibi\u00e7\u00e3o de cigarro eletr\u00f4nico \u2013 Folha de Ribeir\u00e3o","author":"noticiasribeiraopreto.com.br","date":"4 de December de 2023","format":false,"excerpt":"A diretoria colegiada da Ag\u00eancia Nacional de Vigil\u00e2ncia Sanit\u00e1ria (Anvisa)\u00a0aprovou, por unanimidade, nesta sexta-feira (1\u00ba) a abertura de uma proposta de consulta p\u00fablica para revisar a proibi\u00e7\u00e3o de cigarros eletr\u00f4nicos no Brasil. Desde 2009, uma resolu\u00e7\u00e3o da entidade pro\u00edbe a fabrica\u00e7\u00e3o, a comercializa\u00e7\u00e3o, a importa\u00e7\u00e3o e a propaganda de dispositivos\u2026","rel":"","context":"In &quot;Not\u00edcias de Ribeir\u00e3o Preto-SP e Regi\u00e3o&quot;","block_context":{"text":"Not\u00edcias de Ribeir\u00e3o Preto-SP e Regi\u00e3o","link":"https:\/\/noticiasribeiraopreto.com.br\/index.php\/category\/noticias-de-ribeirao-preto-sp-e-regiao-ismael-colosi\/"},"img":{"alt_text":"","src":"","width":0,"height":0},"classes":[]},{"id":13531,"url":"https:\/\/noticiasribeiraopreto.com.br\/index.php\/2023\/12\/10\/cigarro-eletronico-em-discussao\/","url_meta":{"origin":9994,"position":2},"title":"Cigarro eletr\u00f4nico em discuss\u00e3o &#8211; Jornal Tribuna Ribeir\u00e3o","author":"noticiasribeiraopreto.com.br","date":"10 de December de 2023","format":false,"excerpt":"A Ag\u00eancia Nacional de Vigil\u00e2ncia Sanit\u00e1ria vai realizar consulta p\u00fablica para revisar a proibi\u00e7\u00e3o de cigarros eletr\u00f4nicos no Brasil. Desde 2009, uma resolu\u00e7\u00e3o da entidade pro\u00edbe a fabrica\u00e7\u00e3o, a comercializa\u00e7\u00e3o, a importa\u00e7\u00e3o e a propaganda de dispositivos eletr\u00f4nicos para fumar, popularmente conhecidos como vape.\u00a0\u00a0De acordo com a decis\u00e3o a sociedade\u2026","rel":"","context":"In &quot;Not\u00edcias de Ribeir\u00e3o Preto-SP e Regi\u00e3o&quot;","block_context":{"text":"Not\u00edcias de Ribeir\u00e3o Preto-SP e Regi\u00e3o","link":"https:\/\/noticiasribeiraopreto.com.br\/index.php\/category\/noticias-de-ribeirao-preto-sp-e-regiao-ismael-colosi\/"},"img":{"alt_text":"","src":"https:\/\/i0.wp.com\/noticiasribeiraopreto.com.br\/wp-content\/uploads\/2023\/12\/1-vape-2.png?fit=986%2C645&ssl=1&resize=350%2C200","width":350,"height":200,"srcset":"https:\/\/i0.wp.com\/noticiasribeiraopreto.com.br\/wp-content\/uploads\/2023\/12\/1-vape-2.png?fit=986%2C645&ssl=1&resize=350%2C200 1x, https:\/\/i0.wp.com\/noticiasribeiraopreto.com.br\/wp-content\/uploads\/2023\/12\/1-vape-2.png?fit=986%2C645&ssl=1&resize=525%2C300 1.5x, https:\/\/i0.wp.com\/noticiasribeiraopreto.com.br\/wp-content\/uploads\/2023\/12\/1-vape-2.png?fit=986%2C645&ssl=1&resize=700%2C400 2x"},"classes":[]},{"id":84408,"url":"https:\/\/noticiasribeiraopreto.com.br\/index.php\/2026\/04\/09\/homem-e-preso-em-predio-de-luxo-com-cigarros-eletronicos\/","url_meta":{"origin":9994,"position":3},"title":"Homem \u00e9 preso em pr\u00e9dio de luxo com cigarros eletr\u00f4nicos","author":"noticiasribeiraopreto.com.br","date":"9 de April de 2026","format":false,"excerpt":"| Por: Alfredo Risk e Adalberto Luque | Um homem foi preso, na manh\u00e3 desta quinta-feira (9), ao ser flagrado com uma grande quantidade de cigarros eletr\u00f4nicos. A pris\u00e3o ocorreu em um pr\u00e9dio da rua Elzira Sammarco Palma, pr\u00f3ximo \u00e0 avenida Jo\u00e3o Fi\u00faza, no Jardim Santa Angela, zona Sul de\u2026","rel":"","context":"In &quot;Not\u00edcias de Ribeir\u00e3o Preto-SP e Regi\u00e3o&quot;","block_context":{"text":"Not\u00edcias de Ribeir\u00e3o Preto-SP e Regi\u00e3o","link":"https:\/\/noticiasribeiraopreto.com.br\/index.php\/category\/noticias-de-ribeirao-preto-sp-e-regiao-ismael-colosi\/"},"img":{"alt_text":"","src":"https:\/\/i0.wp.com\/noticiasribeiraopreto.com.br\/wp-content\/uploads\/2026\/04\/09-abr-2026-contrabandistafiuza1-scaled.jpg?fit=1037%2C780&ssl=1&resize=350%2C200","width":350,"height":200,"srcset":"https:\/\/i0.wp.com\/noticiasribeiraopreto.com.br\/wp-content\/uploads\/2026\/04\/09-abr-2026-contrabandistafiuza1-scaled.jpg?fit=1037%2C780&ssl=1&resize=350%2C200 1x, https:\/\/i0.wp.com\/noticiasribeiraopreto.com.br\/wp-content\/uploads\/2026\/04\/09-abr-2026-contrabandistafiuza1-scaled.jpg?fit=1037%2C780&ssl=1&resize=525%2C300 1.5x, https:\/\/i0.wp.com\/noticiasribeiraopreto.com.br\/wp-content\/uploads\/2026\/04\/09-abr-2026-contrabandistafiuza1-scaled.jpg?fit=1037%2C780&ssl=1&resize=700%2C400 2x"},"classes":[]},{"id":63859,"url":"https:\/\/noticiasribeiraopreto.com.br\/index.php\/2025\/02\/24\/pf-prende-homem-por-contrabando-de-cigarros-eletronicos-em-ribeirao-preto\/","url_meta":{"origin":9994,"position":4},"title":"PF prende homem por contrabando de cigarros eletr\u00f4nicos em Ribeir\u00e3o Preto","author":"noticiasribeiraopreto.com.br","date":"24 de February de 2025","format":false,"excerpt":"A PF (Pol\u00edcia Federal) prendeu um homem nesta segunda-feira (24), em Ribeir\u00e3o Preto, por contrabando de cigarros eletr\u00f4nicos, os chamados vapes. A pris\u00e3o em flagrante ocorreu durante a opera\u00e7\u00e3o Fumo Off. Segundo a PF, ao cumprir mandado de buscas e apreens\u00e3o, os agentes encontraram uma quantidade de vapes na resid\u00eancia\u2026","rel":"","context":"In &quot;Not\u00edcias de Ribeir\u00e3o Preto-SP e Regi\u00e3o&quot;","block_context":{"text":"Not\u00edcias de Ribeir\u00e3o Preto-SP e Regi\u00e3o","link":"https:\/\/noticiasribeiraopreto.com.br\/index.php\/category\/noticias-de-ribeirao-preto-sp-e-regiao-ismael-colosi\/"},"img":{"alt_text":"","src":"https:\/\/i0.wp.com\/noticiasribeiraopreto.com.br\/wp-content\/uploads\/2025\/02\/POLICIA-FEDERAL_2025-02-24_14-17-19_jpg_2025-02-24_14-17-19.webp.webp?fit=1200%2C778&ssl=1&resize=350%2C200","width":350,"height":200,"srcset":"https:\/\/i0.wp.com\/noticiasribeiraopreto.com.br\/wp-content\/uploads\/2025\/02\/POLICIA-FEDERAL_2025-02-24_14-17-19_jpg_2025-02-24_14-17-19.webp.webp?fit=1200%2C778&ssl=1&resize=350%2C200 1x, https:\/\/i0.wp.com\/noticiasribeiraopreto.com.br\/wp-content\/uploads\/2025\/02\/POLICIA-FEDERAL_2025-02-24_14-17-19_jpg_2025-02-24_14-17-19.webp.webp?fit=1200%2C778&ssl=1&resize=525%2C300 1.5x, https:\/\/i0.wp.com\/noticiasribeiraopreto.com.br\/wp-content\/uploads\/2025\/02\/POLICIA-FEDERAL_2025-02-24_14-17-19_jpg_2025-02-24_14-17-19.webp.webp?fit=1200%2C778&ssl=1&resize=700%2C400 2x, https:\/\/i0.wp.com\/noticiasribeiraopreto.com.br\/wp-content\/uploads\/2025\/02\/POLICIA-FEDERAL_2025-02-24_14-17-19_jpg_2025-02-24_14-17-19.webp.webp?fit=1200%2C778&ssl=1&resize=1050%2C600 3x"},"classes":[]},{"id":57858,"url":"https:\/\/noticiasribeiraopreto.com.br\/index.php\/2024\/09\/12\/receita-federal-apreende-mais-de-110-kg-de-cigarros-eletronicos-em-ribeirao\/","url_meta":{"origin":9994,"position":5},"title":"Receita Federal apreende mais de 110 kg de cigarros eletr\u00f4nicos em Ribeir\u00e3o","author":"noticiasribeiraopreto.com.br","date":"12 de September de 2024","format":false,"excerpt":"A Equipe de Vigil\u00e2ncia e Repress\u00e3o (EVR) da Receita Federal, em Ribeir\u00e3o Preto, apreendeu na quarta-feira (11), mais de 110 kg de cigarros eletr\u00f4nicos. A produ\u00e7\u00e3o e comercializa\u00e7\u00e3o desses produtos \u00e9 proibida pela Ag\u00eancia Nacional de Vigil\u00e2ncia Sanit\u00e1ria (Anvisa). A opera\u00e7\u00e3o aconteceu em uma transportadora de Ribeir\u00e3o Preto. Foram apreendidos\u2026","rel":"","context":"In &quot;Not\u00edcias de Ribeir\u00e3o Preto-SP e Regi\u00e3o&quot;","block_context":{"text":"Not\u00edcias de Ribeir\u00e3o Preto-SP e Regi\u00e3o","link":"https:\/\/noticiasribeiraopreto.com.br\/index.php\/category\/noticias-de-ribeirao-preto-sp-e-regiao-ismael-colosi\/"},"img":{"alt_text":"","src":"https:\/\/i0.wp.com\/noticiasribeiraopreto.com.br\/wp-content\/uploads\/2024\/09\/Copia-de-Copia-de-Copia-de-TAMANHO-EXATO-PARA-FOTOS-NO-SISTEMA-NOVO-13_2024-09-12_13-44-45_png_2024-09-12_13-44-45.webp.webp?fit=1200%2C675&ssl=1&resize=350%2C200","width":350,"height":200,"srcset":"https:\/\/i0.wp.com\/noticiasribeiraopreto.com.br\/wp-content\/uploads\/2024\/09\/Copia-de-Copia-de-Copia-de-TAMANHO-EXATO-PARA-FOTOS-NO-SISTEMA-NOVO-13_2024-09-12_13-44-45_png_2024-09-12_13-44-45.webp.webp?fit=1200%2C675&ssl=1&resize=350%2C200 1x, https:\/\/i0.wp.com\/noticiasribeiraopreto.com.br\/wp-content\/uploads\/2024\/09\/Copia-de-Copia-de-Copia-de-TAMANHO-EXATO-PARA-FOTOS-NO-SISTEMA-NOVO-13_2024-09-12_13-44-45_png_2024-09-12_13-44-45.webp.webp?fit=1200%2C675&ssl=1&resize=525%2C300 1.5x, https:\/\/i0.wp.com\/noticiasribeiraopreto.com.br\/wp-content\/uploads\/2024\/09\/Copia-de-Copia-de-Copia-de-TAMANHO-EXATO-PARA-FOTOS-NO-SISTEMA-NOVO-13_2024-09-12_13-44-45_png_2024-09-12_13-44-45.webp.webp?fit=1200%2C675&ssl=1&resize=700%2C400 2x, https:\/\/i0.wp.com\/noticiasribeiraopreto.com.br\/wp-content\/uploads\/2024\/09\/Copia-de-Copia-de-Copia-de-TAMANHO-EXATO-PARA-FOTOS-NO-SISTEMA-NOVO-13_2024-09-12_13-44-45_png_2024-09-12_13-44-45.webp.webp?fit=1200%2C675&ssl=1&resize=1050%2C600 3x"},"classes":[]}],"jetpack_sharing_enabled":true,"jetpack_shortlink":"https:\/\/wp.me\/peQAOb-2Bc","_links":{"self":[{"href":"https:\/\/noticiasribeiraopreto.com.br\/index.php\/wp-json\/wp\/v2\/posts\/9994","targetHints":{"allow":["GET"]}}],"collection":[{"href":"https:\/\/noticiasribeiraopreto.com.br\/index.php\/wp-json\/wp\/v2\/posts"}],"about":[{"href":"https:\/\/noticiasribeiraopreto.com.br\/index.php\/wp-json\/wp\/v2\/types\/post"}],"author":[{"embeddable":true,"href":"https:\/\/noticiasribeiraopreto.com.br\/index.php\/wp-json\/wp\/v2\/users\/1"}],"replies":[{"embeddable":true,"href":"https:\/\/noticiasribeiraopreto.com.br\/index.php\/wp-json\/wp\/v2\/comments?post=9994"}],"version-history":[{"count":0,"href":"https:\/\/noticiasribeiraopreto.com.br\/index.php\/wp-json\/wp\/v2\/posts\/9994\/revisions"}],"wp:featuredmedia":[{"embeddable":true,"href":"https:\/\/noticiasribeiraopreto.com.br\/index.php\/wp-json\/wp\/v2\/media\/9995"}],"wp:attachment":[{"href":"https:\/\/noticiasribeiraopreto.com.br\/index.php\/wp-json\/wp\/v2\/media?parent=9994"}],"wp:term":[{"taxonomy":"category","embeddable":true,"href":"https:\/\/noticiasribeiraopreto.com.br\/index.php\/wp-json\/wp\/v2\/categories?post=9994"},{"taxonomy":"post_tag","embeddable":true,"href":"https:\/\/noticiasribeiraopreto.com.br\/index.php\/wp-json\/wp\/v2\/tags?post=9994"}],"curies":[{"name":"wp","href":"https:\/\/api.w.org\/{rel}","templated":true}]}}